{"id":327387,"date":"2023-09-25T09:13:00","date_gmt":"2023-09-25T12:13:00","guid":{"rendered":"https:\/\/jundiai.sp.gov.br\/noticias\/?p=327387"},"modified":"2023-09-22T15:13:07","modified_gmt":"2023-09-22T18:13:07","slug":"musica-historias-de-setembro-comemora-os-65-anos-da-bossa-nova","status":"publish","type":"post","link":"https:\/\/jundiai.sp.gov.br\/noticias\/2023\/09\/25\/musica-historias-de-setembro-comemora-os-65-anos-da-bossa-nova\/","title":{"rendered":"M\u00fasica &amp; Hist\u00f3rias de setembro comemora os 65 anos da Bossa Nova"},"content":{"rendered":"\n<p>O ritmo musical que consagrou nomes como Tom Jobim, Vinicius de Moraes e Elis Regina ser\u00e1 o tema da edi\u00e7\u00e3o de setembro do M\u00fasica &amp; Hist\u00f3rias da Unidade de Gest\u00e3o de Cultura (UGC). \u201cBossa Cada Vez Mais Nova\u201d \u00e9 o tema da vez no palco do Teatro Polytheama durante o espet\u00e1culo marcado para a pr\u00f3xima quinta-feira (28), \u00e0s 19h30.<\/p>\n\n\n\n<p>\u201cO M\u00fasica &amp; Hist\u00f3rias deste m\u00eas ir\u00e1 comemorar os 65 anos deste estilo musical que foi tamb\u00e9m um movimento cultural importante para o Brasil durante o s\u00e9culo 20. E como j\u00e1 \u00e9 um tra\u00e7o muito apreciado pelo p\u00fablico, a programa\u00e7\u00e3o ir\u00e1 reunir no palco do teatro artistas da Dan\u00e7a, da M\u00fasica e do Teatro, todos inscritos no Cadastro de Artistas da Unidade\u201d, comentou o diretor do Departamento de Cultura da UGC, Jo\u00e3o Carlos De Luca.<\/p>\n\n\n\n<figure class=\"wp-block-image size-large\"><img loading=\"lazy\" decoding=\"async\" width=\"1280\" height=\"854\" src=\"https:\/\/jundiai.sp.gov.br\/noticias\/wp-content\/uploads\/sites\/32\/2023\/09\/musica_historias_teatro_polytheama-1-1280x854.jpg\" alt=\"\" class=\"wp-image-327388\" srcset=\"https:\/\/jundiai.sp.gov.br\/noticias\/wp-content\/uploads\/sites\/32\/2023\/09\/musica_historias_teatro_polytheama-1-1280x854.jpg 1280w, https:\/\/jundiai.sp.gov.br\/noticias\/wp-content\/uploads\/sites\/32\/2023\/09\/musica_historias_teatro_polytheama-1-300x200.jpg 300w, https:\/\/jundiai.sp.gov.br\/noticias\/wp-content\/uploads\/sites\/32\/2023\/09\/musica_historias_teatro_polytheama-1-768x512.jpg 768w, https:\/\/jundiai.sp.gov.br\/noticias\/wp-content\/uploads\/sites\/32\/2023\/09\/musica_historias_teatro_polytheama-1-1536x1024.jpg 1536w, https:\/\/jundiai.sp.gov.br\/noticias\/wp-content\/uploads\/sites\/32\/2023\/09\/musica_historias_teatro_polytheama-1-450x300.jpg 450w, https:\/\/jundiai.sp.gov.br\/noticias\/wp-content\/uploads\/sites\/32\/2023\/09\/musica_historias_teatro_polytheama-1.jpg 1900w\" sizes=\"auto, (max-width: 1280px) 100vw, 1280px\" \/><figcaption class=\"wp-element-caption\">Edi\u00e7\u00e3o de setembro do M\u00fasica &amp; Hist\u00f3rias ser\u00e1 uma homenagem pelos 65 anos da Bossa Nova<\/figcaption><\/figure>\n\n\n\n<p>Para esta edi\u00e7\u00e3o, o repert\u00f3rio musical ficar\u00e1 a cargo de Shirley Esp\u00edndola (voz), Cah\u00ea Boldrini (contrabaixo), D\u00f4 de Carvalho (saxofone e flauta), Renato Lanza (bateria), Sandro Rosa (guitarra e viol\u00e3o) e Thiago Louren\u00e7o (piano).<\/p>\n\n\n\n<p>J\u00e1 o elenco teatral desta vez ser\u00e1 com a Atuar\u00e1 Escola de Teatro, sob a dire\u00e7\u00e3o de T\u00e1bata Makowiski, ser\u00e1 composto por Gabriela Moreira, Iara Malta, Igor Jorge, J\u00falia Jorge, Manuela Pfundstein, Maria Eduarda Braga, Maria Eduarda Nhoqui, Ol\u00edvia Ribeiro, Pietro Pequini e Safira Valle.<\/p>\n\n\n\n<p>E a Dan\u00e7a ficar\u00e1 por conta dos bailarinos da IOA Escola de Dan\u00e7a, que se apresentam sob a dire\u00e7\u00e3o de Luana Esp\u00edndola. O elenco desta apresenta\u00e7\u00e3o ter\u00e1 Alice F\u00e9lix, Bia Peroni, Gabriela Faria, Isabella Romero, Maria Eduarda Souza, Marina Bueno, Marina Caffagni, Melissa Contesini e Ol\u00edvia Rodrigues.<\/p>\n\n\n\n<p>Esta edi\u00e7\u00e3o contar\u00e1 ainda com tradu\u00e7\u00e3o simult\u00e2nea em L\u00edngua Brasileira de Sinais (Libras).<\/p>\n\n\n\n<p>A distribui\u00e7\u00e3o dos ingressos gratuitos para o espet\u00e1culo come\u00e7a \u00e0s 10h30 desta quarta-feira (27), tanto na bilheteria do Teatro quanto <a href=\"https:\/\/bileto.sympla.com.br\/event\/86526\/d\/214481\/s\/1446285\" target=\"_blank\" rel=\"noreferrer noopener\">pela internet, por meio da plataforma Sympla<\/a>. Cada interessado pode retirar at\u00e9 dois ingressos.<\/p>\n\n\n\n<p>O Teatro Polytheama fica na rua Bar\u00e3o de Jundia\u00ed, 176 \u2013 Centro. Mais informa\u00e7\u00f5es pelo telefone 4586-2472.<\/p>\n\n\n\n<figure class=\"wp-block-gallery has-nested-images columns-4 is-cropped wp-block-gallery-1 is-layout-flex wp-block-gallery-is-layout-flex\">\n<figure class=\"wp-block-image size-large\"><a href=\"https:\/\/jundiai.sp.gov.br\/noticias\/wp-content\/uploads\/sites\/32\/2023\/09\/shirley_espindola_1.jpg\"><img loading=\"lazy\" decoding=\"async\" width=\"400\" height=\"400\" data-id=\"327393\" src=\"https:\/\/jundiai.sp.gov.br\/noticias\/wp-content\/uploads\/sites\/32\/2023\/09\/shirley_espindola_1.jpg\" alt=\"\" class=\"wp-image-327393\" srcset=\"https:\/\/jundiai.sp.gov.br\/noticias\/wp-content\/uploads\/sites\/32\/2023\/09\/shirley_espindola_1.jpg 400w, https:\/\/jundiai.sp.gov.br\/noticias\/wp-content\/uploads\/sites\/32\/2023\/09\/shirley_espindola_1-300x300.jpg 300w, https:\/\/jundiai.sp.gov.br\/noticias\/wp-content\/uploads\/sites\/32\/2023\/09\/shirley_espindola_1-100x100.jpg 100w\" sizes=\"auto, (max-width: 400px) 100vw, 400px\" \/><\/a><figcaption class=\"wp-element-caption\">Shirley Esp\u00edndola (voz)<\/figcaption><\/figure>\n\n\n\n<figure class=\"wp-block-image size-large\"><a href=\"https:\/\/jundiai.sp.gov.br\/noticias\/wp-content\/uploads\/sites\/32\/2023\/09\/cahe_boldrini_1-1.jpg\"><img loading=\"lazy\" decoding=\"async\" width=\"400\" height=\"400\" data-id=\"327397\" src=\"https:\/\/jundiai.sp.gov.br\/noticias\/wp-content\/uploads\/sites\/32\/2023\/09\/cahe_boldrini_1-1.jpg\" alt=\"\" class=\"wp-image-327397\" srcset=\"https:\/\/jundiai.sp.gov.br\/noticias\/wp-content\/uploads\/sites\/32\/2023\/09\/cahe_boldrini_1-1.jpg 400w, https:\/\/jundiai.sp.gov.br\/noticias\/wp-content\/uploads\/sites\/32\/2023\/09\/cahe_boldrini_1-1-300x300.jpg 300w, https:\/\/jundiai.sp.gov.br\/noticias\/wp-content\/uploads\/sites\/32\/2023\/09\/cahe_boldrini_1-1-100x100.jpg 100w\" sizes=\"auto, (max-width: 400px) 100vw, 400px\" \/><\/a><figcaption class=\"wp-element-caption\">Cah\u00ea Boldrini (contrabaixo)<\/figcaption><\/figure>\n\n\n\n<figure class=\"wp-block-image size-large\"><a href=\"https:\/\/jundiai.sp.gov.br\/noticias\/wp-content\/uploads\/sites\/32\/2023\/09\/do_carvalho_1.jpg\"><img loading=\"lazy\" decoding=\"async\" width=\"400\" height=\"400\" data-id=\"327394\" src=\"https:\/\/jundiai.sp.gov.br\/noticias\/wp-content\/uploads\/sites\/32\/2023\/09\/do_carvalho_1.jpg\" alt=\"\" class=\"wp-image-327394\" srcset=\"https:\/\/jundiai.sp.gov.br\/noticias\/wp-content\/uploads\/sites\/32\/2023\/09\/do_carvalho_1.jpg 400w, https:\/\/jundiai.sp.gov.br\/noticias\/wp-content\/uploads\/sites\/32\/2023\/09\/do_carvalho_1-300x300.jpg 300w, https:\/\/jundiai.sp.gov.br\/noticias\/wp-content\/uploads\/sites\/32\/2023\/09\/do_carvalho_1-100x100.jpg 100w\" sizes=\"auto, (max-width: 400px) 100vw, 400px\" \/><\/a><figcaption class=\"wp-element-caption\">D\u00f4 de Carvalho (saxofone e flauta)<\/figcaption><\/figure>\n\n\n\n<figure class=\"wp-block-image size-large\"><a href=\"https:\/\/jundiai.sp.gov.br\/noticias\/wp-content\/uploads\/sites\/32\/2023\/09\/renato_lanza_1.jpg\"><img loading=\"lazy\" decoding=\"async\" width=\"400\" height=\"400\" data-id=\"327392\" src=\"https:\/\/jundiai.sp.gov.br\/noticias\/wp-content\/uploads\/sites\/32\/2023\/09\/renato_lanza_1.jpg\" alt=\"\" class=\"wp-image-327392\" srcset=\"https:\/\/jundiai.sp.gov.br\/noticias\/wp-content\/uploads\/sites\/32\/2023\/09\/renato_lanza_1.jpg 400w, https:\/\/jundiai.sp.gov.br\/noticias\/wp-content\/uploads\/sites\/32\/2023\/09\/renato_lanza_1-300x300.jpg 300w, https:\/\/jundiai.sp.gov.br\/noticias\/wp-content\/uploads\/sites\/32\/2023\/09\/renato_lanza_1-100x100.jpg 100w\" sizes=\"auto, (max-width: 400px) 100vw, 400px\" \/><\/a><figcaption class=\"wp-element-caption\">Renato Lanza (bateria)<\/figcaption><\/figure>\n\n\n\n<figure class=\"wp-block-image size-large\"><a href=\"https:\/\/jundiai.sp.gov.br\/noticias\/wp-content\/uploads\/sites\/32\/2023\/09\/sandro_rosa_1-1.jpg\"><img loading=\"lazy\" decoding=\"async\" width=\"400\" height=\"400\" data-id=\"327401\" src=\"https:\/\/jundiai.sp.gov.br\/noticias\/wp-content\/uploads\/sites\/32\/2023\/09\/sandro_rosa_1-1.jpg\" alt=\"\" class=\"wp-image-327401\" srcset=\"https:\/\/jundiai.sp.gov.br\/noticias\/wp-content\/uploads\/sites\/32\/2023\/09\/sandro_rosa_1-1.jpg 400w, https:\/\/jundiai.sp.gov.br\/noticias\/wp-content\/uploads\/sites\/32\/2023\/09\/sandro_rosa_1-1-300x300.jpg 300w, https:\/\/jundiai.sp.gov.br\/noticias\/wp-content\/uploads\/sites\/32\/2023\/09\/sandro_rosa_1-1-100x100.jpg 100w\" sizes=\"auto, (max-width: 400px) 100vw, 400px\" \/><\/a><figcaption class=\"wp-element-caption\">Sandro Rosa (guitarra e viol\u00e3o)<\/figcaption><\/figure>\n\n\n\n<figure class=\"wp-block-image size-large\"><a href=\"https:\/\/jundiai.sp.gov.br\/noticias\/wp-content\/uploads\/sites\/32\/2023\/09\/thiago_lourenco_1.jpg\"><img loading=\"lazy\" decoding=\"async\" width=\"400\" height=\"400\" data-id=\"327395\" src=\"https:\/\/jundiai.sp.gov.br\/noticias\/wp-content\/uploads\/sites\/32\/2023\/09\/thiago_lourenco_1.jpg\" alt=\"\" class=\"wp-image-327395\" srcset=\"https:\/\/jundiai.sp.gov.br\/noticias\/wp-content\/uploads\/sites\/32\/2023\/09\/thiago_lourenco_1.jpg 400w, https:\/\/jundiai.sp.gov.br\/noticias\/wp-content\/uploads\/sites\/32\/2023\/09\/thiago_lourenco_1-300x300.jpg 300w, https:\/\/jundiai.sp.gov.br\/noticias\/wp-content\/uploads\/sites\/32\/2023\/09\/thiago_lourenco_1-100x100.jpg 100w\" sizes=\"auto, (max-width: 400px) 100vw, 400px\" \/><\/a><figcaption class=\"wp-element-caption\">Thiago Louren\u00e7o (piano)<\/figcaption><\/figure>\n\n\n\n<figure class=\"wp-block-image size-large\"><a href=\"https:\/\/jundiai.sp.gov.br\/noticias\/wp-content\/uploads\/sites\/32\/2023\/09\/atuara_1.jpg\"><img loading=\"lazy\" decoding=\"async\" width=\"400\" height=\"400\" data-id=\"327396\" src=\"https:\/\/jundiai.sp.gov.br\/noticias\/wp-content\/uploads\/sites\/32\/2023\/09\/atuara_1.jpg\" alt=\"\" class=\"wp-image-327396\" srcset=\"https:\/\/jundiai.sp.gov.br\/noticias\/wp-content\/uploads\/sites\/32\/2023\/09\/atuara_1.jpg 400w, https:\/\/jundiai.sp.gov.br\/noticias\/wp-content\/uploads\/sites\/32\/2023\/09\/atuara_1-300x300.jpg 300w, https:\/\/jundiai.sp.gov.br\/noticias\/wp-content\/uploads\/sites\/32\/2023\/09\/atuara_1-100x100.jpg 100w\" sizes=\"auto, (max-width: 400px) 100vw, 400px\" \/><\/a><figcaption class=\"wp-element-caption\">Atuar\u00e1 Escola de Teatro<\/figcaption><\/figure>\n\n\n\n<figure class=\"wp-block-image size-large\"><a href=\"https:\/\/jundiai.sp.gov.br\/noticias\/wp-content\/uploads\/sites\/32\/2023\/09\/ioa_1-3.jpg\"><img decoding=\"async\" data-id=\"327400\" src=\"https:\/\/jundiai.sp.gov.br\/noticias\/wp-content\/uploads\/sites\/32\/2023\/09\/ioa_1-3.jpg\" alt=\"\" class=\"wp-image-327400\"\/><\/a><figcaption class=\"wp-element-caption\">IOA Escola de Dan\u00e7a<\/figcaption><\/figure>\n<\/figure>\n\n\n\n<p><strong>Assessoria de Imprensa<br>Fotos: Fot\u00f3grafos PMJ e Divulga\u00e7\u00e3o<\/strong><\/p>\n","protected":false},"excerpt":{"rendered":"<p>O ritmo musical que consagrou nomes como Tom Jobim, Vinicius de Moraes e Elis Regina ser\u00e1 o tema da edi\u00e7\u00e3o de setembro do M\u00fasica &amp; Hist\u00f3rias da Unidade de Gest\u00e3o de Cultura (UGC). \u201cBossa Cada Vez Mais Nova\u201d \u00e9 o tema da vez no palco do Teatro Polytheama durante o espet\u00e1culo marcado para a pr\u00f3xima [&hellip;]<\/p>\n","protected":false},"author":14,"featured_media":327388,"comment_status":"closed","ping_status":"0","sticky":false,"template":"","format":"standard","meta":{"footnotes":""},"categories":[2],"tags":[29,439,399,2276,400,98],"ods":[],"class_list":["post-327387","post","type-post","status-publish","format-standard","has-post-thumbnail","hentry","category-noticias","tag-cultura","tag-danca","tag-musica","tag-musica-historias","tag-teatro","tag-teatro-polytheama"],"_links":{"self":[{"href":"https:\/\/jundiai.sp.gov.br\/noticias\/wp-json\/wp\/v2\/posts\/327387","targetHints":{"allow":["GET"]}}],"collection":[{"href":"https:\/\/jundiai.sp.gov.br\/noticias\/wp-json\/wp\/v2\/posts"}],"about":[{"href":"https:\/\/jundiai.sp.gov.br\/noticias\/wp-json\/wp\/v2\/types\/post"}],"author":[{"embeddable":true,"href":"https:\/\/jundiai.sp.gov.br\/noticias\/wp-json\/wp\/v2\/users\/14"}],"replies":[{"embeddable":true,"href":"https:\/\/jundiai.sp.gov.br\/noticias\/wp-json\/wp\/v2\/comments?post=327387"}],"version-history":[{"count":5,"href":"https:\/\/jundiai.sp.gov.br\/noticias\/wp-json\/wp\/v2\/posts\/327387\/revisions"}],"predecessor-version":[{"id":327443,"href":"https:\/\/jundiai.sp.gov.br\/noticias\/wp-json\/wp\/v2\/posts\/327387\/revisions\/327443"}],"wp:featuredmedia":[{"embeddable":true,"href":"https:\/\/jundiai.sp.gov.br\/noticias\/wp-json\/wp\/v2\/media\/327388"}],"wp:attachment":[{"href":"https:\/\/jundiai.sp.gov.br\/noticias\/wp-json\/wp\/v2\/media?parent=327387"}],"wp:term":[{"taxonomy":"category","embeddable":true,"href":"https:\/\/jundiai.sp.gov.br\/noticias\/wp-json\/wp\/v2\/categories?post=327387"},{"taxonomy":"post_tag","embeddable":true,"href":"https:\/\/jundiai.sp.gov.br\/noticias\/wp-json\/wp\/v2\/tags?post=327387"},{"taxonomy":"ods","embeddable":true,"href":"https:\/\/jundiai.sp.gov.br\/noticias\/wp-json\/wp\/v2\/ods?post=327387"}],"curies":[{"name":"wp","href":"https:\/\/api.w.org\/{rel}","templated":true}]}}