{"id":327448,"date":"2023-09-22T17:59:19","date_gmt":"2023-09-22T20:59:19","guid":{"rendered":"https:\/\/jundiai.sp.gov.br\/noticias\/?p=327448"},"modified":"2023-09-22T17:59:19","modified_gmt":"2023-09-22T20:59:19","slug":"mes-do-suas-minicurso-aborda-a-importancia-do-territorio","status":"publish","type":"post","link":"https:\/\/jundiai.sp.gov.br\/noticias\/2023\/09\/22\/mes-do-suas-minicurso-aborda-a-importancia-do-territorio\/","title":{"rendered":"M\u00eas do SUAS: minicurso aborda a import\u00e2ncia do territ\u00f3rio"},"content":{"rendered":"\n<p>Cerca de 150 t\u00e9cnicos da rede direta e indireta dos equipamentos que fazem parte da Rede Socioassistencial do Munic\u00edpio participaram nesta sexta-feira (22), no Espa\u00e7o Expressa, de um minicurso com o tema \u201cCartografias do territ\u00f3rio: com rede para escutas marginais\u201d. A atividade integra a programa\u00e7\u00e3o da 2\u00aa edi\u00e7\u00e3o do M\u00eas do SUAS (Sistema \u00danico de Assist\u00eancia Social), realizada pela Unidade de Gest\u00e3o de Assist\u00eancia e Desenvolvimento Social (UGADS).<br><br>\u201cEssa capacita\u00e7\u00e3o tem o foco nos territ\u00f3rios, que s\u00e3o os espa\u00e7os onde est\u00e3o as fam\u00edlias vinculadas aos nossos servi\u00e7os. O objetivo \u00e9 ampliar o olhar dos t\u00e9cnicos para que percebam as nuances das \u00e1reas, que s\u00e3o vivas e em constante transforma\u00e7\u00e3o, garantindo sempre a humaniza\u00e7\u00e3o ao atendimento\u201d, ressaltou o diretor do Departamento de Prote\u00e7\u00e3o Social Especial da UGADS, Luiz Guilherme Camargo.<br><br>O minicurso foi ministrado pela Rede para Escutas Marginais (REM), a partir do Coletivo Margens Cl\u00ednicas. O encontro foi finalizado com a apresentam da pe\u00e7a teatral \u201c100 Pol\u00edtica FC\u201d.<\/p>\n\n\n\n<figure class=\"wp-block-image size-large\"><img loading=\"lazy\" decoding=\"async\" width=\"1280\" height=\"854\" src=\"https:\/\/jundiai.sp.gov.br\/noticias\/wp-content\/uploads\/sites\/32\/2023\/09\/evento_suas_ugads_expressa_pa-68-2-1280x854.jpg\" alt=\"\" class=\"wp-image-327454\" srcset=\"https:\/\/jundiai.sp.gov.br\/noticias\/wp-content\/uploads\/sites\/32\/2023\/09\/evento_suas_ugads_expressa_pa-68-2-1280x854.jpg 1280w, https:\/\/jundiai.sp.gov.br\/noticias\/wp-content\/uploads\/sites\/32\/2023\/09\/evento_suas_ugads_expressa_pa-68-2-300x200.jpg 300w, https:\/\/jundiai.sp.gov.br\/noticias\/wp-content\/uploads\/sites\/32\/2023\/09\/evento_suas_ugads_expressa_pa-68-2-768x512.jpg 768w, https:\/\/jundiai.sp.gov.br\/noticias\/wp-content\/uploads\/sites\/32\/2023\/09\/evento_suas_ugads_expressa_pa-68-2-1536x1024.jpg 1536w, https:\/\/jundiai.sp.gov.br\/noticias\/wp-content\/uploads\/sites\/32\/2023\/09\/evento_suas_ugads_expressa_pa-68-2-450x300.jpg 450w, https:\/\/jundiai.sp.gov.br\/noticias\/wp-content\/uploads\/sites\/32\/2023\/09\/evento_suas_ugads_expressa_pa-68-2.jpg 1900w\" sizes=\"auto, (max-width: 1280px) 100vw, 1280px\" \/><figcaption class=\"wp-element-caption\">Membros do Coletivo Margens Cl\u00ednicas compartilharam conhecimentos com a rede <\/figcaption><\/figure>\n\n\n\n<p><strong>Mais atividades<\/strong><br>A programa\u00e7\u00e3o da 2\u00ba M\u00eas do SUAS prossegue at\u00e9 o dia 6 de outubro, com eventos com temas considerados priorit\u00e1rias para as equipes. \u201cEstamos trazendo, neste segundo ano em que promovemos esse evento de forma\u00e7\u00e3o, temas atualizados e complexos. Desta forma, qualificamos o nosso trabalho para acolher cada dia mais e melhor as fam\u00edlias de Jundia\u00ed\u201d, acrescentou a gestora da UGADS, Maria Brant.<br><br>A pr\u00f3xima atividade esta marcada para o dia 29, no Complexo Argos. Com o tema \u201cPor que nos apropriar de outras linguagens?\u201d \u2013 ser\u00e1 realizada uma mesa de debates com as convidadas Ana Paula Dugaich Marques e Antiella Carrijo Ramos.<br><br><strong>Assessoria de Imprensa<br>Foto: Fot\u00f3grafos PMJ<\/strong><\/p>\n","protected":false},"excerpt":{"rendered":"<p>Cerca de 150 t\u00e9cnicos da rede direta e indireta dos equipamentos que fazem parte da Rede Socioassistencial do Munic\u00edpio participaram nesta sexta-feira (22), no Espa\u00e7o Expressa, de um minicurso com o tema \u201cCartografias do territ\u00f3rio: com rede para escutas marginais\u201d. A atividade integra a programa\u00e7\u00e3o da 2\u00aa edi\u00e7\u00e3o do M\u00eas do SUAS (Sistema \u00danico de [&hellip;]<\/p>\n","protected":false},"author":50,"featured_media":327455,"comment_status":"closed","ping_status":"0","sticky":false,"template":"","format":"standard","meta":{"footnotes":""},"categories":[2],"tags":[980],"ods":[],"class_list":["post-327448","post","type-post","status-publish","format-standard","has-post-thumbnail","hentry","category-noticias","tag-assistencia-e-desenvolvimento-social"],"_links":{"self":[{"href":"https:\/\/jundiai.sp.gov.br\/noticias\/wp-json\/wp\/v2\/posts\/327448","targetHints":{"allow":["GET"]}}],"collection":[{"href":"https:\/\/jundiai.sp.gov.br\/noticias\/wp-json\/wp\/v2\/posts"}],"about":[{"href":"https:\/\/jundiai.sp.gov.br\/noticias\/wp-json\/wp\/v2\/types\/post"}],"author":[{"embeddable":true,"href":"https:\/\/jundiai.sp.gov.br\/noticias\/wp-json\/wp\/v2\/users\/50"}],"replies":[{"embeddable":true,"href":"https:\/\/jundiai.sp.gov.br\/noticias\/wp-json\/wp\/v2\/comments?post=327448"}],"version-history":[{"count":4,"href":"https:\/\/jundiai.sp.gov.br\/noticias\/wp-json\/wp\/v2\/posts\/327448\/revisions"}],"predecessor-version":[{"id":327477,"href":"https:\/\/jundiai.sp.gov.br\/noticias\/wp-json\/wp\/v2\/posts\/327448\/revisions\/327477"}],"wp:featuredmedia":[{"embeddable":true,"href":"https:\/\/jundiai.sp.gov.br\/noticias\/wp-json\/wp\/v2\/media\/327455"}],"wp:attachment":[{"href":"https:\/\/jundiai.sp.gov.br\/noticias\/wp-json\/wp\/v2\/media?parent=327448"}],"wp:term":[{"taxonomy":"category","embeddable":true,"href":"https:\/\/jundiai.sp.gov.br\/noticias\/wp-json\/wp\/v2\/categories?post=327448"},{"taxonomy":"post_tag","embeddable":true,"href":"https:\/\/jundiai.sp.gov.br\/noticias\/wp-json\/wp\/v2\/tags?post=327448"},{"taxonomy":"ods","embeddable":true,"href":"https:\/\/jundiai.sp.gov.br\/noticias\/wp-json\/wp\/v2\/ods?post=327448"}],"curies":[{"name":"wp","href":"https:\/\/api.w.org\/{rel}","templated":true}]}}