{"id":327724,"date":"2023-09-26T16:06:53","date_gmt":"2023-09-26T19:06:53","guid":{"rendered":"https:\/\/jundiai.sp.gov.br\/noticias\/?p=327724"},"modified":"2023-09-26T17:20:43","modified_gmt":"2023-09-26T20:20:43","slug":"pa-da-hortolandia-passa-a-funcionar-ate-as-22h","status":"publish","type":"post","link":"https:\/\/jundiai.sp.gov.br\/noticias\/2023\/09\/26\/pa-da-hortolandia-passa-a-funcionar-ate-as-22h\/","title":{"rendered":"PA da Hortol\u00e2ndia passa a funcionar at\u00e9 as 22h"},"content":{"rendered":"\n<p>O Pronto Atendimento Hortol\u00e2ndia (PA), localizado na rua Campinas, 58 &#8211; no complexo da Cl\u00ednica da Fam\u00edlia &#8211; tem novo fluxo de funcionamento a partir de domingo, dia 1\u00ba de outubro. A unidade passa a operar diariamente, das 7h \u00e0s 22h, para o cuidado de adultos e de crian\u00e7as.<br><br>\u201cEstamos readequando o hor\u00e1rio de funcionamento do servi\u00e7o, considerando o atual cen\u00e1rio. O equipamento estava atendendo 24h, por tempo determinado, para dar conta do aumento na procura por doen\u00e7as respirat\u00f3rias. Tamb\u00e9m observamos que a maior procura por atendimento no local vai at\u00e9 as 21h. Esse conjunto de situa\u00e7\u00f5es nos permite nova adequa\u00e7\u00e3o no hor\u00e1rio, sem preju\u00edzos \u00e0 popula\u00e7\u00e3o\u201d, esclarece o gestor de Promo\u00e7\u00e3o da Sa\u00fade, Tiago Texera.<br><br>Dados do Departamento de Aten\u00e7\u00e3o Ambulatorial e Hospitalar mostram que a queda foi de mais de 68% nos atendimentos por s\u00edndromes respirat\u00f3rias realizados no PA Hortol\u00e2ndia. Os n\u00fameros s\u00e3o avaliados diariamente pela equipe da UGPS.<br><br>Para poder garantir atendimento integral a todos os usu\u00e1rios, os port\u00f5es ser\u00e3o fechados \u00e0s 21h. A partir deste hor\u00e1rio, os pacientes adultos devem se dirigir ao Pronto Atendimento Central, localizado na rua Jo\u00e3o Lopes, 78, Pra\u00e7a Dom Pedro II, ou a UPA Vetor Oeste, \u00e0 avenida Presb\u00edtero Manoel Antonio Dias Filho, 155, Parque Residencial Jundia\u00ed. J\u00e1 os pedi\u00e1tricos, ao Hospital Universit\u00e1rio (Pra\u00e7a Rotat\u00f3ria, s\/n \u2013 Jardim Messina, Jundia\u00ed) e \u00e0 UPA Vetor Oeste.<br><br>Os demais servi\u00e7os mant\u00eam o fluxo normal de atendimento. Confira os hor\u00e1rios abaixo.<\/p>\n\n\n\n<figure class=\"wp-block-image size-large\"><img loading=\"lazy\" decoding=\"async\" width=\"960\" height=\"960\" src=\"https:\/\/jundiai.sp.gov.br\/noticias\/wp-content\/uploads\/sites\/32\/2023\/09\/funcionamento-pas-960x960.jpeg\" alt=\"\" class=\"wp-image-327726\" srcset=\"https:\/\/jundiai.sp.gov.br\/noticias\/wp-content\/uploads\/sites\/32\/2023\/09\/funcionamento-pas-960x960.jpeg 960w, https:\/\/jundiai.sp.gov.br\/noticias\/wp-content\/uploads\/sites\/32\/2023\/09\/funcionamento-pas-300x300.jpeg 300w, https:\/\/jundiai.sp.gov.br\/noticias\/wp-content\/uploads\/sites\/32\/2023\/09\/funcionamento-pas-100x100.jpeg 100w, https:\/\/jundiai.sp.gov.br\/noticias\/wp-content\/uploads\/sites\/32\/2023\/09\/funcionamento-pas-768x768.jpeg 768w, https:\/\/jundiai.sp.gov.br\/noticias\/wp-content\/uploads\/sites\/32\/2023\/09\/funcionamento-pas-1536x1536.jpeg 1536w, https:\/\/jundiai.sp.gov.br\/noticias\/wp-content\/uploads\/sites\/32\/2023\/09\/funcionamento-pas.jpeg 1600w\" sizes=\"auto, (max-width: 960px) 100vw, 960px\" \/><\/figure>\n\n\n\n<p><strong>Assessoria de Imprensa<\/strong><br><\/p>\n","protected":false},"excerpt":{"rendered":"<p>O Pronto Atendimento Hortol\u00e2ndia (PA), localizado na rua Campinas, 58 &#8211; no complexo da Cl\u00ednica da Fam\u00edlia &#8211; tem novo fluxo de funcionamento a partir de domingo, dia 1\u00ba de outubro. A unidade passa a operar diariamente, das 7h \u00e0s 22h, para o cuidado de adultos e de crian\u00e7as. \u201cEstamos readequando o hor\u00e1rio de funcionamento [&hellip;]<\/p>\n","protected":false},"author":50,"featured_media":301271,"comment_status":"closed","ping_status":"0","sticky":false,"template":"","format":"standard","meta":{"footnotes":""},"categories":[2],"tags":[981,1478],"ods":[],"class_list":["post-327724","post","type-post","status-publish","format-standard","has-post-thumbnail","hentry","category-noticias","tag-promocao-da-saude","tag-pronto-atendimento-hortolandia"],"_links":{"self":[{"href":"https:\/\/jundiai.sp.gov.br\/noticias\/wp-json\/wp\/v2\/posts\/327724","targetHints":{"allow":["GET"]}}],"collection":[{"href":"https:\/\/jundiai.sp.gov.br\/noticias\/wp-json\/wp\/v2\/posts"}],"about":[{"href":"https:\/\/jundiai.sp.gov.br\/noticias\/wp-json\/wp\/v2\/types\/post"}],"author":[{"embeddable":true,"href":"https:\/\/jundiai.sp.gov.br\/noticias\/wp-json\/wp\/v2\/users\/50"}],"replies":[{"embeddable":true,"href":"https:\/\/jundiai.sp.gov.br\/noticias\/wp-json\/wp\/v2\/comments?post=327724"}],"version-history":[{"count":4,"href":"https:\/\/jundiai.sp.gov.br\/noticias\/wp-json\/wp\/v2\/posts\/327724\/revisions"}],"predecessor-version":[{"id":327735,"href":"https:\/\/jundiai.sp.gov.br\/noticias\/wp-json\/wp\/v2\/posts\/327724\/revisions\/327735"}],"wp:featuredmedia":[{"embeddable":true,"href":"https:\/\/jundiai.sp.gov.br\/noticias\/wp-json\/wp\/v2\/media\/301271"}],"wp:attachment":[{"href":"https:\/\/jundiai.sp.gov.br\/noticias\/wp-json\/wp\/v2\/media?parent=327724"}],"wp:term":[{"taxonomy":"category","embeddable":true,"href":"https:\/\/jundiai.sp.gov.br\/noticias\/wp-json\/wp\/v2\/categories?post=327724"},{"taxonomy":"post_tag","embeddable":true,"href":"https:\/\/jundiai.sp.gov.br\/noticias\/wp-json\/wp\/v2\/tags?post=327724"},{"taxonomy":"ods","embeddable":true,"href":"https:\/\/jundiai.sp.gov.br\/noticias\/wp-json\/wp\/v2\/ods?post=327724"}],"curies":[{"name":"wp","href":"https:\/\/api.w.org\/{rel}","templated":true}]}}