{"id":328009,"date":"2023-09-28T16:55:55","date_gmt":"2023-09-28T19:55:55","guid":{"rendered":"https:\/\/jundiai.sp.gov.br\/noticias\/?p=328009"},"modified":"2023-10-17T16:15:02","modified_gmt":"2023-10-17T19:15:02","slug":"metas-fiscais-sao-apresentadas-em-audiencia-na-camara-municipal","status":"publish","type":"post","link":"https:\/\/jundiai.sp.gov.br\/noticias\/2023\/09\/28\/metas-fiscais-sao-apresentadas-em-audiencia-na-camara-municipal\/","title":{"rendered":"Metas fiscais s\u00e3o apresentadas em audi\u00eancia na C\u00e2mara Municipal"},"content":{"rendered":"\n<p>Nesta quinta-feira (28), a Unidade de Gest\u00e3o de Governo e Finan\u00e7as (UGGF) apresentou as metas fiscais do segundo quadrimestre deste ano, em audi\u00eancia p\u00fablica realizada na C\u00e2mara dos Vereadores. A apresenta\u00e7\u00e3o foi feita pelo Diretor do Departamento de Or\u00e7amento do munic\u00edpio, Luiz Fernando Boscolo, e d\u00e1 cumprimento ao princ\u00edpio da transpar\u00eancia previsto na Lei de Responsabilidade Fiscal (LRF).<\/p>\n\n\n\n<p>A Receita Corrente L\u00edquida (RCL) do quadrimestre, acumulada dos \u00faltimos 12 meses, atingiu R$ 2,93 bilh\u00f5es. O n\u00famero \u00e9 10% maior do que no mesmo per\u00edodo do ano anterior. Vale frisar que, mesmo com queda na arrecada\u00e7\u00e3o do Imposto sobre Circula\u00e7\u00e3o de Mercadorias e Servi\u00e7os (ICMS), a administra\u00e7\u00e3o municipal segue com bom desempenho, atingindo R$ 264,4 milh\u00f5es de Resultado Prim\u00e1rio. A Receita do quadrimestre tamb\u00e9m apresentou varia\u00e7\u00e3o positiva de 2,04% em rela\u00e7\u00e3o ao ano anterior. A performance de arrecada\u00e7\u00e3o do ICMS, ISS, IPTU, Fundeb e IPVA, tamb\u00e9m foram avaliadas.<\/p>\n\n\n\n<p>\u201cA administra\u00e7\u00e3o de Jundia\u00ed \u00e9 pautada no planejamento e na responsabilidade de n\u00e3o gastar mais do que \u00e9 arrecadado. Com as contas em ordem \u00e9 poss\u00edvel realizar investimentos nos projetos priorit\u00e1rios para a popula\u00e7\u00e3o e desenvolver a cidade de forma global\u201d, explica Luiz Fernando Boscolo.<\/p>\n\n\n\n<figure class=\"wp-block-image size-large\"><img loading=\"lazy\" decoding=\"async\" width=\"1280\" height=\"854\" src=\"https:\/\/jundiai.sp.gov.br\/noticias\/wp-content\/uploads\/sites\/32\/2023\/09\/audiencia_publica_metas_fiscais-9-1280x854.jpg\" alt=\"\" class=\"wp-image-328010\" srcset=\"https:\/\/jundiai.sp.gov.br\/noticias\/wp-content\/uploads\/sites\/32\/2023\/09\/audiencia_publica_metas_fiscais-9-1280x854.jpg 1280w, https:\/\/jundiai.sp.gov.br\/noticias\/wp-content\/uploads\/sites\/32\/2023\/09\/audiencia_publica_metas_fiscais-9-300x200.jpg 300w, https:\/\/jundiai.sp.gov.br\/noticias\/wp-content\/uploads\/sites\/32\/2023\/09\/audiencia_publica_metas_fiscais-9-768x512.jpg 768w, https:\/\/jundiai.sp.gov.br\/noticias\/wp-content\/uploads\/sites\/32\/2023\/09\/audiencia_publica_metas_fiscais-9-1536x1024.jpg 1536w, https:\/\/jundiai.sp.gov.br\/noticias\/wp-content\/uploads\/sites\/32\/2023\/09\/audiencia_publica_metas_fiscais-9-450x300.jpg 450w, https:\/\/jundiai.sp.gov.br\/noticias\/wp-content\/uploads\/sites\/32\/2023\/09\/audiencia_publica_metas_fiscais-9.jpg 1900w\" sizes=\"auto, (max-width: 1280px) 100vw, 1280px\" \/><figcaption class=\"wp-element-caption\">Audi\u00eancia p\u00fablica cumpre princ\u00edpio da transpar\u00eancia previsto na Lei de Responsabilidade Fiscal (LRF)<\/figcaption><\/figure>\n\n\n\n<p>As despesas no quadrimestre avaliado aumentaram em 13% devido aos recursos acumulados pela alta arrecada\u00e7\u00e3o do munic\u00edpio em anos anteriores. Na sa\u00fade, foram aplicados R$ 304,8 milh\u00f5es, e na educa\u00e7\u00e3o, R$ 229,8 milh\u00f5es. Essas foram as principais pastas que receberam investimentos, uma vez que s\u00e3o as prioridades da gest\u00e3o. <\/p>\n\n\n\n<p>Os gastos de pessoal, relativos \u00e0 manuten\u00e7\u00e3o dos servidores p\u00fablicos, no per\u00edodo acumulado de 12 meses, ficaram na casa de R$ 1,11 bilh\u00e3o e atingiram 38,21% da RCL. O quantitativo de servidores estatut\u00e1rios at\u00e9 o segundo quadrimestre de 2023 foi ampliado em cerca de 80 servidores, sendo a maioria guardas municipais, o que representa mais seguran\u00e7a para a popula\u00e7\u00e3o. A d\u00edvida consolidada reduziu em aproximadamente 12% e segue no patamar de 15,57% da RCL \u2013 muito abaixo do teto permitido pela LRF (120%), demostrando o baixo n\u00edvel de endividamento do munic\u00edpio.<\/p>\n\n\n\n<p>&#8220;O an\u00fancio das metas fiscais na C\u00e2mara Municipal representa um ato importante quanto a gest\u00e3o eficiente dos recursos p\u00fablicos. Trabalhamos com planejamento para realizar entregas que impactem positivamente o cidad\u00e3o e garantam maior qualidade de vida para todos. Para isso, precisamos de gest\u00e3o estrat\u00e9gica e inteligente dos recursos p\u00fablicos, num cen\u00e1rio em que o or\u00e7amento \u00e9 limitado. Estamos comprometidos em garantir o bem-estar da cidade, mas sem abrir m\u00e3o do equil\u00edbrio financeiro&#8221;, avalia o Gestor Adjunto de Finan\u00e7as, Jones Martins.<\/p>\n\n\n\n<p>Todas as informa\u00e7\u00f5es est\u00e3o dispon\u00edveis para a consulta dos mun\u00edcipes no <a href=\"https:\/\/transparencia.jundiai.sp.gov.br\/\" data-type=\"URL\" data-id=\"https:\/\/transparencia.jundiai.sp.gov.br\/\" target=\"_blank\" rel=\"noreferrer noopener\">Portal da Transpar\u00eancia<\/a>, no site da Prefeitura de Jundia\u00ed.<\/p>\n\n\n\n<p><strong>Assessoria de Imprensa<br>Foto: Fot\u00f3grafo PMJ<\/strong><\/p>\n","protected":false},"excerpt":{"rendered":"<p>Nesta quinta-feira (28), a Unidade de Gest\u00e3o de Governo e Finan\u00e7as (UGGF) apresentou as metas fiscais do segundo quadrimestre deste ano, em audi\u00eancia p\u00fablica realizada na C\u00e2mara dos Vereadores. A apresenta\u00e7\u00e3o foi feita pelo Diretor do Departamento de Or\u00e7amento do munic\u00edpio, Luiz Fernando Boscolo, e d\u00e1 cumprimento ao princ\u00edpio da transpar\u00eancia previsto na Lei de [&hellip;]<\/p>\n","protected":false},"author":90,"featured_media":328010,"comment_status":"closed","ping_status":"closed","sticky":false,"template":"","format":"standard","meta":{"footnotes":""},"categories":[2],"tags":[1716,983,1715,4290],"ods":[],"class_list":["post-328009","post","type-post","status-publish","format-standard","has-post-thumbnail","hentry","category-noticias","tag-audiencia-publica","tag-governo-e-financas","tag-metas-fiscais","tag-uggf"],"_links":{"self":[{"href":"https:\/\/jundiai.sp.gov.br\/noticias\/wp-json\/wp\/v2\/posts\/328009","targetHints":{"allow":["GET"]}}],"collection":[{"href":"https:\/\/jundiai.sp.gov.br\/noticias\/wp-json\/wp\/v2\/posts"}],"about":[{"href":"https:\/\/jundiai.sp.gov.br\/noticias\/wp-json\/wp\/v2\/types\/post"}],"author":[{"embeddable":true,"href":"https:\/\/jundiai.sp.gov.br\/noticias\/wp-json\/wp\/v2\/users\/90"}],"replies":[{"embeddable":true,"href":"https:\/\/jundiai.sp.gov.br\/noticias\/wp-json\/wp\/v2\/comments?post=328009"}],"version-history":[{"count":6,"href":"https:\/\/jundiai.sp.gov.br\/noticias\/wp-json\/wp\/v2\/posts\/328009\/revisions"}],"predecessor-version":[{"id":328018,"href":"https:\/\/jundiai.sp.gov.br\/noticias\/wp-json\/wp\/v2\/posts\/328009\/revisions\/328018"}],"wp:featuredmedia":[{"embeddable":true,"href":"https:\/\/jundiai.sp.gov.br\/noticias\/wp-json\/wp\/v2\/media\/328010"}],"wp:attachment":[{"href":"https:\/\/jundiai.sp.gov.br\/noticias\/wp-json\/wp\/v2\/media?parent=328009"}],"wp:term":[{"taxonomy":"category","embeddable":true,"href":"https:\/\/jundiai.sp.gov.br\/noticias\/wp-json\/wp\/v2\/categories?post=328009"},{"taxonomy":"post_tag","embeddable":true,"href":"https:\/\/jundiai.sp.gov.br\/noticias\/wp-json\/wp\/v2\/tags?post=328009"},{"taxonomy":"ods","embeddable":true,"href":"https:\/\/jundiai.sp.gov.br\/noticias\/wp-json\/wp\/v2\/ods?post=328009"}],"curies":[{"name":"wp","href":"https:\/\/api.w.org\/{rel}","templated":true}]}}