{"id":328964,"date":"2023-10-10T12:49:13","date_gmt":"2023-10-10T15:49:13","guid":{"rendered":"https:\/\/jundiai.sp.gov.br\/noticias\/?p=328964"},"modified":"2023-10-11T12:03:17","modified_gmt":"2023-10-11T15:03:17","slug":"biblioteca-vai-comemorar-o-dia-da-crianca-com-varias-acoes","status":"publish","type":"post","link":"https:\/\/jundiai.sp.gov.br\/noticias\/2023\/10\/10\/biblioteca-vai-comemorar-o-dia-da-crianca-com-varias-acoes\/","title":{"rendered":"Biblioteca vai comemorar o Dia da Crian\u00e7a com v\u00e1rias a\u00e7\u00f5es"},"content":{"rendered":"\n<p>Dando continuidade \u00e0 dinamiza\u00e7\u00e3o do espa\u00e7o da Biblioteca P\u00fablica Municipal Prof. Nelson Foot (BNF), a Unidade de Gest\u00e3o de Cultura (UGC) programou uma s\u00e9rie de atividades para a pr\u00f3xima quinta-feira, dia 12 de outubro, Dia da Crian\u00e7a, com entrada gratuita para o p\u00fablico, em Jundia\u00ed, Cidade das Crian\u00e7as. <\/p>\n\n\n\n<p>A partir das 11h, a garotada vai acompanhar uma experi\u00eancia \u00fanica de circo e m\u00fasica com &#8216;A \u201cCharanga da Tramp\u201d, da Cia. Tramp de Palha\u00e7os. Na oportunidade, o p\u00fablico vai descobrir a import\u00e2ncia da charanga no circo enquanto Chimpa, Filomeno, Pompeu e Lechuga nos envolvem com acrobacias, magia, lutas espetaculares e muita palha\u00e7ada. Reviva o encanto dos pequenos circos mambembes do Brasil em uma jornada que ressignifica o cl\u00e1ssico para os dias atuais.<\/p>\n\n\n\n<figure class=\"wp-block-image size-full\"><img loading=\"lazy\" decoding=\"async\" width=\"851\" height=\"566\" src=\"https:\/\/jundiai.sp.gov.br\/noticias\/wp-content\/uploads\/sites\/32\/2023\/10\/charanga-tramp.jpg\" alt=\"\" class=\"wp-image-328967\" srcset=\"https:\/\/jundiai.sp.gov.br\/noticias\/wp-content\/uploads\/sites\/32\/2023\/10\/charanga-tramp.jpg 851w, https:\/\/jundiai.sp.gov.br\/noticias\/wp-content\/uploads\/sites\/32\/2023\/10\/charanga-tramp-300x200.jpg 300w, https:\/\/jundiai.sp.gov.br\/noticias\/wp-content\/uploads\/sites\/32\/2023\/10\/charanga-tramp-768x511.jpg 768w, https:\/\/jundiai.sp.gov.br\/noticias\/wp-content\/uploads\/sites\/32\/2023\/10\/charanga-tramp-450x300.jpg 450w\" sizes=\"auto, (max-width: 851px) 100vw, 851px\" \/><figcaption class=\"wp-element-caption\">Charanga Tramp comanda a alegria na quinta-feira (12), Dia das Crian\u00e7as a partir das 10h<\/figcaption><\/figure>\n\n\n\n<p>J\u00e1 para o dia 14, s\u00e1bado, em parceria com a AJL (Academia Jundiaiense de Letras), programou uma s\u00e9rie de a\u00e7\u00f5es para comemorar o Dia das Crian\u00e7as. Confira:<\/p>\n\n\n\n<p>\u00c0s 10h, no audit\u00f3rio, a Academia trar\u00e1 um &#8220;Debate sobre o Livro Infantil&#8221;, mediado pela autora Maria Ap. Palma. Junte-se a n\u00f3s para um cativante bate-papo com os ilustres nomes da literatura infantil de nossa cidade, incluindo Selma Oliveira, Felipe Barros, Valderez de Mello, Evandro Fernandes, Marta L\u00edgia Biancardi, Josyanne Franco, Marilzes Petroni, Liege Esteves, Julia Heimann, Gabriela Buonocotre, Caetano Imbo e Sueli Patelli.<\/p>\n\n\n\n<p>\u00c0s 11h30, na Arena de Conta\u00e7\u00e3o de Hist\u00f3rias (tapete vermelho), as crian\u00e7as ter\u00e3o a oportunidade de conhecer a envolvente hist\u00f3ria &#8220;Zeca, o Sapinho Solit\u00e1rio&#8221;, contada por Lisete Pecoraro, da Cia. Gatos Gordos. Em seguida, elas poder\u00e3o conversar com o autor M\u00e1rcio Martelli, sob a condu\u00e7\u00e3o carinhosa de Lisete, que, al\u00e9m de brincadeiras, tamb\u00e9m realizar\u00e1 um sorteio de livros e brindes.<\/p>\n\n\n\n<p>\u00c0s 12h30, momento para muitas risadas com Julia Heimann nas &#8220;Sess\u00f5es de Piadas&#8221; e na sequ\u00eancia um&nbsp; &#8220;Show Infantil&#8221; com Renata Iacovino, com um repert\u00f3rio de m\u00fasicas para a garotada.<\/p>\n\n\n\n<p>No espa\u00e7o Cyber, a partir das 14h, a arte educadora Gika conduzir\u00e1 a oficina &#8220;Riscos e Rabiscos&#8221;.<\/p>\n\n\n\n<p>Para a bibliotec\u00e1ria Michele Cruz, a programa\u00e7\u00e3o da BNF buscou seguir as orienta\u00e7\u00f5es do programa municipal Cidade das Crian\u00e7as que consiste no incentivo ao brincar livre entre as crian\u00e7as e ao resgate das mem\u00f3rias l\u00fadicas e integra\u00e7\u00e3o intergeracional entre os adultos. \u201cEstamos propondo uma s\u00e9rie de atra\u00e7\u00f5es para todos os gostos do p\u00fablico, com destaque para a programa\u00e7\u00e3o cultural. Esperamos pela garotada, seus pais e cuidadores para que participem das a\u00e7\u00f5es que estar\u00e3o celebrando o universo m\u00e1gico da literatura infantil e proporcionando divers\u00e3o para as crian\u00e7as de todas as idades\u201d, destacou.<\/p>\n\n\n\n<p><strong>Assessoria de Imprensa<\/strong><br><strong>Fotos: Divulga\u00e7\u00e3o<\/strong><\/p>\n","protected":false},"excerpt":{"rendered":"<p>Dando continuidade \u00e0 dinamiza\u00e7\u00e3o do espa\u00e7o da Biblioteca P\u00fablica Municipal Prof. Nelson Foot (BNF), a Unidade de Gest\u00e3o de Cultura (UGC) programou uma s\u00e9rie de atividades para a pr\u00f3xima quinta-feira, dia 12 de outubro, Dia da Crian\u00e7a, com entrada gratuita para o p\u00fablico, em Jundia\u00ed, Cidade das Crian\u00e7as. A partir das 11h, a garotada vai [&hellip;]<\/p>\n","protected":false},"author":83,"featured_media":328967,"comment_status":"closed","ping_status":"0","sticky":false,"template":"","format":"standard","meta":{"footnotes":""},"categories":[2],"tags":[505,29,2364],"ods":[],"class_list":["post-328964","post","type-post","status-publish","format-standard","has-post-thumbnail","hentry","category-noticias","tag-biblioteca-municipal-professor-nelson-foot","tag-cultura","tag-dia-das-criancas"],"_links":{"self":[{"href":"https:\/\/jundiai.sp.gov.br\/noticias\/wp-json\/wp\/v2\/posts\/328964","targetHints":{"allow":["GET"]}}],"collection":[{"href":"https:\/\/jundiai.sp.gov.br\/noticias\/wp-json\/wp\/v2\/posts"}],"about":[{"href":"https:\/\/jundiai.sp.gov.br\/noticias\/wp-json\/wp\/v2\/types\/post"}],"author":[{"embeddable":true,"href":"https:\/\/jundiai.sp.gov.br\/noticias\/wp-json\/wp\/v2\/users\/83"}],"replies":[{"embeddable":true,"href":"https:\/\/jundiai.sp.gov.br\/noticias\/wp-json\/wp\/v2\/comments?post=328964"}],"version-history":[{"count":5,"href":"https:\/\/jundiai.sp.gov.br\/noticias\/wp-json\/wp\/v2\/posts\/328964\/revisions"}],"predecessor-version":[{"id":329135,"href":"https:\/\/jundiai.sp.gov.br\/noticias\/wp-json\/wp\/v2\/posts\/328964\/revisions\/329135"}],"wp:featuredmedia":[{"embeddable":true,"href":"https:\/\/jundiai.sp.gov.br\/noticias\/wp-json\/wp\/v2\/media\/328967"}],"wp:attachment":[{"href":"https:\/\/jundiai.sp.gov.br\/noticias\/wp-json\/wp\/v2\/media?parent=328964"}],"wp:term":[{"taxonomy":"category","embeddable":true,"href":"https:\/\/jundiai.sp.gov.br\/noticias\/wp-json\/wp\/v2\/categories?post=328964"},{"taxonomy":"post_tag","embeddable":true,"href":"https:\/\/jundiai.sp.gov.br\/noticias\/wp-json\/wp\/v2\/tags?post=328964"},{"taxonomy":"ods","embeddable":true,"href":"https:\/\/jundiai.sp.gov.br\/noticias\/wp-json\/wp\/v2\/ods?post=328964"}],"curies":[{"name":"wp","href":"https:\/\/api.w.org\/{rel}","templated":true}]}}