{"id":329009,"date":"2023-10-10T16:44:03","date_gmt":"2023-10-10T19:44:03","guid":{"rendered":"https:\/\/jundiai.sp.gov.br\/noticias\/?p=329009"},"modified":"2023-10-10T16:44:03","modified_gmt":"2023-10-10T19:44:03","slug":"girls-tech-day-garante-manha-repleta-de-ciencia-e-tecnologia-as-alunas-da-emeb-pedro-de-oliveira","status":"publish","type":"post","link":"https:\/\/jundiai.sp.gov.br\/noticias\/2023\/10\/10\/girls-tech-day-garante-manha-repleta-de-ciencia-e-tecnologia-as-alunas-da-emeb-pedro-de-oliveira\/","title":{"rendered":"\u2018Girls\u2019 Tech Day\u2019 garante manh\u00e3 repleta de Ci\u00eancia e Tecnologia \u00e0s alunas da Emeb Pedro de Oliveira"},"content":{"rendered":"\n<p>Jundia\u00ed recebeu, na manh\u00e3 desta ter\u00e7a-feira (10), a 3\u00aa edi\u00e7\u00e3o da Girls &#8216; Tech Day no Brasil, iniciativa da AWS \u2013 Amazon Web Services, empresa de computa\u00e7\u00e3o em nuvem, com foco no incentivo ao uso e contato com a Ci\u00eancia e Tecnologia entre o p\u00fablico feminino. A programa\u00e7\u00e3o da manh\u00e3 foi realizada na EMEB Pedro de Oliveira, na vila Joana, e contou com a participa\u00e7\u00e3o de cerca de 230 alunas dos quartos e quintos anos.<\/p>\n\n\n\n<p>O Munic\u00edpio \u00e9 o segundo da Am\u00e9rica Latina a receber a programa\u00e7\u00e3o, que foi viabilizada pela empresa, em parceria com a Unidade de Gest\u00e3o de Educa\u00e7\u00e3o (UGE) e com articula\u00e7\u00e3o da Rede Jundia\u00ed de Coopera\u00e7\u00e3o, vinculada \u00e0 Unidade de Gest\u00e3o de Governo e Finan\u00e7as (UGGF) da Prefeitura.<\/p>\n\n\n\n<p>A programa\u00e7\u00e3o iniciou-se pela manh\u00e3, no p\u00e1tio da escola. A gerente de Solu\u00e7\u00f5es de Arquitetura da AWS para a Am\u00e9rica Latina e Caribe, Tha\u00eds Nardo, fez a abertura oficial e a media\u00e7\u00e3o das perguntas das crian\u00e7as para as equipes. \u201cAs pesquisas mostram que menos de 20% das posi\u00e7\u00f5es que envolvem, tecnologia e pesquisas s\u00e3o ocupadas por mulheres. Por isso, o Girls&#8217; Tech Day \u00e9 realizado para elas e tem como objetivo modificar este cen\u00e1rio e, neste caso, tem um sabor especial, por ser numa escola e com meninas que demonstraram em suas perguntas um grande conhecimento em tecnologia\u201d.<\/p>\n\n\n\n<figure class=\"wp-block-image size-large\"><img loading=\"lazy\" decoding=\"async\" width=\"1280\" height=\"833\" src=\"https:\/\/jundiai.sp.gov.br\/noticias\/wp-content\/uploads\/sites\/32\/2023\/10\/emeb-pedro-de-oliveira-girls-tech-day-atividade-realizada-pela-aws_fm_-77-1280x833.jpg\" alt=\"\" class=\"wp-image-329010\" srcset=\"https:\/\/jundiai.sp.gov.br\/noticias\/wp-content\/uploads\/sites\/32\/2023\/10\/emeb-pedro-de-oliveira-girls-tech-day-atividade-realizada-pela-aws_fm_-77-1280x833.jpg 1280w, https:\/\/jundiai.sp.gov.br\/noticias\/wp-content\/uploads\/sites\/32\/2023\/10\/emeb-pedro-de-oliveira-girls-tech-day-atividade-realizada-pela-aws_fm_-77-300x195.jpg 300w, https:\/\/jundiai.sp.gov.br\/noticias\/wp-content\/uploads\/sites\/32\/2023\/10\/emeb-pedro-de-oliveira-girls-tech-day-atividade-realizada-pela-aws_fm_-77-768x500.jpg 768w, https:\/\/jundiai.sp.gov.br\/noticias\/wp-content\/uploads\/sites\/32\/2023\/10\/emeb-pedro-de-oliveira-girls-tech-day-atividade-realizada-pela-aws_fm_-77-1536x999.jpg 1536w, https:\/\/jundiai.sp.gov.br\/noticias\/wp-content\/uploads\/sites\/32\/2023\/10\/emeb-pedro-de-oliveira-girls-tech-day-atividade-realizada-pela-aws_fm_-77.jpg 1900w\" sizes=\"auto, (max-width: 1280px) 100vw, 1280px\" \/><figcaption class=\"wp-element-caption\">Bate papo inicial foi no p\u00e1tio, com Tha\u00eds Nardo e colaboradores da empresa <\/figcaption><\/figure>\n\n\n\n<p>A gestora de Educa\u00e7\u00e3o, Vast\u00ed Ferrari Marques, ressaltou a import\u00e2ncia da atividade. \u201cO programa Escola Inovadora traz, no eixo da melhora da qualidade do ensino, a percep\u00e7\u00e3o de que as tecnologias educacionais e a pesquisa s\u00e3o ferramentas fundamentais para as aprendizagens. Por isso, ficamos muito felizes em oportunizar este momento para as meninas, ap\u00f3s a indica\u00e7\u00e3o da AWS, que nos solicitou uma unidade escolar em que as alunas dos quartos e quintos anos totalizassem 230 estudantes, o quantitativo desta EMEB. Aproveito tamb\u00e9m para fazer uma rever\u00eancia aos professores, pois n\u00e3o existe profiss\u00e3o alguma sem que haja os educadores\u201d.<\/p>\n\n\n\n<p>Fernanda Spinardi, l\u00edder de Arquitetura de Solu\u00e7\u00f5es para o Setor P\u00fablico da AWS, tamb\u00e9m falou da inspira\u00e7\u00e3o que o evento proporciona. \u201cFicamos felizes em organizar eventos como esse que ajudam a levar empoderamento para as meninas utilizando atividades imersivas de STEAM (Ci\u00eancia, Tecnologia, Engenharia, Artes e Matem\u00e1tica), ainda mais em Jundia\u00ed, que tem cada vez mais se transformado digitalmente como cidade. Esperamos que, al\u00e9m de gerar um impacto duradouro nas comunidades onde as pessoas trabalham, moram e criam suas fam\u00edlias, possamos inspirar mais meninas a seguir carreira\u201d.<\/p>\n\n\n\n<p>Ap\u00f3s a apresenta\u00e7\u00e3o inicial no p\u00e1tio, as crian\u00e7as se deslocaram para a quadra, onde os colaboradores da empresa atuaram como volunt\u00e1rios na media\u00e7\u00e3o das oficinas tem\u00e1ticas. Na Oficina de Rob\u00f3tica era poss\u00edvel trabalhar programa\u00e7\u00e3o para fazer mover um rob\u00f4 pelo tabuleiro. J\u00e1 na Oficina Art Rob\u00f4, a partir de um motorzinho, um copo e canetinhas, as crian\u00e7as puderam montar um rob\u00f4 que desenha. Na esta\u00e7\u00e3o Arte com Rob\u00f3tica, foram colocadas em pr\u00e1tica no\u00e7\u00f5es de sequenciamento bin\u00e1rio para a produ\u00e7\u00e3o de bijuterias. No Espa\u00e7o da Leitura, as participantes puderam interagir com a Top Voice do LinkedIn Juliana S\u00e1, autora de livro infantil sobre empoderamento feminino. E, no Espa\u00e7o Glamour, elas puderam registrar suas participa\u00e7\u00f5es com fotos e v\u00eddeos.<\/p>\n\n\n\n<figure class=\"wp-block-image size-large\"><img loading=\"lazy\" decoding=\"async\" width=\"1280\" height=\"889\" src=\"https:\/\/jundiai.sp.gov.br\/noticias\/wp-content\/uploads\/sites\/32\/2023\/10\/emeb-pedro-de-oliveira-girls-tech-day-atividade-realizada-pela-aws_fm_-167-1280x889.jpg\" alt=\"\" class=\"wp-image-329011\" srcset=\"https:\/\/jundiai.sp.gov.br\/noticias\/wp-content\/uploads\/sites\/32\/2023\/10\/emeb-pedro-de-oliveira-girls-tech-day-atividade-realizada-pela-aws_fm_-167-1280x889.jpg 1280w, https:\/\/jundiai.sp.gov.br\/noticias\/wp-content\/uploads\/sites\/32\/2023\/10\/emeb-pedro-de-oliveira-girls-tech-day-atividade-realizada-pela-aws_fm_-167-300x208.jpg 300w, https:\/\/jundiai.sp.gov.br\/noticias\/wp-content\/uploads\/sites\/32\/2023\/10\/emeb-pedro-de-oliveira-girls-tech-day-atividade-realizada-pela-aws_fm_-167-768x533.jpg 768w, https:\/\/jundiai.sp.gov.br\/noticias\/wp-content\/uploads\/sites\/32\/2023\/10\/emeb-pedro-de-oliveira-girls-tech-day-atividade-realizada-pela-aws_fm_-167-1536x1066.jpg 1536w, https:\/\/jundiai.sp.gov.br\/noticias\/wp-content\/uploads\/sites\/32\/2023\/10\/emeb-pedro-de-oliveira-girls-tech-day-atividade-realizada-pela-aws_fm_-167.jpg 1900w\" sizes=\"auto, (max-width: 1280px) 100vw, 1280px\" \/><figcaption class=\"wp-element-caption\">Dayane e Ana R\u00fabia puseram para desenhar os robozinhos que produziram na oficina Art Bot  <\/figcaption><\/figure>\n\n\n\n<p>As amigas Ana R\u00fabia Lima, de 11 anos, e Dayane Pereira, de dez, decidiram come\u00e7ar pela oficina Art Robot. Ana R\u00fabia falou da import\u00e2ncia da proposta. \u201cEu entendi que as atividades s\u00e3o voltadas para as meninas, pois estas s\u00e3o \u00e1reas onde h\u00e1 mais meninos trabalhando. E est\u00e1 muito legal. Meu sonho era ser m\u00e9dica, mas depois de hoje acho que mudei de ideia, quero estudar Rob\u00f3tica\u201d.<\/p>\n\n\n\n<p>J\u00e1 Dayane falou da sua surpresa em ver o que desenvolveu. \u201cFoi uma atividade muito legal, descobri que n\u00e3o precisa saber tudo de ci\u00eancias para desenvolver um rob\u00f4. Com um pouco de criatividade e de conhecimento j\u00e1 \u00e9 poss\u00edvel\u201d.<\/p>\n\n\n\n<p>Na esta\u00e7\u00e3o Rob\u00f3tica, a Gabriela de Ritti, tamb\u00e9m de dez anos, explicou a proposta da atividade. \u201cA ideia \u00e9 voc\u00ea escolher a carta e dar o comando certo para o rob\u00f4 se deslocar. Eu gosto muito de tecnologia e isso tem tudo a ver com a profiss\u00e3o que quero seguir, que \u00e9 Arquitetura, pois \u00e9 necess\u00e1rio um computador para projetar uma casa, por exemplo&#8221;.<\/p>\n\n\n\n<figure class=\"wp-block-image size-large\"><img loading=\"lazy\" decoding=\"async\" width=\"1280\" height=\"854\" src=\"https:\/\/jundiai.sp.gov.br\/noticias\/wp-content\/uploads\/sites\/32\/2023\/10\/emeb-pedro-de-oliveira-girls-tech-day-atividade-realizada-pela-aws_fm_-223-1280x854.jpg\" alt=\"\" class=\"wp-image-329012\" srcset=\"https:\/\/jundiai.sp.gov.br\/noticias\/wp-content\/uploads\/sites\/32\/2023\/10\/emeb-pedro-de-oliveira-girls-tech-day-atividade-realizada-pela-aws_fm_-223-1280x854.jpg 1280w, https:\/\/jundiai.sp.gov.br\/noticias\/wp-content\/uploads\/sites\/32\/2023\/10\/emeb-pedro-de-oliveira-girls-tech-day-atividade-realizada-pela-aws_fm_-223-300x200.jpg 300w, https:\/\/jundiai.sp.gov.br\/noticias\/wp-content\/uploads\/sites\/32\/2023\/10\/emeb-pedro-de-oliveira-girls-tech-day-atividade-realizada-pela-aws_fm_-223-768x512.jpg 768w, https:\/\/jundiai.sp.gov.br\/noticias\/wp-content\/uploads\/sites\/32\/2023\/10\/emeb-pedro-de-oliveira-girls-tech-day-atividade-realizada-pela-aws_fm_-223-1536x1024.jpg 1536w, https:\/\/jundiai.sp.gov.br\/noticias\/wp-content\/uploads\/sites\/32\/2023\/10\/emeb-pedro-de-oliveira-girls-tech-day-atividade-realizada-pela-aws_fm_-223-450x300.jpg 450w, https:\/\/jundiai.sp.gov.br\/noticias\/wp-content\/uploads\/sites\/32\/2023\/10\/emeb-pedro-de-oliveira-girls-tech-day-atividade-realizada-pela-aws_fm_-223.jpg 1900w\" sizes=\"auto, (max-width: 1280px) 100vw, 1280px\" \/><figcaption class=\"wp-element-caption\">Gabriela j\u00e1 est\u00e1 pensando nas formas em que a tecnologia pode contribuir para a sua carreira profissional<\/figcaption><\/figure>\n\n\n\n<p><strong>Assessoria de Imprensa<br>Fotos: Fot\u00f3grafos PMJ<\/strong><\/p>\n","protected":false},"excerpt":{"rendered":"<p>Jundia\u00ed recebeu, na manh\u00e3 desta ter\u00e7a-feira (10), a 3\u00aa edi\u00e7\u00e3o da Girls &#8216; Tech Day no Brasil, iniciativa da AWS \u2013 Amazon Web Services, empresa de computa\u00e7\u00e3o em nuvem, com foco no incentivo ao uso e contato com a Ci\u00eancia e Tecnologia entre o p\u00fablico feminino. A programa\u00e7\u00e3o da manh\u00e3 foi realizada na EMEB Pedro [&hellip;]<\/p>\n","protected":false},"author":14,"featured_media":329014,"comment_status":"closed","ping_status":"0","sticky":false,"template":"","format":"standard","meta":{"footnotes":""},"categories":[2],"tags":[6,4271,1061,1051],"ods":[4224,4225],"class_list":["post-329009","post","type-post","status-publish","format-standard","has-post-thumbnail","hentry","category-noticias","tag-educacao","tag-emeb-pedro-de-oliveira","tag-escola-inovadora","tag-rede-jundiai-de-cooperacao","ods-ods-04","ods-ods-05"],"_links":{"self":[{"href":"https:\/\/jundiai.sp.gov.br\/noticias\/wp-json\/wp\/v2\/posts\/329009","targetHints":{"allow":["GET"]}}],"collection":[{"href":"https:\/\/jundiai.sp.gov.br\/noticias\/wp-json\/wp\/v2\/posts"}],"about":[{"href":"https:\/\/jundiai.sp.gov.br\/noticias\/wp-json\/wp\/v2\/types\/post"}],"author":[{"embeddable":true,"href":"https:\/\/jundiai.sp.gov.br\/noticias\/wp-json\/wp\/v2\/users\/14"}],"replies":[{"embeddable":true,"href":"https:\/\/jundiai.sp.gov.br\/noticias\/wp-json\/wp\/v2\/comments?post=329009"}],"version-history":[{"count":7,"href":"https:\/\/jundiai.sp.gov.br\/noticias\/wp-json\/wp\/v2\/posts\/329009\/revisions"}],"predecessor-version":[{"id":329066,"href":"https:\/\/jundiai.sp.gov.br\/noticias\/wp-json\/wp\/v2\/posts\/329009\/revisions\/329066"}],"wp:featuredmedia":[{"embeddable":true,"href":"https:\/\/jundiai.sp.gov.br\/noticias\/wp-json\/wp\/v2\/media\/329014"}],"wp:attachment":[{"href":"https:\/\/jundiai.sp.gov.br\/noticias\/wp-json\/wp\/v2\/media?parent=329009"}],"wp:term":[{"taxonomy":"category","embeddable":true,"href":"https:\/\/jundiai.sp.gov.br\/noticias\/wp-json\/wp\/v2\/categories?post=329009"},{"taxonomy":"post_tag","embeddable":true,"href":"https:\/\/jundiai.sp.gov.br\/noticias\/wp-json\/wp\/v2\/tags?post=329009"},{"taxonomy":"ods","embeddable":true,"href":"https:\/\/jundiai.sp.gov.br\/noticias\/wp-json\/wp\/v2\/ods?post=329009"}],"curies":[{"name":"wp","href":"https:\/\/api.w.org\/{rel}","templated":true}]}}