{"id":330268,"date":"2023-10-28T08:00:00","date_gmt":"2023-10-28T11:00:00","guid":{"rendered":"https:\/\/jundiai.sp.gov.br\/noticias\/?p=330268"},"modified":"2023-10-27T11:12:27","modified_gmt":"2023-10-27T14:12:27","slug":"centros-esportivos-manutencao-permanente-para-qualidade-dos-espacos","status":"publish","type":"post","link":"https:\/\/jundiai.sp.gov.br\/noticias\/2023\/10\/28\/centros-esportivos-manutencao-permanente-para-qualidade-dos-espacos\/","title":{"rendered":"Centros Esportivos: manuten\u00e7\u00e3o permanente para qualidade dos espa\u00e7os"},"content":{"rendered":"\n<p>No or\u00e7amento deste ano, da Unidade de Gest\u00e3o de Esporte e Lazer (UGEL) da Prefeitura de Jundia\u00ed, a reserva de R$ 500 mil \u00e9 para as obras de infraestrutura de manuten\u00e7\u00e3o permanente nos 20 Complexos Educacionais, Culturais e Esportivos (CECEs) espalhados na cidade. Os espa\u00e7os, constru\u00eddos h\u00e1 mais de duas d\u00e9cadas, exigem cuidado permanente.<\/p>\n\n\n\n<figure class=\"wp-block-image size-large\"><img loading=\"lazy\" decoding=\"async\" width=\"1280\" height=\"843\" src=\"https:\/\/jundiai.sp.gov.br\/noticias\/wp-content\/uploads\/sites\/32\/2023\/10\/revitalizacao-do-cece-leo-pereira-lemos-nogueira-no-medeiros_fm_-67-1280x843.jpg\" alt=\"\" class=\"wp-image-330291\" srcset=\"https:\/\/jundiai.sp.gov.br\/noticias\/wp-content\/uploads\/sites\/32\/2023\/10\/revitalizacao-do-cece-leo-pereira-lemos-nogueira-no-medeiros_fm_-67-1280x843.jpg 1280w, https:\/\/jundiai.sp.gov.br\/noticias\/wp-content\/uploads\/sites\/32\/2023\/10\/revitalizacao-do-cece-leo-pereira-lemos-nogueira-no-medeiros_fm_-67-300x198.jpg 300w, https:\/\/jundiai.sp.gov.br\/noticias\/wp-content\/uploads\/sites\/32\/2023\/10\/revitalizacao-do-cece-leo-pereira-lemos-nogueira-no-medeiros_fm_-67-768x506.jpg 768w, https:\/\/jundiai.sp.gov.br\/noticias\/wp-content\/uploads\/sites\/32\/2023\/10\/revitalizacao-do-cece-leo-pereira-lemos-nogueira-no-medeiros_fm_-67-1536x1011.jpg 1536w, https:\/\/jundiai.sp.gov.br\/noticias\/wp-content\/uploads\/sites\/32\/2023\/10\/revitalizacao-do-cece-leo-pereira-lemos-nogueira-no-medeiros_fm_-67.jpg 1900w\" sizes=\"auto, (max-width: 1280px) 100vw, 1280px\" \/><figcaption class=\"wp-element-caption\">Fathima Coelho mora no bairro Medeiros h\u00e1 25 ano, e est\u00e1 satisfeita com as melhorias no Centro Esportivo, Leo Pereira<\/figcaption><\/figure>\n\n\n\n<p>&#8220;O trabalho \u00e9 di\u00e1rio. As equipes circulam os centros esportivos fazendo a manuten\u00e7\u00e3o periodicamente, seja com a pintura de campos, das constru\u00e7\u00f5es, realizando a troca de l\u00e2mpadas, torneiras, enfim, mantendo os espa\u00e7os adequados para o uso da popula\u00e7\u00e3o. Al\u00e9m disso, o cronograma tamb\u00e9m engloba os reparos por vandalismo, que ainda existe nos espa\u00e7os&#8221;, comenta o gestor da UGEL, Luis Claudio Tarallo. <\/p>\n\n\n\n<p>Nos \u00faltimos meses, as equipes estiveram nos CECEs, Antonio Marcussi, na Vila Cristo, no Rom\u00e3o de Souza, na Col\u00f4nia, no Dr. Nicolino de Luca, no Anhangaba\u00fa e no L\u00e9o Pereira Nogueira, no bairro Sarapiranga e o CECE Jos\u00e9 Demarchi, no Jardim Novo Horizonte. <\/p>\n\n\n\n<figure class=\"wp-block-image size-large\"><img loading=\"lazy\" decoding=\"async\" width=\"1280\" height=\"854\" src=\"https:\/\/jundiai.sp.gov.br\/noticias\/wp-content\/uploads\/sites\/32\/2023\/10\/revitalizacao-do-cece-leo-pereira-lemos-nogueira-no-medeiros_fm_-10-1280x854.jpg\" alt=\"\" class=\"wp-image-330289\" srcset=\"https:\/\/jundiai.sp.gov.br\/noticias\/wp-content\/uploads\/sites\/32\/2023\/10\/revitalizacao-do-cece-leo-pereira-lemos-nogueira-no-medeiros_fm_-10-1280x854.jpg 1280w, https:\/\/jundiai.sp.gov.br\/noticias\/wp-content\/uploads\/sites\/32\/2023\/10\/revitalizacao-do-cece-leo-pereira-lemos-nogueira-no-medeiros_fm_-10-300x200.jpg 300w, https:\/\/jundiai.sp.gov.br\/noticias\/wp-content\/uploads\/sites\/32\/2023\/10\/revitalizacao-do-cece-leo-pereira-lemos-nogueira-no-medeiros_fm_-10-768x512.jpg 768w, https:\/\/jundiai.sp.gov.br\/noticias\/wp-content\/uploads\/sites\/32\/2023\/10\/revitalizacao-do-cece-leo-pereira-lemos-nogueira-no-medeiros_fm_-10-1536x1024.jpg 1536w, https:\/\/jundiai.sp.gov.br\/noticias\/wp-content\/uploads\/sites\/32\/2023\/10\/revitalizacao-do-cece-leo-pereira-lemos-nogueira-no-medeiros_fm_-10-450x300.jpg 450w, https:\/\/jundiai.sp.gov.br\/noticias\/wp-content\/uploads\/sites\/32\/2023\/10\/revitalizacao-do-cece-leo-pereira-lemos-nogueira-no-medeiros_fm_-10.jpg 1900w\" sizes=\"auto, (max-width: 1280px) 100vw, 1280px\" \/><figcaption class=\"wp-element-caption\">Pintura faz parte dos investimentos realizados pela UGEL<\/figcaption><\/figure>\n\n\n\n<p>&#8220;O planejamento financeiro da cidade \u00e9 baseado em entregas de qualidade para o cidad\u00e3o, com base nos recursos dispon\u00edveis, sendo investimentos feitos em novas constru\u00e7\u00f5es e, principalmente na manuten\u00e7\u00e3o dos equipamentos j\u00e1 existentes, para o incentivo \u00e0s pr\u00e1ticas esportivas e promo\u00e7\u00e3o da sa\u00fade&#8221;, refor\u00e7a o gestor da Unidade de Gest\u00e3o de Governo e Finan\u00e7as (UGGF) Jos\u00e9 Antonio Parimoschi.<\/p>\n\n\n\n<p>Fathima Coelho \u00e9 moradora no bairro Medeiros h\u00e1 25 anos, e est\u00e1 satisfeita com as melhorias no Centro Esportivo, Leo Pereira. &#8220;O nosso bairro, por muito tempo, tinha a car\u00eancia destes espa\u00e7os para atividades das pessoas. Espa\u00e7os para as crian\u00e7as brincar, espa\u00e7os para o lazer, caminhar, n\u00e3o t\u00ednhamos. Mas, agora com este trabalho de restaura\u00e7\u00e3o vai ficar muito bom para todos n\u00f3s. Os brinquedos para crian\u00e7as no parquinho, espa\u00e7os para caminhar, e tamb\u00e9m equipamentos para pr\u00e1tica de exerc\u00edcios f\u00edsicos, s\u00e3o muito importantes&#8221;, comenta.<\/p>\n\n\n\n<figure class=\"wp-block-image size-large\"><img loading=\"lazy\" decoding=\"async\" width=\"1280\" height=\"854\" src=\"https:\/\/jundiai.sp.gov.br\/noticias\/wp-content\/uploads\/sites\/32\/2023\/10\/revitalizacao-do-cece-leo-pereira-lemos-nogueira-no-medeiros_fm_-7-1280x854.jpg\" alt=\"\" class=\"wp-image-330290\" srcset=\"https:\/\/jundiai.sp.gov.br\/noticias\/wp-content\/uploads\/sites\/32\/2023\/10\/revitalizacao-do-cece-leo-pereira-lemos-nogueira-no-medeiros_fm_-7-1280x854.jpg 1280w, https:\/\/jundiai.sp.gov.br\/noticias\/wp-content\/uploads\/sites\/32\/2023\/10\/revitalizacao-do-cece-leo-pereira-lemos-nogueira-no-medeiros_fm_-7-300x200.jpg 300w, https:\/\/jundiai.sp.gov.br\/noticias\/wp-content\/uploads\/sites\/32\/2023\/10\/revitalizacao-do-cece-leo-pereira-lemos-nogueira-no-medeiros_fm_-7-768x512.jpg 768w, https:\/\/jundiai.sp.gov.br\/noticias\/wp-content\/uploads\/sites\/32\/2023\/10\/revitalizacao-do-cece-leo-pereira-lemos-nogueira-no-medeiros_fm_-7-1536x1024.jpg 1536w, https:\/\/jundiai.sp.gov.br\/noticias\/wp-content\/uploads\/sites\/32\/2023\/10\/revitalizacao-do-cece-leo-pereira-lemos-nogueira-no-medeiros_fm_-7-450x300.jpg 450w, https:\/\/jundiai.sp.gov.br\/noticias\/wp-content\/uploads\/sites\/32\/2023\/10\/revitalizacao-do-cece-leo-pereira-lemos-nogueira-no-medeiros_fm_-7.jpg 1900w\" sizes=\"auto, (max-width: 1280px) 100vw, 1280px\" \/><figcaption class=\"wp-element-caption\">Equipes de zeladoria s\u00e3o respons\u00e1veis por manter os Complexos Esportivos organizados<\/figcaption><\/figure>\n\n\n\n<p>Chefe do Departamento de Zeladoria da UGEL, Francisco Carlos Paiva, o Fran, detalha que s\u00e3o necess\u00e1rios mais de 50 profissionais para manter os 20 espa\u00e7os em ordem. &#8220;Temos as equipes de limpeza geral e manuten\u00e7\u00e3o, manuten\u00e7\u00e3o das \u00e1reas verdes e gramados dos campos al\u00e9m das equipes da constru\u00e7\u00e3o civil, que contempla a alvenaria, hidr\u00e1ulica e el\u00e9trica&#8221;, detalha. <\/p>\n\n\n\n<p><strong>Assessoria de Imprensa<br>Fotos: Fot\u00f3grafos PMJ<\/strong><\/p>\n","protected":false},"excerpt":{"rendered":"<p>No or\u00e7amento deste ano, da Unidade de Gest\u00e3o de Esporte e Lazer (UGEL) da Prefeitura de Jundia\u00ed, a reserva de R$ 500 mil \u00e9 para as obras de infraestrutura de manuten\u00e7\u00e3o permanente nos 20 Complexos Educacionais, Culturais e Esportivos (CECEs) espalhados na cidade. Os espa\u00e7os, constru\u00eddos h\u00e1 mais de duas d\u00e9cadas, exigem cuidado permanente. &#8220;O [&hellip;]<\/p>\n","protected":false},"author":39,"featured_media":330290,"comment_status":"closed","ping_status":"0","sticky":false,"template":"","format":"standard","meta":{"footnotes":""},"categories":[2],"tags":[2778,1380,3132,1724,1290,2972],"ods":[4223],"class_list":["post-330268","post","type-post","status-publish","format-standard","has-post-thumbnail","hentry","category-noticias","tag-anhangabau","tag-colonia","tag-medeiros","tag-novo-horizonte","tag-unidade-de-gestao-de-esporte-e-lazer-ugel","tag-vila-cristo","ods-ods-03"],"_links":{"self":[{"href":"https:\/\/jundiai.sp.gov.br\/noticias\/wp-json\/wp\/v2\/posts\/330268","targetHints":{"allow":["GET"]}}],"collection":[{"href":"https:\/\/jundiai.sp.gov.br\/noticias\/wp-json\/wp\/v2\/posts"}],"about":[{"href":"https:\/\/jundiai.sp.gov.br\/noticias\/wp-json\/wp\/v2\/types\/post"}],"author":[{"embeddable":true,"href":"https:\/\/jundiai.sp.gov.br\/noticias\/wp-json\/wp\/v2\/users\/39"}],"replies":[{"embeddable":true,"href":"https:\/\/jundiai.sp.gov.br\/noticias\/wp-json\/wp\/v2\/comments?post=330268"}],"version-history":[{"count":7,"href":"https:\/\/jundiai.sp.gov.br\/noticias\/wp-json\/wp\/v2\/posts\/330268\/revisions"}],"predecessor-version":[{"id":330377,"href":"https:\/\/jundiai.sp.gov.br\/noticias\/wp-json\/wp\/v2\/posts\/330268\/revisions\/330377"}],"wp:featuredmedia":[{"embeddable":true,"href":"https:\/\/jundiai.sp.gov.br\/noticias\/wp-json\/wp\/v2\/media\/330290"}],"wp:attachment":[{"href":"https:\/\/jundiai.sp.gov.br\/noticias\/wp-json\/wp\/v2\/media?parent=330268"}],"wp:term":[{"taxonomy":"category","embeddable":true,"href":"https:\/\/jundiai.sp.gov.br\/noticias\/wp-json\/wp\/v2\/categories?post=330268"},{"taxonomy":"post_tag","embeddable":true,"href":"https:\/\/jundiai.sp.gov.br\/noticias\/wp-json\/wp\/v2\/tags?post=330268"},{"taxonomy":"ods","embeddable":true,"href":"https:\/\/jundiai.sp.gov.br\/noticias\/wp-json\/wp\/v2\/ods?post=330268"}],"curies":[{"name":"wp","href":"https:\/\/api.w.org\/{rel}","templated":true}]}}