{"id":330602,"date":"2023-11-05T08:00:00","date_gmt":"2023-11-05T11:00:00","guid":{"rendered":"https:\/\/jundiai.sp.gov.br\/noticias\/?p=330602"},"modified":"2023-10-31T17:45:58","modified_gmt":"2023-10-31T20:45:58","slug":"em-jundiai-campanha-para-conscientizar-sobre-o-cancer-de-mama-vai-de-outubro-a-outubro","status":"publish","type":"post","link":"https:\/\/jundiai.sp.gov.br\/noticias\/2023\/11\/05\/em-jundiai-campanha-para-conscientizar-sobre-o-cancer-de-mama-vai-de-outubro-a-outubro\/","title":{"rendered":"Em Jundia\u00ed, campanha para conscientizar sobre o c\u00e2ncer de mama vai de outubro a outubro"},"content":{"rendered":"\n<p>A campanha Outubro Rosa, movimento internacional de conscientiza\u00e7\u00e3o para a detec\u00e7\u00e3o precoce do c\u00e2ncer de mama, no Munic\u00edpio, n\u00e3o terminou no dia 31, \u00faltimo dia do m\u00eas. As a\u00e7\u00f5es, com foco no diagn\u00f3stico, na preven\u00e7\u00e3o e na promo\u00e7\u00e3o da qualidade de vida, permanecem ao longo do ano na rede municipal de sa\u00fade.<\/p>\n\n\n\n<p>\u201cEm Jundia\u00ed, o alerta vai de Outubro a Outubro. A sa\u00fade \u00e9 nossa prioridade e seguimos focados e atuando de maneira multiplataforma para a oferta de sa\u00fade qualificada e resolutiva, a partir de servi\u00e7os que garantem a assist\u00eancia integral e de a\u00e7\u00f5es voltadas ao autocuidado. Al\u00e9m da busca dos exames preventivos, a rede incentiva a ado\u00e7\u00e3o de bons h\u00e1bitos, como atividade f\u00edsica e alimenta\u00e7\u00e3o saud\u00e1vel, que contribuem para a preven\u00e7\u00e3o do c\u00e2ncer de mama e tamb\u00e9m dos demais tipos de c\u00e2nceres\u201d, destaca o prefeito Luiz Fernando Machado.<\/p>\n\n\n\n<figure class=\"wp-block-image size-large\"><img loading=\"lazy\" decoding=\"async\" width=\"1280\" height=\"720\" src=\"https:\/\/jundiai.sp.gov.br\/noticias\/wp-content\/uploads\/sites\/32\/2023\/10\/whatsapp-image-2023-10-31-at-11-27-02-1-1280x720.jpeg\" alt=\"\" class=\"wp-image-330775\" srcset=\"https:\/\/jundiai.sp.gov.br\/noticias\/wp-content\/uploads\/sites\/32\/2023\/10\/whatsapp-image-2023-10-31-at-11-27-02-1-1280x720.jpeg 1280w, https:\/\/jundiai.sp.gov.br\/noticias\/wp-content\/uploads\/sites\/32\/2023\/10\/whatsapp-image-2023-10-31-at-11-27-02-1-300x169.jpeg 300w, https:\/\/jundiai.sp.gov.br\/noticias\/wp-content\/uploads\/sites\/32\/2023\/10\/whatsapp-image-2023-10-31-at-11-27-02-1-768x432.jpeg 768w, https:\/\/jundiai.sp.gov.br\/noticias\/wp-content\/uploads\/sites\/32\/2023\/10\/whatsapp-image-2023-10-31-at-11-27-02-1-1536x864.jpeg 1536w, https:\/\/jundiai.sp.gov.br\/noticias\/wp-content\/uploads\/sites\/32\/2023\/10\/whatsapp-image-2023-10-31-at-11-27-02-1.jpeg 1600w\" sizes=\"auto, (max-width: 1280px) 100vw, 1280px\" \/><figcaption class=\"wp-element-caption\">Gl\u00e1ucia foi diagnosticada e faz um chamado para as mulheres realizarem os exames preventivos<\/figcaption><\/figure>\n\n\n\n<p>Neste ano, a campanha levou a realiza\u00e7\u00e3o de tr\u00eas mil mamografias na cidade. O chamado da Prefeitura para as mulheres a partir de 40 anos realizem o exame continua. Basta ir at\u00e9 a Unidade B\u00e1sica de Sa\u00fade (UBS), Nova UBS ou Cl\u00ednica da Fam\u00edlia, manifestar o interesse e o enfermeiro ou m\u00e9dico emitir\u00e1 a guia para o agendamento.<\/p>\n\n\n\n<p>\u201cEssa busca pelos exames preventivos \u00e9 fundamental. Eu sempre fiz e, aos 39 anos, fui diagnosticada com c\u00e2ncer de mama, a partir da descoberta de um pequeno n\u00f3dulo entre os ductos mam\u00e1rios. Passei por duas cirurgias e estou na segunda sess\u00e3o de quimioterapia. Faltam quatro. Tudo foi na fase inicial, o que \u00e9 um diferencial. Eu alerto a todas as mulheres a correrem atr\u00e1s. \u00c9 claro que bate um medo, mas quanto mais cedo descobrir, melhor \u00e9\u201d, orienta a servidora p\u00fablica Gl\u00e1ucia Jacob, atualmente em tratamento no Ambulat\u00f3rio da Mulher, instalado no complexo do Hospital Universit\u00e1rio (HU).<\/p>\n\n\n\n<p>\u201cErgui a minha cabe\u00e7a e procuro tirar uma li\u00e7\u00e3o disso tudo. Conto com o apoio da minha fam\u00edlia e de todos da equipe da sa\u00fade, que me acolheram e fazem de tudo para o meu bem-estar\u201d, complementa, com um sorriso no rosto.<\/p>\n\n\n\n<p>O Instituto Nacional de C\u00e2ncer (Inca) estima que, entre 2023 a 2025, sejam diagnosticados quase 74 mil novos casos de c\u00e2ncer de mama no Pa\u00eds, e que a doen\u00e7a cause 18 mil mortes. No Brasil, a m\u00e9dia de idade das mulheres com a doen\u00e7a \u00e9 de 53 anos e a incid\u00eancia \u00e9 maior nas regi\u00f5es Sul e Sudeste. Na cidade, no primeiro semestre deste ano, foram diagnosticados 35 novos casos na rede p\u00fablica de sa\u00fade.<\/p>\n\n\n\n<figure class=\"wp-block-image size-large\"><img loading=\"lazy\" decoding=\"async\" width=\"1280\" height=\"854\" src=\"https:\/\/jundiai.sp.gov.br\/noticias\/wp-content\/uploads\/sites\/32\/2023\/10\/outubro-rosa-afip-mamografia_fm_-6-1-1280x854.jpg\" alt=\"\" class=\"wp-image-330778\" srcset=\"https:\/\/jundiai.sp.gov.br\/noticias\/wp-content\/uploads\/sites\/32\/2023\/10\/outubro-rosa-afip-mamografia_fm_-6-1-1280x854.jpg 1280w, https:\/\/jundiai.sp.gov.br\/noticias\/wp-content\/uploads\/sites\/32\/2023\/10\/outubro-rosa-afip-mamografia_fm_-6-1-300x200.jpg 300w, https:\/\/jundiai.sp.gov.br\/noticias\/wp-content\/uploads\/sites\/32\/2023\/10\/outubro-rosa-afip-mamografia_fm_-6-1-768x512.jpg 768w, https:\/\/jundiai.sp.gov.br\/noticias\/wp-content\/uploads\/sites\/32\/2023\/10\/outubro-rosa-afip-mamografia_fm_-6-1-1536x1024.jpg 1536w, https:\/\/jundiai.sp.gov.br\/noticias\/wp-content\/uploads\/sites\/32\/2023\/10\/outubro-rosa-afip-mamografia_fm_-6-1-450x300.jpg 450w, https:\/\/jundiai.sp.gov.br\/noticias\/wp-content\/uploads\/sites\/32\/2023\/10\/outubro-rosa-afip-mamografia_fm_-6-1.jpg 1900w\" sizes=\"auto, (max-width: 1280px) 100vw, 1280px\" \/><figcaption class=\"wp-element-caption\">O encaminhamento para a mamografia pode ser solicitado na UBS<\/figcaption><\/figure>\n\n\n\n<p><strong>Atendimento<\/strong><br>Tanto o fluxo para o diagn\u00f3stico como para o tratamento da doen\u00e7a na rede municipal de sa\u00fade \u00e9 bem estabelecido, levando em m\u00e9dia, ap\u00f3s a descoberta, 15 dias para o in\u00edcio da interven\u00e7\u00e3o, prazo inferior ao preconizado pelo SUS. A paciente tamb\u00e9m conta com atendimento de equipe multiprofissional, incluindo os cuidados psicossociais.<\/p>\n\n\n\n<p>J\u00e1 nos servi\u00e7os da Aten\u00e7\u00e3o B\u00e1sica \u2013 Unidades B\u00e1sicas de Sa\u00fade (UBSs), Novas UBSs e Cl\u00ednicas da Fam\u00edlia \u2013, al\u00e9m do atendimento das equipes de sa\u00fade, s\u00e3o oferecidas atividades coletivas a partir de grupos como o artesanato, medita\u00e7\u00e3o, auriculoterapia, fisioterapia, dan\u00e7a circular, Lian Gong e alongamento, para promo\u00e7\u00e3o e preven\u00e7\u00e3o em sa\u00fade. O usu\u00e1rio s\u00f3 precisa procurar a unidade de refer\u00eancia para se informar sobre a programa\u00e7\u00e3o.<\/p>\n\n\n\n<p><strong>Assessoria de Imprensa<br>Foto: Fot\u00f3grafo PMJ <\/strong><\/p>\n","protected":false},"excerpt":{"rendered":"<p>A campanha Outubro Rosa, movimento internacional de conscientiza\u00e7\u00e3o para a detec\u00e7\u00e3o precoce do c\u00e2ncer de mama, no Munic\u00edpio, n\u00e3o terminou no dia 31, \u00faltimo dia do m\u00eas. As a\u00e7\u00f5es, com foco no diagn\u00f3stico, na preven\u00e7\u00e3o e na promo\u00e7\u00e3o da qualidade de vida, permanecem ao longo do ano na rede municipal de sa\u00fade. \u201cEm Jundia\u00ed, o [&hellip;]<\/p>\n","protected":false},"author":110,"featured_media":330774,"comment_status":"closed","ping_status":"0","sticky":false,"template":"","format":"standard","meta":{"footnotes":""},"categories":[2],"tags":[1159,319,981],"ods":[4223],"class_list":["post-330602","post","type-post","status-publish","format-standard","has-post-thumbnail","hentry","category-noticias","tag-ambulatorio-de-saude-da-mulher","tag-outubro-rosa","tag-promocao-da-saude","ods-ods-03"],"_links":{"self":[{"href":"https:\/\/jundiai.sp.gov.br\/noticias\/wp-json\/wp\/v2\/posts\/330602","targetHints":{"allow":["GET"]}}],"collection":[{"href":"https:\/\/jundiai.sp.gov.br\/noticias\/wp-json\/wp\/v2\/posts"}],"about":[{"href":"https:\/\/jundiai.sp.gov.br\/noticias\/wp-json\/wp\/v2\/types\/post"}],"author":[{"embeddable":true,"href":"https:\/\/jundiai.sp.gov.br\/noticias\/wp-json\/wp\/v2\/users\/110"}],"replies":[{"embeddable":true,"href":"https:\/\/jundiai.sp.gov.br\/noticias\/wp-json\/wp\/v2\/comments?post=330602"}],"version-history":[{"count":5,"href":"https:\/\/jundiai.sp.gov.br\/noticias\/wp-json\/wp\/v2\/posts\/330602\/revisions"}],"predecessor-version":[{"id":330788,"href":"https:\/\/jundiai.sp.gov.br\/noticias\/wp-json\/wp\/v2\/posts\/330602\/revisions\/330788"}],"wp:featuredmedia":[{"embeddable":true,"href":"https:\/\/jundiai.sp.gov.br\/noticias\/wp-json\/wp\/v2\/media\/330774"}],"wp:attachment":[{"href":"https:\/\/jundiai.sp.gov.br\/noticias\/wp-json\/wp\/v2\/media?parent=330602"}],"wp:term":[{"taxonomy":"category","embeddable":true,"href":"https:\/\/jundiai.sp.gov.br\/noticias\/wp-json\/wp\/v2\/categories?post=330602"},{"taxonomy":"post_tag","embeddable":true,"href":"https:\/\/jundiai.sp.gov.br\/noticias\/wp-json\/wp\/v2\/tags?post=330602"},{"taxonomy":"ods","embeddable":true,"href":"https:\/\/jundiai.sp.gov.br\/noticias\/wp-json\/wp\/v2\/ods?post=330602"}],"curies":[{"name":"wp","href":"https:\/\/api.w.org\/{rel}","templated":true}]}}