{"id":330813,"date":"2023-11-01T15:41:43","date_gmt":"2023-11-01T18:41:43","guid":{"rendered":"https:\/\/jundiai.sp.gov.br\/noticias\/?p=330813"},"modified":"2023-12-27T15:12:21","modified_gmt":"2023-12-27T18:12:21","slug":"festa-da-uva-2024-abre-edital-de-credenciamento-para-expositores","status":"publish","type":"post","link":"https:\/\/jundiai.sp.gov.br\/noticias\/2023\/11\/01\/festa-da-uva-2024-abre-edital-de-credenciamento-para-expositores\/","title":{"rendered":"Festa da Uva 2024 abre Edital de Credenciamento para expositores"},"content":{"rendered":"\n<p>A Prefeitura de Jundia\u00ed e a Associa\u00e7\u00e3o Agr\u00edcola de Jundia\u00ed abriram, nesta semana, o Edital de Chamamento para credenciamento de expositores para a 39\u00aa Festa da Uva de Jundia\u00ed e 10\u00aa Expo Vinhos, que ocorrer\u00e3o entre 11 de janeiro e 04 de fevereiro de 2024, no Parque da Uva. Os interessados dever\u00e3o apresentar as propostas na Associa\u00e7\u00e3o Agr\u00edcola de Jundia\u00ed, na R. Prof. Gi\u00e1como Itria, 370 &#8211; Anhangaba\u00fa, Jundia\u00ed, entre os dias 06 (segunda) e 10 (sexta) de novembro de 2023, das 13h \u00e0s 17h. Ser\u00e3o disponibilizadas 115 vagas para comercializa\u00e7\u00e3o de produtos.<\/p>\n\n\n\n<p>Ser\u00e3o selecionadas propostas de bairros e comunidades para a Pra\u00e7a de Alimenta\u00e7\u00e3o Deguste Jundia\u00ed, Entidades Assistenciais para o Espa\u00e7o das Entidades, Empreendimentos Tur\u00edsticos para o Emp\u00f3rio de Jundia\u00ed, Agricultores que representem bairros produtivos para o Espa\u00e7o das Frutas, produtores de vinhos para o Espa\u00e7o dos Vinhos e Ag\u00eancias de Turismo Receptivo para o Espa\u00e7o das Ag\u00eancias.<\/p>\n\n\n<div class=\"wp-block-image\">\n<figure class=\"aligncenter size-full\"><img loading=\"lazy\" decoding=\"async\" width=\"1280\" height=\"854\" src=\"https:\/\/jundiai.sp.gov.br\/noticias\/wp-content\/uploads\/sites\/32\/2023\/11\/38-festa-da-uva-e-9-expo-vinhos-jundiai-2023-_fm_-7-1280x854-1.jpg\" alt=\"\" class=\"wp-image-330814\" srcset=\"https:\/\/jundiai.sp.gov.br\/noticias\/wp-content\/uploads\/sites\/32\/2023\/11\/38-festa-da-uva-e-9-expo-vinhos-jundiai-2023-_fm_-7-1280x854-1.jpg 1280w, https:\/\/jundiai.sp.gov.br\/noticias\/wp-content\/uploads\/sites\/32\/2023\/11\/38-festa-da-uva-e-9-expo-vinhos-jundiai-2023-_fm_-7-1280x854-1-300x200.jpg 300w, https:\/\/jundiai.sp.gov.br\/noticias\/wp-content\/uploads\/sites\/32\/2023\/11\/38-festa-da-uva-e-9-expo-vinhos-jundiai-2023-_fm_-7-1280x854-1-768x512.jpg 768w, https:\/\/jundiai.sp.gov.br\/noticias\/wp-content\/uploads\/sites\/32\/2023\/11\/38-festa-da-uva-e-9-expo-vinhos-jundiai-2023-_fm_-7-1280x854-1-450x300.jpg 450w\" sizes=\"auto, (max-width: 1280px) 100vw, 1280px\" \/><figcaption class=\"wp-element-caption\">Festa da Uva 2024 abre Edital de Credenciamento para expositores<\/figcaption><\/figure>\n<\/div>\n\n\n<p>Os interessados dever\u00e3o indicar um produto principal e mais duas op\u00e7\u00f5es de produtos complementares. As vagas dispon\u00edveis ser\u00e3o preenchidas obedecendo a ordem de classifica\u00e7\u00e3o dos proponentes aprovados na sele\u00e7\u00e3o, atrav\u00e9s da banca julgadora.<\/p>\n\n\n\n<p>\u201cA Festa da Uva \u00e9 o maior evento do Agroneg\u00f3cio de Jundia\u00ed. No ano passado, 242 mil pessoas participaram do evento. Por isso, a nossa expectativa \u00e9 realizar, em 2024, a maior Festa da hist\u00f3ria e com ainda mais atra\u00e7\u00f5es\u201d, comenta o gestor da Unidade de Agroneg\u00f3cio, Abastecimento e Turismo, Eduardo Alvarez.<\/p>\n\n\n\n<p>O resultado estar\u00e1 dispon\u00edvel a partir do dia 17 de novembro de 2023. Para os interessados no credenciamento e demais informa\u00e7\u00f5es sobre o processo, o edital est\u00e1 dispon\u00edvel neste link: <a href=\"https:\/\/festadauva.jundiai.sp.gov.br\/editais-e-documentos\/\">https:\/\/festadauva.jundiai.sp.gov.br\/wp-content\/uploads\/2023\/10\/EDITAL-DE-CHAMAMENTO-PUBLICO-FESTA-DA-UVA.pdf<\/a><\/p>\n\n\n<div class=\"wp-block-image\">\n<figure class=\"aligncenter size-full\"><img loading=\"lazy\" decoding=\"async\" width=\"1280\" height=\"853\" src=\"https:\/\/jundiai.sp.gov.br\/noticias\/wp-content\/uploads\/sites\/32\/2023\/11\/festa_da_uva-2.jpg\" alt=\"\" class=\"wp-image-330815\" srcset=\"https:\/\/jundiai.sp.gov.br\/noticias\/wp-content\/uploads\/sites\/32\/2023\/11\/festa_da_uva-2.jpg 1280w, https:\/\/jundiai.sp.gov.br\/noticias\/wp-content\/uploads\/sites\/32\/2023\/11\/festa_da_uva-2-300x200.jpg 300w, https:\/\/jundiai.sp.gov.br\/noticias\/wp-content\/uploads\/sites\/32\/2023\/11\/festa_da_uva-2-768x512.jpg 768w, https:\/\/jundiai.sp.gov.br\/noticias\/wp-content\/uploads\/sites\/32\/2023\/11\/festa_da_uva-2-450x300.jpg 450w\" sizes=\"auto, (max-width: 1280px) 100vw, 1280px\" \/><figcaption class=\"wp-element-caption\">39\u00aa Festa da Uva de Jundia\u00ed e 10\u00aa Expo Vinhos ocorrer\u00e3o entre 11 de janeiro e 04 de fevereiro de 2024<\/figcaption><\/figure>\n<\/div>\n\n\n<p><strong>Assessoria de Imprensa<br>Foto: Fot\u00f3grafos PMJ<\/strong><\/p>\n","protected":false},"excerpt":{"rendered":"<p>A Prefeitura de Jundia\u00ed e a Associa\u00e7\u00e3o Agr\u00edcola de Jundia\u00ed abriram, nesta semana, o Edital de Chamamento para credenciamento de expositores para a 39\u00aa Festa da Uva de Jundia\u00ed e 10\u00aa Expo Vinhos, que ocorrer\u00e3o entre 11 de janeiro e 04 de fevereiro de 2024, no Parque da Uva. Os interessados dever\u00e3o apresentar as propostas [&hellip;]<\/p>\n","protected":false},"author":100,"featured_media":330814,"comment_status":"closed","ping_status":"0","sticky":false,"template":"","format":"standard","meta":{"footnotes":""},"categories":[2],"tags":[41,29,7,4315,1193],"ods":[],"class_list":["post-330813","post","type-post","status-publish","format-standard","has-post-thumbnail","hentry","category-noticias","tag-agricultura-abastecimento-e-turismo","tag-cultura","tag-festa-da-uva","tag-festa-da-uva-2024","tag-ugaat"],"_links":{"self":[{"href":"https:\/\/jundiai.sp.gov.br\/noticias\/wp-json\/wp\/v2\/posts\/330813","targetHints":{"allow":["GET"]}}],"collection":[{"href":"https:\/\/jundiai.sp.gov.br\/noticias\/wp-json\/wp\/v2\/posts"}],"about":[{"href":"https:\/\/jundiai.sp.gov.br\/noticias\/wp-json\/wp\/v2\/types\/post"}],"author":[{"embeddable":true,"href":"https:\/\/jundiai.sp.gov.br\/noticias\/wp-json\/wp\/v2\/users\/100"}],"replies":[{"embeddable":true,"href":"https:\/\/jundiai.sp.gov.br\/noticias\/wp-json\/wp\/v2\/comments?post=330813"}],"version-history":[{"count":7,"href":"https:\/\/jundiai.sp.gov.br\/noticias\/wp-json\/wp\/v2\/posts\/330813\/revisions"}],"predecessor-version":[{"id":330822,"href":"https:\/\/jundiai.sp.gov.br\/noticias\/wp-json\/wp\/v2\/posts\/330813\/revisions\/330822"}],"wp:featuredmedia":[{"embeddable":true,"href":"https:\/\/jundiai.sp.gov.br\/noticias\/wp-json\/wp\/v2\/media\/330814"}],"wp:attachment":[{"href":"https:\/\/jundiai.sp.gov.br\/noticias\/wp-json\/wp\/v2\/media?parent=330813"}],"wp:term":[{"taxonomy":"category","embeddable":true,"href":"https:\/\/jundiai.sp.gov.br\/noticias\/wp-json\/wp\/v2\/categories?post=330813"},{"taxonomy":"post_tag","embeddable":true,"href":"https:\/\/jundiai.sp.gov.br\/noticias\/wp-json\/wp\/v2\/tags?post=330813"},{"taxonomy":"ods","embeddable":true,"href":"https:\/\/jundiai.sp.gov.br\/noticias\/wp-json\/wp\/v2\/ods?post=330813"}],"curies":[{"name":"wp","href":"https:\/\/api.w.org\/{rel}","templated":true}]}}