{"id":331149,"date":"2023-11-10T09:51:55","date_gmt":"2023-11-10T12:51:55","guid":{"rendered":"https:\/\/jundiai.sp.gov.br\/noticias\/?p=331149"},"modified":"2023-11-10T09:51:55","modified_gmt":"2023-11-10T12:51:55","slug":"defesa-civil-alerta-para-onda-de-calor-nos-proximos-dias","status":"publish","type":"post","link":"https:\/\/jundiai.sp.gov.br\/noticias\/2023\/11\/10\/defesa-civil-alerta-para-onda-de-calor-nos-proximos-dias\/","title":{"rendered":"Defesa Civil alerta para onda de calor nos pr\u00f3ximos dias"},"content":{"rendered":"\n<p>A Defesa Civil do Estado informa que, entre s\u00e1bado (11) e segunda-feira (13), com a<br>chegada de uma massa de ar quente, as temperaturas tendem a subir gradativamente, com<br>momentos de calor intenso na Regi\u00e3o de Campinas, em que Jundia\u00ed est\u00e1 inserida. Com a condi\u00e7\u00e3o, a hidrata\u00e7\u00e3o e a prote\u00e7\u00e3o do sol s\u00e3o fundamentais para evitar casos de queimaduras e insola\u00e7\u00e3o. <\/p>\n\n\n\n<p>Como h\u00e1 previs\u00e3o para m\u00e1ximas de 38\u00b0C e sensa\u00e7\u00e3o t\u00e9rmica de 40\u00b0C, a indica\u00e7\u00e3o da Defesa Civil \u00e9 para que os exerc\u00edcios ao ar livre nos per\u00edodos mais quentes dos dias sejam evitados. &#8220;A partir das 12h, quando a temperatura aumenta e a umidade relativa do ar diminui, as pessoas devem evitar praticar atividades f\u00edsicas. Manter-se hidratado, bebendo bastante \u00e1gua, \u00e9 fundamental. Outra medida para evitar problemas, tanto de sa\u00fade, quanto ao meio ambiente, \u00e9 n\u00e3o atear fogo em vegeta\u00e7\u00e3o&#8221;, ressalta o coordenador da Defesa Civil de Jundia\u00ed, coronel Jo\u00e3o Os\u00f3rio Gimenez Germano. <\/p>\n\n\n\n<p>Outro ponto de aten\u00e7\u00e3o alertado pelo coordenador, \u00e9 para os riscos oferecidos por lagoas, lagos ou riachos. &#8220;J\u00e1 tivemos casos, nos \u00faltimos meses, de afogamentos em lagoas. Esses ambientes, al\u00e9m de proibidos para o uso, s\u00e3o desconhecidos e podem conter arames farpados, madeiras entre outras condi\u00e7\u00f5es que podem causar ferimentos graves&#8221;, refor\u00e7a. <\/p>\n\n\n\n<figure class=\"wp-block-image size-large\"><img loading=\"lazy\" decoding=\"async\" width=\"1280\" height=\"854\" src=\"https:\/\/jundiai.sp.gov.br\/noticias\/wp-content\/uploads\/sites\/32\/2023\/11\/calor-umidade-do-ar-pessoas-bebendo-agua_fm_-7-1280x854.jpg\" alt=\"\" class=\"wp-image-331181\" srcset=\"https:\/\/jundiai.sp.gov.br\/noticias\/wp-content\/uploads\/sites\/32\/2023\/11\/calor-umidade-do-ar-pessoas-bebendo-agua_fm_-7-1280x854.jpg 1280w, https:\/\/jundiai.sp.gov.br\/noticias\/wp-content\/uploads\/sites\/32\/2023\/11\/calor-umidade-do-ar-pessoas-bebendo-agua_fm_-7-300x200.jpg 300w, https:\/\/jundiai.sp.gov.br\/noticias\/wp-content\/uploads\/sites\/32\/2023\/11\/calor-umidade-do-ar-pessoas-bebendo-agua_fm_-7-768x512.jpg 768w, https:\/\/jundiai.sp.gov.br\/noticias\/wp-content\/uploads\/sites\/32\/2023\/11\/calor-umidade-do-ar-pessoas-bebendo-agua_fm_-7-1536x1024.jpg 1536w, https:\/\/jundiai.sp.gov.br\/noticias\/wp-content\/uploads\/sites\/32\/2023\/11\/calor-umidade-do-ar-pessoas-bebendo-agua_fm_-7-450x300.jpg 450w, https:\/\/jundiai.sp.gov.br\/noticias\/wp-content\/uploads\/sites\/32\/2023\/11\/calor-umidade-do-ar-pessoas-bebendo-agua_fm_-7.jpg 1900w\" sizes=\"auto, (max-width: 1280px) 100vw, 1280px\" \/><figcaption class=\"wp-element-caption\">Hidrata\u00e7\u00e3o e prote\u00e7\u00e3o contra sol com roupas leves ou protetor solar s\u00e3o essenciais <\/figcaption><\/figure>\n\n\n\n<p>As pessoas mais suscept\u00edveis a problemas pelas altas temperaturas s\u00e3o os idosos e as crian\u00e7as. Ambos devem se manter protegidos do sol e hidratados. &#8220;Os extremos da vida recebem os impactos das altas temperaturas mais intensamente. As crian\u00e7as e os idosos t\u00eam pele mais delicada e o organismo mais sens\u00edvel, por isso, aten\u00e7\u00e3o \u00e0 hidrata\u00e7\u00e3o e \u00e0 alimenta\u00e7\u00e3o e uso de roupas leves&#8221;, comenta a m\u00e9dica de Sa\u00fade da Fam\u00edlia e gestora adjunta da Unidade de Gest\u00e3o de Promo\u00e7\u00e3o da Sa\u00fade (UGPS), Dayane Martins. <\/p>\n\n\n\n<p><strong>Dicas<\/strong><\/p>\n\n\n\n<ul class=\"wp-block-list\">\n<li>Usar\u00a0roupas leves e de<a class=\"\" href=\"https:\/\/gshow.globo.com\/moda-e-beleza\/noticia\/looks-para-usar-no-verao-formula-para-aprender-o-que-usar-no-calor.ghtml\"> <\/a>algod\u00e3o; <\/li>\n\n\n\n<li>Evitar banhos quentes;<\/li>\n\n\n\n<li>Evitar pr\u00e1tica de atividades ao ar livre nos hor\u00e1rios de pico de calor (entre 12h e 16h);<\/li>\n\n\n\n<li>Evitar consumo excessivo de \u00e1lcool;<\/li>\n\n\n\n<li>Proteja-se ao se expor aos raios solares com chap\u00e9us, viseiras, \u00f3culos de sol e roupas de prote\u00e7\u00e3o UV e filtros solares de alto espectro de prote\u00e7\u00e3o (FPS maior que 30);<\/li>\n\n\n\n<li>Se hidratar com \u00e1gua, sucos e o consumo de frutas &#8211; que tamb\u00e9m s\u00e3o ricas em \u00e1gua -, assim como uma alimenta\u00e7\u00e3o mais leve com verduras e legumes.<\/li>\n<\/ul>\n\n\n\n<p><strong>Assessoria de Imprensa<\/strong><br><strong>Fotos: Fot\u00f3grafos<\/strong> <strong>PMJ<\/strong><\/p>\n","protected":false},"excerpt":{"rendered":"<p>A Defesa Civil do Estado informa que, entre s\u00e1bado (11) e segunda-feira (13), com achegada de uma massa de ar quente, as temperaturas tendem a subir gradativamente, commomentos de calor intenso na Regi\u00e3o de Campinas, em que Jundia\u00ed est\u00e1 inserida. Com a condi\u00e7\u00e3o, a hidrata\u00e7\u00e3o e a prote\u00e7\u00e3o do sol s\u00e3o fundamentais para evitar casos [&hellip;]<\/p>\n","protected":false},"author":39,"featured_media":331181,"comment_status":"closed","ping_status":"0","sticky":false,"template":"","format":"standard","meta":{"footnotes":""},"categories":[2],"tags":[4187,2629,981],"ods":[4233,4235,4223],"class_list":["post-331149","post","type-post","status-publish","format-standard","has-post-thumbnail","hentry","category-noticias","tag-alerta-defesa-civil","tag-defesa-civil-de-jundiai","tag-promocao-da-saude","ods-ods-13","ods-ods-15","ods-ods-03"],"_links":{"self":[{"href":"https:\/\/jundiai.sp.gov.br\/noticias\/wp-json\/wp\/v2\/posts\/331149","targetHints":{"allow":["GET"]}}],"collection":[{"href":"https:\/\/jundiai.sp.gov.br\/noticias\/wp-json\/wp\/v2\/posts"}],"about":[{"href":"https:\/\/jundiai.sp.gov.br\/noticias\/wp-json\/wp\/v2\/types\/post"}],"author":[{"embeddable":true,"href":"https:\/\/jundiai.sp.gov.br\/noticias\/wp-json\/wp\/v2\/users\/39"}],"replies":[{"embeddable":true,"href":"https:\/\/jundiai.sp.gov.br\/noticias\/wp-json\/wp\/v2\/comments?post=331149"}],"version-history":[{"count":16,"href":"https:\/\/jundiai.sp.gov.br\/noticias\/wp-json\/wp\/v2\/posts\/331149\/revisions"}],"predecessor-version":[{"id":331182,"href":"https:\/\/jundiai.sp.gov.br\/noticias\/wp-json\/wp\/v2\/posts\/331149\/revisions\/331182"}],"wp:featuredmedia":[{"embeddable":true,"href":"https:\/\/jundiai.sp.gov.br\/noticias\/wp-json\/wp\/v2\/media\/331181"}],"wp:attachment":[{"href":"https:\/\/jundiai.sp.gov.br\/noticias\/wp-json\/wp\/v2\/media?parent=331149"}],"wp:term":[{"taxonomy":"category","embeddable":true,"href":"https:\/\/jundiai.sp.gov.br\/noticias\/wp-json\/wp\/v2\/categories?post=331149"},{"taxonomy":"post_tag","embeddable":true,"href":"https:\/\/jundiai.sp.gov.br\/noticias\/wp-json\/wp\/v2\/tags?post=331149"},{"taxonomy":"ods","embeddable":true,"href":"https:\/\/jundiai.sp.gov.br\/noticias\/wp-json\/wp\/v2\/ods?post=331149"}],"curies":[{"name":"wp","href":"https:\/\/api.w.org\/{rel}","templated":true}]}}