{"id":331230,"date":"2023-11-11T08:00:00","date_gmt":"2023-11-11T11:00:00","guid":{"rendered":"https:\/\/jundiai.sp.gov.br\/noticias\/?p=331230"},"modified":"2023-11-13T09:52:21","modified_gmt":"2023-11-13T12:52:21","slug":"escola-cidada-inspira-projeto-finalista-em-feira-de-ciencias-do-estado-de-sao-paulo","status":"publish","type":"post","link":"https:\/\/jundiai.sp.gov.br\/noticias\/2023\/11\/11\/escola-cidada-inspira-projeto-finalista-em-feira-de-ciencias-do-estado-de-sao-paulo\/","title":{"rendered":"Escola Cidad\u00e3 inspira projeto finalista em Feira de Ci\u00eancias do Estado de S\u00e3o Paulo"},"content":{"rendered":"\n<p>Desenvolvido pela Unidade de Gest\u00e3o da Casa Civil (UGCC), da Prefeitura de Jundia\u00ed, o projeto piloto Escola Cidad\u00e3, inspirou alunos da Escola Estadual Deolinda Copelli a inscreverem um trabalho pr\u00e9-cient\u00edfico na 9\u00aa Feira de Ci\u00eancias das Escolas Estaduais de S\u00e3o Paulo (FeCEESP), direcionado para a seguran\u00e7a das mulheres. A proposta foi selecionada entre as finalistas estaduais na categoria Master \u2013 Linguagem e segue para a grande final, feita pela Secretaria de Estado da Educa\u00e7\u00e3o.<\/p>\n\n\n\n<p>&#8220;Jundia\u00ed, a partir do projeto Escola Cidad\u00e3, motivou os jovens a constru\u00edrem pol\u00edticas p\u00fablicas, al\u00e9m de estimular o pr\u00f3prio desenvolvimento de seu potencial. A participa\u00e7\u00e3o do jovem na administra\u00e7\u00e3o p\u00fablica \u00e9 fundamental para a\u00e7\u00f5es que contribuam com o Estado de S\u00e3o Paulo&#8221;, ressalta o prefeito Luiz Fernando Machado.<\/p>\n\n\n\n<p>\u201cO Escola Cidad\u00e3 nasceu com o objetivo de apresentar e atrair os jovens para as discuss\u00f5es de pol\u00edticas p\u00fablicas. Saber que os jovens inspiraram projeto de lei e agora, est\u00e3o na disputa estadual em feira cient\u00edfica, refor\u00e7a o caminho desenvolvido desde o ano passado, com a participa\u00e7\u00e3o do N\u00facleo de Assessorias de Pol\u00edticas P\u00fablicas em parceria com a Diretoria Regional de Ensino de Jundia\u00ed\u201d, comenta o gestor da Casa Civil, Dr. Gustavo Leopoldo Caserta Maryssael de Campos.<\/p>\n\n\n\n<p>Um dos alunos envolvidos no projeto, Caio Schimit afirma que a ideia foi mudar a forma de comunica\u00e7\u00e3o para chamar a aten\u00e7\u00e3o do problema. \u201cEstimulamos o debate com foco no empoderamento da mulher e n\u00e3o na viol\u00eancia, pois dessa maneira o processo de supera\u00e7\u00e3o pode ser facilitado\u201d.<\/p>\n\n\n\n<figure class=\"wp-block-image size-large\"><img loading=\"lazy\" decoding=\"async\" width=\"1280\" height=\"854\" src=\"https:\/\/jundiai.sp.gov.br\/noticias\/wp-content\/uploads\/sites\/32\/2023\/11\/projeto-escola-cidada-premio-ee-deolinda-copelli_fm_-21-1280x854.jpg\" alt=\"\" class=\"wp-image-331233\" srcset=\"https:\/\/jundiai.sp.gov.br\/noticias\/wp-content\/uploads\/sites\/32\/2023\/11\/projeto-escola-cidada-premio-ee-deolinda-copelli_fm_-21-1280x854.jpg 1280w, https:\/\/jundiai.sp.gov.br\/noticias\/wp-content\/uploads\/sites\/32\/2023\/11\/projeto-escola-cidada-premio-ee-deolinda-copelli_fm_-21-300x200.jpg 300w, https:\/\/jundiai.sp.gov.br\/noticias\/wp-content\/uploads\/sites\/32\/2023\/11\/projeto-escola-cidada-premio-ee-deolinda-copelli_fm_-21-768x512.jpg 768w, https:\/\/jundiai.sp.gov.br\/noticias\/wp-content\/uploads\/sites\/32\/2023\/11\/projeto-escola-cidada-premio-ee-deolinda-copelli_fm_-21-1536x1024.jpg 1536w, https:\/\/jundiai.sp.gov.br\/noticias\/wp-content\/uploads\/sites\/32\/2023\/11\/projeto-escola-cidada-premio-ee-deolinda-copelli_fm_-21-450x300.jpg 450w, https:\/\/jundiai.sp.gov.br\/noticias\/wp-content\/uploads\/sites\/32\/2023\/11\/projeto-escola-cidada-premio-ee-deolinda-copelli_fm_-21.jpg 1900w\" sizes=\"auto, (max-width: 1280px) 100vw, 1280px\" \/><figcaption class=\"wp-element-caption\">Estudantes desenvolveram projeto para influenciar e estimular os jovens<\/figcaption><\/figure>\n\n\n\n<p>Para Emily Xavier, outra aluna envolvida, o Escola Cidad\u00e3 foi fundamental para que houvesse um aprofundamento no tema e na possibilidade de passar uma mensagem de conscientiza\u00e7\u00e3o a mais jovens. \u201cEssa \u00e9 uma tem\u00e1tica muito importante e deve ser amplamente debatida e difundida entre os jovens. Acreditamos que influenciar esse p\u00fablico \u00e9 fundamental para educar, cortar o mal pela raiz e mostrar que a viol\u00eancia, independente de qual seja, n\u00e3o \u00e9 normal\u201d, explica.<\/p>\n\n\n\n<p>Para a dirigente da Diretoria de Ensino de Jundia\u00ed, Valdete Ramos de Oliveira Melo, o projeto Escola Cidad\u00e3 \u00e9 motor propulsor para debates de temas de grande relev\u00e2ncia. \u201cA viol\u00eancia contra a mulher foi o tema escolhido pelos estudantes para ser trabalhado como proposta de pol\u00edtica p\u00fablica para ser apresentada \u00e0 cidade, como proposto pelo prefeito Luiz Fernando Machado. \u00c9 de extrema necessidade sua discuss\u00e3o e o projeto de lei apresentado pelo prefeito, na semana passada, vem ao encontro da necessidade de fortalecer e sedimentar o assunto nas escolas\u201d, refor\u00e7a.<\/p>\n\n\n\n<p><strong>Feira<\/strong><\/p>\n\n\n\n<p>A FeCEESP \u00e9 uma a\u00e7\u00e3o pedag\u00f3gica que busca estimular e promover a forma\u00e7\u00e3o dos estudantes da rede estadual de ensino, no \u00e2mbito das Ci\u00eancias da Natureza, das Ci\u00eancias Humanas e Sociais Aplicadas, das Linguagens e da Matem\u00e1tica, inserindo-os no contexto da Pr\u00e9-Inicia\u00e7\u00e3o Cient\u00edfica.<\/p>\n\n\n\n<p>A 9\u00aa FeCEESP conta com tr\u00eas categorias: Mirim (4\u00ba e 5\u00ba anos EF), J\u00fanior (6\u00ba, 7\u00ba, 8\u00ba anos EF), Master (9\u00ba ano EF, 1\u00aa e 2\u00aa s\u00e9ries do EM e EJA). J\u00e1 as \u00c1reas do Conhecimento s\u00e3o distribu\u00eddas em: Ci\u00eancias da Natureza \u2013 CN, Ci\u00eancias Humanas e Sociais Aplicadas \u2013 CHS, Desafios Matem\u00e1ticos \u2013 DM e Linguagens \u2013 LGG.<\/p>\n\n\n\n<p>O trabalho elaborado pelas alunas da EE Deolinda Copelli foi selecionado entre os 237 projetos inscritos. Da Diretoria Regional de Jundia\u00ed, ainda foram selecionados outros tr\u00eas projetos (EE Maria de Lurdes, EE Jer\u00f4nimo de Camargo e EE Mitiharu Tanaka).<\/p>\n\n\n\n<p><strong>Assessoria de Imprensa<br>Fotos: Fot\u00f3grafos PMJ<\/strong><\/p>\n","protected":false},"excerpt":{"rendered":"<p>Desenvolvido pela Unidade de Gest\u00e3o da Casa Civil (UGCC), da Prefeitura de Jundia\u00ed, o projeto piloto Escola Cidad\u00e3, inspirou alunos da Escola Estadual Deolinda Copelli a inscreverem um trabalho pr\u00e9-cient\u00edfico na 9\u00aa Feira de Ci\u00eancias das Escolas Estaduais de S\u00e3o Paulo (FeCEESP), direcionado para a seguran\u00e7a das mulheres. A proposta foi selecionada entre as finalistas [&hellip;]<\/p>\n","protected":false},"author":39,"featured_media":331233,"comment_status":"closed","ping_status":"0","sticky":false,"template":"","format":"standard","meta":{"footnotes":""},"categories":[2],"tags":[989,996,991,1031,1041,988,2505,62],"ods":[],"class_list":["post-331230","post","type-post","status-publish","format-standard","has-post-thumbnail","hentry","category-noticias","tag-assessoria-de-politicas-de-direitos-humanos","tag-assessoria-de-politicas-para-a-igualdade-racial","tag-assessoria-de-politicas-para-a-juventude","tag-assessoria-de-politicas-para-pessoa-com-deficiencia","tag-assessoria-de-politicas-para-diversidade-sexual","tag-assessoria-de-politicas-para-o-idoso","tag-assessoria-de-politicas-publicas-para-as-mulheres-da-unidade-de-gestao-da-casa-civil","tag-casa-civil"],"_links":{"self":[{"href":"https:\/\/jundiai.sp.gov.br\/noticias\/wp-json\/wp\/v2\/posts\/331230","targetHints":{"allow":["GET"]}}],"collection":[{"href":"https:\/\/jundiai.sp.gov.br\/noticias\/wp-json\/wp\/v2\/posts"}],"about":[{"href":"https:\/\/jundiai.sp.gov.br\/noticias\/wp-json\/wp\/v2\/types\/post"}],"author":[{"embeddable":true,"href":"https:\/\/jundiai.sp.gov.br\/noticias\/wp-json\/wp\/v2\/users\/39"}],"replies":[{"embeddable":true,"href":"https:\/\/jundiai.sp.gov.br\/noticias\/wp-json\/wp\/v2\/comments?post=331230"}],"version-history":[{"count":3,"href":"https:\/\/jundiai.sp.gov.br\/noticias\/wp-json\/wp\/v2\/posts\/331230\/revisions"}],"predecessor-version":[{"id":331252,"href":"https:\/\/jundiai.sp.gov.br\/noticias\/wp-json\/wp\/v2\/posts\/331230\/revisions\/331252"}],"wp:featuredmedia":[{"embeddable":true,"href":"https:\/\/jundiai.sp.gov.br\/noticias\/wp-json\/wp\/v2\/media\/331233"}],"wp:attachment":[{"href":"https:\/\/jundiai.sp.gov.br\/noticias\/wp-json\/wp\/v2\/media?parent=331230"}],"wp:term":[{"taxonomy":"category","embeddable":true,"href":"https:\/\/jundiai.sp.gov.br\/noticias\/wp-json\/wp\/v2\/categories?post=331230"},{"taxonomy":"post_tag","embeddable":true,"href":"https:\/\/jundiai.sp.gov.br\/noticias\/wp-json\/wp\/v2\/tags?post=331230"},{"taxonomy":"ods","embeddable":true,"href":"https:\/\/jundiai.sp.gov.br\/noticias\/wp-json\/wp\/v2\/ods?post=331230"}],"curies":[{"name":"wp","href":"https:\/\/api.w.org\/{rel}","templated":true}]}}