{"id":331309,"date":"2023-11-11T08:10:00","date_gmt":"2023-11-11T11:10:00","guid":{"rendered":"https:\/\/jundiai.sp.gov.br\/noticias\/?p=331309"},"modified":"2023-11-10T17:50:38","modified_gmt":"2023-11-10T20:50:38","slug":"zumbiteca-chega-a-7a-edicao-e-traz-como-tema-o-afrofuturismo","status":"publish","type":"post","link":"https:\/\/jundiai.sp.gov.br\/noticias\/2023\/11\/11\/zumbiteca-chega-a-7a-edicao-e-traz-como-tema-o-afrofuturismo\/","title":{"rendered":"ZumbiTECA chega \u00e0 7\u00aa edi\u00e7\u00e3o e traz como tema o Afrofuturismo"},"content":{"rendered":"\n<p>A ZumbiTECA, programa\u00e7\u00e3o tem\u00e1tica para o m\u00eas de novembro na Biblioteca Municipal Professor Nelson Foot, chega, este ano, \u00e0 sua 7\u00aa edi\u00e7\u00e3o. Desta vez, a programa\u00e7\u00e3o proposta pela Unidade de Gest\u00e3o de Cultura (UGC) come\u00e7a nesta ter\u00e7a-feira (14) e ter\u00e1 como tema o \u201cAfrofuturismo\u201d, movimento e conceito que tem como foco o questionamento do passado, transforma\u00e7\u00e3o do presente e constru\u00e7\u00e3o de futuro inclusivo e participativo no qual a popula\u00e7\u00e3o preta esteja presente e em sua m\u00e1xima pot\u00eancia.<\/p>\n\n\n\n<p>\u201cA ZumbiTECA surgiu da necessidade identificada pela equipe da Biblioteca de colocar em evid\u00eancia autores que contemplassem as comemora\u00e7\u00f5es da Consci\u00eancia Negra, do feriado de 20 de novembro. Por isso, h\u00e1 sete anos, a programa\u00e7\u00e3o elege temas e autores, e conta com atividades diversas, como palestras, exposi\u00e7\u00f5es e oficinas tem\u00e1ticas\u201d, explica a bibliotec\u00e1ria Michele Bueno.<\/p>\n\n\n\n<figure class=\"wp-block-image size-large\"><img loading=\"lazy\" decoding=\"async\" width=\"1280\" height=\"853\" src=\"https:\/\/jundiai.sp.gov.br\/noticias\/wp-content\/uploads\/sites\/32\/2023\/11\/zumbiteca_biblioteca-1280x853.jpg\" alt=\"\" class=\"wp-image-331313\" srcset=\"https:\/\/jundiai.sp.gov.br\/noticias\/wp-content\/uploads\/sites\/32\/2023\/11\/zumbiteca_biblioteca-1280x853.jpg 1280w, https:\/\/jundiai.sp.gov.br\/noticias\/wp-content\/uploads\/sites\/32\/2023\/11\/zumbiteca_biblioteca-300x200.jpg 300w, https:\/\/jundiai.sp.gov.br\/noticias\/wp-content\/uploads\/sites\/32\/2023\/11\/zumbiteca_biblioteca-768x512.jpg 768w, https:\/\/jundiai.sp.gov.br\/noticias\/wp-content\/uploads\/sites\/32\/2023\/11\/zumbiteca_biblioteca-450x300.jpg 450w, https:\/\/jundiai.sp.gov.br\/noticias\/wp-content\/uploads\/sites\/32\/2023\/11\/zumbiteca_biblioteca.jpg 1323w\" sizes=\"auto, (max-width: 1280px) 100vw, 1280px\" \/><figcaption class=\"wp-element-caption\">Com tema &#8220;Afrofuturismo&#8221;, programa\u00e7\u00e3o desta 7\u00aa edi\u00e7\u00e3o come\u00e7a nesta ter\u00e7a (14), \u00e0s 19h<\/figcaption><\/figure>\n\n\n\n<p>Esta edi\u00e7\u00e3o ter\u00e1 como base a obra \u201cTrajet\u00f3ria do Africano em Territ\u00f3rio Brasileiro\u201d, do professor Natanael dos Santos.<\/p>\n\n\n\n<p>A programa\u00e7\u00e3o come\u00e7a na pr\u00f3xima ter\u00e7a-feira (14), \u00e0 19h, com o Sarau L\u00edtero-musical de abertura, no audit\u00f3rio da Biblioteca. Al\u00e9m das falas da equipe da Biblioteca e de autoridades, a abertura contar\u00e1 ainda com o show musical da Banda Crazy, que traz o Reggae, importante manifesta\u00e7\u00e3o musical da popula\u00e7\u00e3o preta em seu repert\u00f3rio.<\/p>\n\n\n\n<p>Tamb\u00e9m est\u00e3o programadas para a abertura as apresenta\u00e7\u00f5es da presidente do Conselho Municipal de Participa\u00e7\u00e3o e Desenvolvimento da Comunidade Negra, P\u00e9rola Elizabete; e do ativista e membro da Coordena\u00e7\u00e3o Nacional do C\u00edrculo Palmarino, Vanderlei Vitorino (BA). O p\u00fablico poder\u00e1 prestigiar ainda a performance afrofuturista do bailarino Tch\u00ea.<\/p>\n\n\n\n<p>Juntamente com o Sarau ser\u00e1 realizada a abertura oficial da \u201cExposi\u00e7\u00e3o Cultural Afrofuturista &#8211; resgatando o passado, projetando o futuro\u201d, no espa\u00e7o Cyber. Por meio de esta\u00e7\u00f5es tem\u00e1ticas, a exposi\u00e7\u00e3o ir\u00e1 retratar as contribui\u00e7\u00f5es do povo eg\u00edpcio para a Medicina (por meio da mumifica\u00e7\u00e3o), Matem\u00e1tica e Escrita \u2013 do presente e do futuro.<\/p>\n\n\n\n<p>Tamb\u00e9m far\u00e3o parte da exposi\u00e7\u00e3o uma esta\u00e7\u00e3o com fotos de afrofuturistas da Hist\u00f3ria de Jundia\u00ed e do Mundo, com retratos do apagamento dessa Cultura no passado, sua realidade no presente \u2013 por meio dos exemplos de personalidades \u2013 e de suas perspectivas no futuro. Para a abertura, est\u00e1 previsto ainda um desfile interativo.<\/p>\n\n\n\n<p>A exposi\u00e7\u00e3o tem curadoria da equipe da Biblioteca, pesquisa de Pl\u00ednio Camilo e poder\u00e1 ser visitada gratuitamente at\u00e9 o final de dezembro.<\/p>\n\n\n\n<p><strong>Mais ZumbiTECA<br><\/strong>Ao longo do m\u00eas de novembro, est\u00e3o programadas outras atividades tem\u00e1ticas pela ZumbiTECA. Um dos destaques vai para a <a href=\"https:\/\/cultura.jundiai.sp.gov.br\/agenda-cultural\/contacao-de-historias-lenda-das-trancas-com-a-cia-sorrisinho-negro\/\" data-type=\"link\" data-id=\"https:\/\/cultura.jundiai.sp.gov.br\/agenda-cultural\/contacao-de-historias-lenda-das-trancas-com-a-cia-sorrisinho-negro\/\" target=\"_blank\" rel=\"noreferrer noopener\">conta\u00e7\u00e3o de hist\u00f3rias \u201cLenda das Tran\u00e7as\u201d, com a Cia. Sorrisinho Negro, marcada para o s\u00e1bado (25), a partir das 11h<\/a>.<\/p>\n\n\n\n<p>A Biblioteca Municipal fica na avenida Dr. Cavalcanti, 396 \u2013 Complexo Argos. Mais informa\u00e7\u00f5es pelo telefone 4527-2110.<\/p>\n\n\n\n<figure class=\"wp-block-image size-large\"><img loading=\"lazy\" decoding=\"async\" width=\"958\" height=\"960\" src=\"https:\/\/jundiai.sp.gov.br\/noticias\/wp-content\/uploads\/sites\/32\/2023\/11\/exposicao-zumbiteca-urbanidade-negra_fm_-39-958x960.jpg\" alt=\"\" class=\"wp-image-331312\" srcset=\"https:\/\/jundiai.sp.gov.br\/noticias\/wp-content\/uploads\/sites\/32\/2023\/11\/exposicao-zumbiteca-urbanidade-negra_fm_-39-958x960.jpg 958w, https:\/\/jundiai.sp.gov.br\/noticias\/wp-content\/uploads\/sites\/32\/2023\/11\/exposicao-zumbiteca-urbanidade-negra_fm_-39-300x300.jpg 300w, https:\/\/jundiai.sp.gov.br\/noticias\/wp-content\/uploads\/sites\/32\/2023\/11\/exposicao-zumbiteca-urbanidade-negra_fm_-39-100x100.jpg 100w, https:\/\/jundiai.sp.gov.br\/noticias\/wp-content\/uploads\/sites\/32\/2023\/11\/exposicao-zumbiteca-urbanidade-negra_fm_-39-768x769.jpg 768w, https:\/\/jundiai.sp.gov.br\/noticias\/wp-content\/uploads\/sites\/32\/2023\/11\/exposicao-zumbiteca-urbanidade-negra_fm_-39-1533x1536.jpg 1533w, https:\/\/jundiai.sp.gov.br\/noticias\/wp-content\/uploads\/sites\/32\/2023\/11\/exposicao-zumbiteca-urbanidade-negra_fm_-39.jpg 1833w\" sizes=\"auto, (max-width: 958px) 100vw, 958px\" \/><figcaption class=\"wp-element-caption\">Esta \u00e9 a 7\u00aa edi\u00e7\u00e3o da ZumbiTECA na Biblioteca Municipal<\/figcaption><\/figure>\n\n\n\n<p><strong>Assessoria de Imprensa<br>Fotos: Arquivo PMJ<\/strong><\/p>\n","protected":false},"excerpt":{"rendered":"<p>A ZumbiTECA, programa\u00e7\u00e3o tem\u00e1tica para o m\u00eas de novembro na Biblioteca Municipal Professor Nelson Foot, chega, este ano, \u00e0 sua 7\u00aa edi\u00e7\u00e3o. Desta vez, a programa\u00e7\u00e3o proposta pela Unidade de Gest\u00e3o de Cultura (UGC) come\u00e7a nesta ter\u00e7a-feira (14) e ter\u00e1 como tema o \u201cAfrofuturismo\u201d, movimento e conceito que tem como foco o questionamento do passado, [&hellip;]<\/p>\n","protected":false},"author":14,"featured_media":331312,"comment_status":"closed","ping_status":"0","sticky":false,"template":"","format":"standard","meta":{"footnotes":""},"categories":[2],"tags":[505,29,423,399,2573],"ods":[],"class_list":["post-331309","post","type-post","status-publish","format-standard","has-post-thumbnail","hentry","category-noticias","tag-biblioteca-municipal-professor-nelson-foot","tag-cultura","tag-exposicao","tag-musica","tag-zumbiteca"],"_links":{"self":[{"href":"https:\/\/jundiai.sp.gov.br\/noticias\/wp-json\/wp\/v2\/posts\/331309","targetHints":{"allow":["GET"]}}],"collection":[{"href":"https:\/\/jundiai.sp.gov.br\/noticias\/wp-json\/wp\/v2\/posts"}],"about":[{"href":"https:\/\/jundiai.sp.gov.br\/noticias\/wp-json\/wp\/v2\/types\/post"}],"author":[{"embeddable":true,"href":"https:\/\/jundiai.sp.gov.br\/noticias\/wp-json\/wp\/v2\/users\/14"}],"replies":[{"embeddable":true,"href":"https:\/\/jundiai.sp.gov.br\/noticias\/wp-json\/wp\/v2\/comments?post=331309"}],"version-history":[{"count":3,"href":"https:\/\/jundiai.sp.gov.br\/noticias\/wp-json\/wp\/v2\/posts\/331309\/revisions"}],"predecessor-version":[{"id":331332,"href":"https:\/\/jundiai.sp.gov.br\/noticias\/wp-json\/wp\/v2\/posts\/331309\/revisions\/331332"}],"wp:featuredmedia":[{"embeddable":true,"href":"https:\/\/jundiai.sp.gov.br\/noticias\/wp-json\/wp\/v2\/media\/331312"}],"wp:attachment":[{"href":"https:\/\/jundiai.sp.gov.br\/noticias\/wp-json\/wp\/v2\/media?parent=331309"}],"wp:term":[{"taxonomy":"category","embeddable":true,"href":"https:\/\/jundiai.sp.gov.br\/noticias\/wp-json\/wp\/v2\/categories?post=331309"},{"taxonomy":"post_tag","embeddable":true,"href":"https:\/\/jundiai.sp.gov.br\/noticias\/wp-json\/wp\/v2\/tags?post=331309"},{"taxonomy":"ods","embeddable":true,"href":"https:\/\/jundiai.sp.gov.br\/noticias\/wp-json\/wp\/v2\/ods?post=331309"}],"curies":[{"name":"wp","href":"https:\/\/api.w.org\/{rel}","templated":true}]}}