{"id":331339,"date":"2023-11-11T09:30:00","date_gmt":"2023-11-11T12:30:00","guid":{"rendered":"https:\/\/jundiai.sp.gov.br\/noticias\/?p=331339"},"modified":"2024-01-05T17:11:08","modified_gmt":"2024-01-05T20:11:08","slug":"em-noite-de-gala-rainha-e-princesas-da-festa-da-uva-2024-sao-eleitas","status":"publish","type":"post","link":"https:\/\/jundiai.sp.gov.br\/noticias\/2023\/11\/11\/em-noite-de-gala-rainha-e-princesas-da-festa-da-uva-2024-sao-eleitas\/","title":{"rendered":"Em noite de gala, rainha e princesas da Festa da Uva 2024 s\u00e3o eleitas"},"content":{"rendered":"\n<p>Nesta sexta-feira (10), o palco do Teatro Polytheama recebeu, em noite de gala, a elei\u00e7\u00e3o da rainha e das princesas da Corte da Festa da Uva 2024 \u2013 Rainha, Primeira e Segunda Princesas. A Festa \u00e9 uma realiza\u00e7\u00e3o da Prefeitura de Jundia\u00ed, por meio das Unidades de Gest\u00e3o de Cultura (UGC) e Agroneg\u00f3cio, Abastecimento e Turismo (UGAAT) e da Associa\u00e7\u00e3o Agr\u00edcola de Jundia\u00ed.<\/p>\n\n\n\n<p><a href=\"https:\/\/www.flickr.com\/photos\/prefeituradejundiai\/albums\/72177720312641292\" data-type=\"link\" data-id=\"https:\/\/www.flickr.com\/photos\/prefeituradejundiai\/albums\/72177720312641292\" target=\"_blank\" rel=\"noreferrer noopener\">CONFIRA AS FOTOS<\/a><\/p>\n\n\n\n<p>A nova composi\u00e7\u00e3o traz, como Rainha, Sabrina de Paula, de 19 anos; como nova 1\u00aa Princesa, Larissa de Lima Bonfim, de 25 anos; e como nova 2\u00aa Princesa, Luana Caroline Rodrigues de Ara\u00fajo, de 29 anos. A Rainha da 39\u00aa Festa da Uva e 10\u00aa Expo Vinhos 2024 recebeu o pr\u00eamio de R$ 6 mil. A Primeira Princesa foi premiada com R$ 4 mil. E a Segunda Princesa, R$ 3 mil reais. <\/p>\n\n\n<div class=\"wp-block-image\">\n<figure class=\"aligncenter size-large is-resized\"><img loading=\"lazy\" decoding=\"async\" width=\"1280\" height=\"854\" src=\"https:\/\/jundiai.sp.gov.br\/noticias\/wp-content\/uploads\/sites\/32\/2023\/11\/eleicao-corte-da-uva-204-41-1280x854.jpg\" alt=\"\" class=\"wp-image-331353\" style=\"width:840px;height:auto\" srcset=\"https:\/\/jundiai.sp.gov.br\/noticias\/wp-content\/uploads\/sites\/32\/2023\/11\/eleicao-corte-da-uva-204-41-1280x854.jpg 1280w, https:\/\/jundiai.sp.gov.br\/noticias\/wp-content\/uploads\/sites\/32\/2023\/11\/eleicao-corte-da-uva-204-41-300x200.jpg 300w, https:\/\/jundiai.sp.gov.br\/noticias\/wp-content\/uploads\/sites\/32\/2023\/11\/eleicao-corte-da-uva-204-41-768x512.jpg 768w, https:\/\/jundiai.sp.gov.br\/noticias\/wp-content\/uploads\/sites\/32\/2023\/11\/eleicao-corte-da-uva-204-41-1536x1024.jpg 1536w, https:\/\/jundiai.sp.gov.br\/noticias\/wp-content\/uploads\/sites\/32\/2023\/11\/eleicao-corte-da-uva-204-41-450x300.jpg 450w, https:\/\/jundiai.sp.gov.br\/noticias\/wp-content\/uploads\/sites\/32\/2023\/11\/eleicao-corte-da-uva-204-41.jpg 1900w\" sizes=\"auto, (max-width: 1280px) 100vw, 1280px\" \/><figcaption class=\"wp-element-caption\">Corte da Festa da Uva 2024<\/figcaption><\/figure>\n<\/div>\n\n\n<p>Al\u00e9m de representar a mais tradicional das festas jundiaienses, a Corte da Uva tem tamb\u00e9m, entre as atribui\u00e7\u00f5es, tratar os visitantes com simpatia e cordialidade, divulgar a programa\u00e7\u00e3o nos ve\u00edculos de comunica\u00e7\u00e3o da regi\u00e3o e dar suporte \u00e0 Pisa da Uva durante a Festa. O &#8220;reinado&#8221; deve durar at\u00e9 a sele\u00e7\u00e3o da pr\u00f3xima Corte, com compromissos ao longo de todo o ano de 2024.<\/p>\n\n\n\n<p>Este ano 41 candidatas se inscreveram no concurso, sendo que 21 participaram da grande final. &#8220;Sou filha de produtores rurais no bairro da Roseira e cresci frequentando a Festa da Uva. Por isso \u00e9 uma honra representar a festa e toda a tradi\u00e7\u00e3o&#8221;, disse a Rainha eleita, Sabrina de Paula. <\/p>\n\n\n\n<p>&#8220;Falar da Festa da Uva \u00e9 destacar uma tradi\u00e7\u00e3o iniciada em 1934 e que representa as ra\u00edzes de Jundia\u00ed. Eleger rainha e princesas nos remete a essas caracter\u00edsticas tradicionais e leva a nossa cultura tamb\u00e9m para outras cidades, j\u00e1 que elas s\u00e3o representantes de uma das festas mais tradicionais do Brasil&#8221;, comentou o gestor em exerc\u00edcio de Cultura, William Paix\u00e3o.<\/p>\n\n\n\n<figure class=\"wp-block-gallery has-nested-images columns-default is-cropped wp-block-gallery-1 is-layout-flex wp-block-gallery-is-layout-flex\">\n<figure class=\"wp-block-image size-large\"><a href=\"https:\/\/jundiai.sp.gov.br\/noticias\/wp-content\/uploads\/sites\/32\/2023\/11\/eleicao-corte-da-uva-204-9.jpg\"><img loading=\"lazy\" decoding=\"async\" width=\"1280\" height=\"854\" data-id=\"331358\" src=\"https:\/\/jundiai.sp.gov.br\/noticias\/wp-content\/uploads\/sites\/32\/2023\/11\/eleicao-corte-da-uva-204-9-1280x854.jpg\" alt=\"\" class=\"wp-image-331358\" srcset=\"https:\/\/jundiai.sp.gov.br\/noticias\/wp-content\/uploads\/sites\/32\/2023\/11\/eleicao-corte-da-uva-204-9-1280x854.jpg 1280w, https:\/\/jundiai.sp.gov.br\/noticias\/wp-content\/uploads\/sites\/32\/2023\/11\/eleicao-corte-da-uva-204-9-300x200.jpg 300w, https:\/\/jundiai.sp.gov.br\/noticias\/wp-content\/uploads\/sites\/32\/2023\/11\/eleicao-corte-da-uva-204-9-768x512.jpg 768w, https:\/\/jundiai.sp.gov.br\/noticias\/wp-content\/uploads\/sites\/32\/2023\/11\/eleicao-corte-da-uva-204-9-1536x1024.jpg 1536w, https:\/\/jundiai.sp.gov.br\/noticias\/wp-content\/uploads\/sites\/32\/2023\/11\/eleicao-corte-da-uva-204-9-450x300.jpg 450w, https:\/\/jundiai.sp.gov.br\/noticias\/wp-content\/uploads\/sites\/32\/2023\/11\/eleicao-corte-da-uva-204-9.jpg 1900w\" sizes=\"auto, (max-width: 1280px) 100vw, 1280px\" \/><\/a><figcaption class=\"wp-element-caption\">Luana Caroline Rodrigues de Ara\u00fajo, 2\u00aa Princesa<\/figcaption><\/figure>\n\n\n\n<figure class=\"wp-block-image size-large\"><a href=\"https:\/\/jundiai.sp.gov.br\/noticias\/wp-content\/uploads\/sites\/32\/2023\/11\/eleicao-corte-da-uva-204-24.jpg\"><img loading=\"lazy\" decoding=\"async\" width=\"1280\" height=\"854\" data-id=\"331359\" src=\"https:\/\/jundiai.sp.gov.br\/noticias\/wp-content\/uploads\/sites\/32\/2023\/11\/eleicao-corte-da-uva-204-24-1280x854.jpg\" alt=\"\" class=\"wp-image-331359\" srcset=\"https:\/\/jundiai.sp.gov.br\/noticias\/wp-content\/uploads\/sites\/32\/2023\/11\/eleicao-corte-da-uva-204-24-1280x854.jpg 1280w, https:\/\/jundiai.sp.gov.br\/noticias\/wp-content\/uploads\/sites\/32\/2023\/11\/eleicao-corte-da-uva-204-24-300x200.jpg 300w, https:\/\/jundiai.sp.gov.br\/noticias\/wp-content\/uploads\/sites\/32\/2023\/11\/eleicao-corte-da-uva-204-24-768x512.jpg 768w, https:\/\/jundiai.sp.gov.br\/noticias\/wp-content\/uploads\/sites\/32\/2023\/11\/eleicao-corte-da-uva-204-24-1536x1024.jpg 1536w, https:\/\/jundiai.sp.gov.br\/noticias\/wp-content\/uploads\/sites\/32\/2023\/11\/eleicao-corte-da-uva-204-24-450x300.jpg 450w, https:\/\/jundiai.sp.gov.br\/noticias\/wp-content\/uploads\/sites\/32\/2023\/11\/eleicao-corte-da-uva-204-24.jpg 1900w\" sizes=\"auto, (max-width: 1280px) 100vw, 1280px\" \/><\/a><figcaption class=\"wp-element-caption\">Larissa de Lima Bonfim, 1\u00aa Princesa<\/figcaption><\/figure>\n<\/figure>\n\n\n<div class=\"wp-block-image\">\n<figure class=\"aligncenter size-large\"><img loading=\"lazy\" decoding=\"async\" width=\"1280\" height=\"854\" src=\"https:\/\/jundiai.sp.gov.br\/noticias\/wp-content\/uploads\/sites\/32\/2023\/11\/eleicao-corte-da-uva-204-28-1-1280x854.jpg\" alt=\"\" class=\"wp-image-331360\" srcset=\"https:\/\/jundiai.sp.gov.br\/noticias\/wp-content\/uploads\/sites\/32\/2023\/11\/eleicao-corte-da-uva-204-28-1-1280x854.jpg 1280w, https:\/\/jundiai.sp.gov.br\/noticias\/wp-content\/uploads\/sites\/32\/2023\/11\/eleicao-corte-da-uva-204-28-1-300x200.jpg 300w, https:\/\/jundiai.sp.gov.br\/noticias\/wp-content\/uploads\/sites\/32\/2023\/11\/eleicao-corte-da-uva-204-28-1-768x512.jpg 768w, https:\/\/jundiai.sp.gov.br\/noticias\/wp-content\/uploads\/sites\/32\/2023\/11\/eleicao-corte-da-uva-204-28-1-1536x1024.jpg 1536w, https:\/\/jundiai.sp.gov.br\/noticias\/wp-content\/uploads\/sites\/32\/2023\/11\/eleicao-corte-da-uva-204-28-1-450x300.jpg 450w, https:\/\/jundiai.sp.gov.br\/noticias\/wp-content\/uploads\/sites\/32\/2023\/11\/eleicao-corte-da-uva-204-28-1.jpg 1900w\" sizes=\"auto, (max-width: 1280px) 100vw, 1280px\" \/><figcaption class=\"wp-element-caption\">Sabrina de Paula, Rainha da Festa da Uva 2024<\/figcaption><\/figure>\n<\/div>\n\n\n<p>A premia\u00e7\u00e3o ainda contou com o show de \u201cQuinteto Rodolfo de Neguinho\u201d, com brasilidades no repert\u00f3rio. A Festa da Uva 2024 ser\u00e1 realizada nos dias 11, 12, 13, 14, 19, 20, 21, 26, 27, 28 de janeiro e 02, 03 e 04 de fevereiro de 2024, no Parque da Uva, com pra\u00e7a de alimenta\u00e7\u00e3o, exposi\u00e7\u00e3o de produtores da cidade, vinhos, artesanato, espa\u00e7o infantil, al\u00e9m de atra\u00e7\u00f5es culturais para toda a fam\u00edlia.<\/p>\n\n\n\n<p>&#8220;A elei\u00e7\u00e3o da corte ressaltou a representatividade de Jundia\u00ed. E \u00e9 muito legal ver uma filha de agricultores na corte e que vai retratar muito bem a produ\u00e7\u00e3o rural da cidade&#8221;, ressaltou a diretora de Agroneg\u00f3cio, Isabel Harder. <\/p>\n\n\n\n<p>Em 2023, a Festa gerou a venda de 128 toneladas de frutas em geral, sendo que 63 toneladas somente da Uva Niagara, de Jundia\u00ed. Al\u00e9m disso, foram doadas 2 toneladas de frutas e legumes expostos nos fins de semana da festa a Entidades Beneficentes de Jundia\u00ed atrav\u00e9s do Fundo Social de Solidariedade.<\/p>\n\n\n<div class=\"wp-block-image\">\n<figure class=\"aligncenter size-large\"><img loading=\"lazy\" decoding=\"async\" width=\"1280\" height=\"854\" src=\"https:\/\/jundiai.sp.gov.br\/noticias\/wp-content\/uploads\/sites\/32\/2023\/11\/eleicao-corte-da-uva-204-38-1280x854.jpg\" alt=\"\" class=\"wp-image-331361\" srcset=\"https:\/\/jundiai.sp.gov.br\/noticias\/wp-content\/uploads\/sites\/32\/2023\/11\/eleicao-corte-da-uva-204-38-1280x854.jpg 1280w, https:\/\/jundiai.sp.gov.br\/noticias\/wp-content\/uploads\/sites\/32\/2023\/11\/eleicao-corte-da-uva-204-38-300x200.jpg 300w, https:\/\/jundiai.sp.gov.br\/noticias\/wp-content\/uploads\/sites\/32\/2023\/11\/eleicao-corte-da-uva-204-38-768x512.jpg 768w, https:\/\/jundiai.sp.gov.br\/noticias\/wp-content\/uploads\/sites\/32\/2023\/11\/eleicao-corte-da-uva-204-38-1536x1024.jpg 1536w, https:\/\/jundiai.sp.gov.br\/noticias\/wp-content\/uploads\/sites\/32\/2023\/11\/eleicao-corte-da-uva-204-38-450x300.jpg 450w, https:\/\/jundiai.sp.gov.br\/noticias\/wp-content\/uploads\/sites\/32\/2023\/11\/eleicao-corte-da-uva-204-38.jpg 1900w\" sizes=\"auto, (max-width: 1280px) 100vw, 1280px\" \/><figcaption class=\"wp-element-caption\">Em noite de gala, rainha e princesas da Festa da Uva 2024 s\u00e3o eleitas<\/figcaption><\/figure>\n<\/div>\n\n\n<p><strong>Assessoria de Imprensa<br>Fotos: Fot\u00f3grafos PMJ<\/strong><\/p>\n","protected":false},"excerpt":{"rendered":"<p>Nesta sexta-feira (10), o palco do Teatro Polytheama recebeu, em noite de gala, a elei\u00e7\u00e3o da rainha e das princesas da Corte da Festa da Uva 2024 \u2013 Rainha, Primeira e Segunda Princesas. A Festa \u00e9 uma realiza\u00e7\u00e3o da Prefeitura de Jundia\u00ed, por meio das Unidades de Gest\u00e3o de Cultura (UGC) e Agroneg\u00f3cio, Abastecimento e [&hellip;]<\/p>\n","protected":false},"author":100,"featured_media":331353,"comment_status":"closed","ping_status":"0","sticky":false,"template":"","format":"standard","meta":{"footnotes":""},"categories":[2],"tags":[4137,974,445,4136,29,7,4315],"ods":[],"class_list":["post-331339","post","type-post","status-publish","format-standard","has-post-thumbnail","hentry","category-noticias","tag-39a-festa-da-uva-e-10a-expo-vinhos","tag-agronegocio-abastecimento-e-turismo","tag-corte-da-uva","tag-corte-da-uva-2024","tag-cultura","tag-festa-da-uva","tag-festa-da-uva-2024"],"_links":{"self":[{"href":"https:\/\/jundiai.sp.gov.br\/noticias\/wp-json\/wp\/v2\/posts\/331339","targetHints":{"allow":["GET"]}}],"collection":[{"href":"https:\/\/jundiai.sp.gov.br\/noticias\/wp-json\/wp\/v2\/posts"}],"about":[{"href":"https:\/\/jundiai.sp.gov.br\/noticias\/wp-json\/wp\/v2\/types\/post"}],"author":[{"embeddable":true,"href":"https:\/\/jundiai.sp.gov.br\/noticias\/wp-json\/wp\/v2\/users\/100"}],"replies":[{"embeddable":true,"href":"https:\/\/jundiai.sp.gov.br\/noticias\/wp-json\/wp\/v2\/comments?post=331339"}],"version-history":[{"count":14,"href":"https:\/\/jundiai.sp.gov.br\/noticias\/wp-json\/wp\/v2\/posts\/331339\/revisions"}],"predecessor-version":[{"id":331469,"href":"https:\/\/jundiai.sp.gov.br\/noticias\/wp-json\/wp\/v2\/posts\/331339\/revisions\/331469"}],"wp:featuredmedia":[{"embeddable":true,"href":"https:\/\/jundiai.sp.gov.br\/noticias\/wp-json\/wp\/v2\/media\/331353"}],"wp:attachment":[{"href":"https:\/\/jundiai.sp.gov.br\/noticias\/wp-json\/wp\/v2\/media?parent=331339"}],"wp:term":[{"taxonomy":"category","embeddable":true,"href":"https:\/\/jundiai.sp.gov.br\/noticias\/wp-json\/wp\/v2\/categories?post=331339"},{"taxonomy":"post_tag","embeddable":true,"href":"https:\/\/jundiai.sp.gov.br\/noticias\/wp-json\/wp\/v2\/tags?post=331339"},{"taxonomy":"ods","embeddable":true,"href":"https:\/\/jundiai.sp.gov.br\/noticias\/wp-json\/wp\/v2\/ods?post=331339"}],"curies":[{"name":"wp","href":"https:\/\/api.w.org\/{rel}","templated":true}]}}