{"id":331397,"date":"2023-11-16T08:00:00","date_gmt":"2023-11-16T11:00:00","guid":{"rendered":"https:\/\/jundiai.sp.gov.br\/noticias\/?p=331397"},"modified":"2023-11-16T08:06:38","modified_gmt":"2023-11-16T11:06:38","slug":"alunos-da-emeb-merino-montam-feira-e-mostram-que-sabem-empreender","status":"publish","type":"post","link":"https:\/\/jundiai.sp.gov.br\/noticias\/2023\/11\/16\/alunos-da-emeb-merino-montam-feira-e-mostram-que-sabem-empreender\/","title":{"rendered":"Alunos da EMEB Merino montam feira e mostram que sabem empreender"},"content":{"rendered":"\n<p>Com um espet\u00e1culo circense que encantou a plateia e uma feira repleta de produtos variados, os alunos da EMEB Aparecida Merino Elias, no Medeiros, encerraram o projeto JEPP \u2013 Jovens Empreendedores Primeiros Passos, uma iniciativa da Unidade de Gest\u00e3o de Educa\u00e7\u00e3o (UGE), a partir de parceria com o Sebrae, para dar \u00e0s crian\u00e7as das escolas municipais no\u00e7\u00f5es de investimentos, planejamento e empreendedorismo.<\/p>\n\n\n\n<p>A atividade contou com o envolvimento de cerca de 800 alunos e foi prestigiada pela comunidade da regi\u00e3o. Enquanto nas barracas, variando de R$ 2 a R$ 8, foram comercializados temperos, brinquedos folcl\u00f3ricos, brigadeiro gourmet, sach\u00eas arom\u00e1ticos e ch\u00e1s, no picadeiro foi apresentado pelos estudantes dos quartos anos do per\u00edodo da manh\u00e3, dentro do eixo Produ\u00e7\u00e3o Cultural e Economia Criativa, a releitura do espet\u00e1culo &#8220;Quase Art\u00edstico&#8221;, dos artistas Juliano Mazurchi e Christian Hil\u00e1rio. Enquanto metade da classe atuou, a outra participou da organiza\u00e7\u00e3o e da venda de ingressos, pipoca e algod\u00e3o doce.<\/p>\n\n\n\n<p>\u201cEm menos de uma hora, vendemos 181 ingressos. O total deu R$ 905. Falta somar a venda da pipoca e do algod\u00e3o doce. Estamos muito felizes e todo mundo est\u00e1 gostando. Nossa empresa foi um sucesso, com cada um fazendo a sua parte antes e hoje sendo o artista, o vendedor, o fot\u00f3grafo e at\u00e9 domador de tigre\u201d, comemorou Miguel Lustosa Portella, de 10 anos, um dos bilheteiros do espet\u00e1culo.<\/p>\n\n\n\n<p>A diretora da EMEB Luciana Zaniratto explica que, ao longo do ano, os alunos aprenderam empreendedorismos e educa\u00e7\u00e3o financeira, a partir da montagem de mini empresas em cada classe. \u201cForam eles que definiram o nome do empreendimento, o produto, as estrat\u00e9gias para capta\u00e7\u00e3o de recursos e tamb\u00e9m foram respons\u00e1veis pelas produ\u00e7\u00f5es. Tudo culminou na feira, que atraiu a comunidade. Com os recursos, eles planejar\u00e3o passeios e\/ou a compra do que desejarem para as turmas\u201d, ressaltou.<\/p>\n\n\n\n<p>Para a banc\u00e1ria Gabriela Godoy, m\u00e3e dos alunos Laila, de 10 anos, e Samuel, de 8, foi bom para quem prestigiou e saiu com produtos bonitos e bons, e para os alunos que mostraram ser \u00f3timos empreendedores. \u201cEst\u00e1 muito bom. Meu filho vendeu seus produtos e a minha filha participou da apresenta\u00e7\u00e3o. Essa \u00e9 uma iniciativa muito positiva, que incentiva as crian\u00e7as a planejarem as finan\u00e7as, a empreenderem e d\u00e1 um senso de responsabilidade\u201d.<\/p>\n\n\n\n<figure class=\"wp-block-image size-large\"><img loading=\"lazy\" decoding=\"async\" width=\"1280\" height=\"854\" src=\"https:\/\/jundiai.sp.gov.br\/noticias\/wp-content\/uploads\/sites\/32\/2023\/11\/psa9385-1280x854.jpg\" alt=\"\" class=\"wp-image-331430\" srcset=\"https:\/\/jundiai.sp.gov.br\/noticias\/wp-content\/uploads\/sites\/32\/2023\/11\/psa9385-1280x854.jpg 1280w, https:\/\/jundiai.sp.gov.br\/noticias\/wp-content\/uploads\/sites\/32\/2023\/11\/psa9385-300x200.jpg 300w, https:\/\/jundiai.sp.gov.br\/noticias\/wp-content\/uploads\/sites\/32\/2023\/11\/psa9385-768x512.jpg 768w, https:\/\/jundiai.sp.gov.br\/noticias\/wp-content\/uploads\/sites\/32\/2023\/11\/psa9385-1536x1024.jpg 1536w, https:\/\/jundiai.sp.gov.br\/noticias\/wp-content\/uploads\/sites\/32\/2023\/11\/psa9385-450x300.jpg 450w, https:\/\/jundiai.sp.gov.br\/noticias\/wp-content\/uploads\/sites\/32\/2023\/11\/psa9385.jpg 1900w\" sizes=\"auto, (max-width: 1280px) 100vw, 1280px\" \/><figcaption class=\"wp-element-caption\">Apresenta\u00e7\u00e3o circense contou com todo preparativo para <\/figcaption><\/figure>\n\n\n\n<p><strong>JEEP<\/strong><\/p>\n\n\n\n<p>Iniciado em 2017 como mais uma a\u00e7\u00e3o do Programa Escola Inovadora, o Jovens Empreendedores Primeiros Passos (JEEP), \u00e9 desenvolvido em 15 escolas municipais de Jundia\u00ed, com atendimento a <br>7864 estudantes entre 1\u00ba at\u00e9 o 5\u00ba ano, sendo que, para cada idade, um tema \u00e9 desenvolvido anualmente para despertar o interesse no empreendedorismo, matem\u00e1tica, cultura, l\u00edngua portuguesa, ci\u00eancias e artes.<\/p>\n\n\n\n<p>&#8220;O Programa Escola Inovadora tem como premissa tr\u00eas eixos importantes para que as escolas organizem seu trabalho de tal forma que a crian\u00e7a seja o protagonista e os educadores, grandes mediadores das aprendizagens. O JEEP, realizado em parceria com o Sebrae, \u00e9 uma ferramenta de grande impacto para meninos e meninas da rede de educa\u00e7\u00e3o no munic\u00edpio de Jundia\u00ed. O empreendedorismo envolve diferentes potencialidades e habilidades a partir do Curr\u00edculo Jundiaiense. E esses conte\u00fados, que saem dos livros para a vida, s\u00e3o elementos estruturantes para a vida adulta&#8221;, comenta a gestora da Unidade de Gest\u00e3o de Educa\u00e7\u00e3o (UGE), Vast\u00ed Ferrari Marques. <\/p>\n\n\n\n<p><strong>Assessoria de Imprensa<br>Fotos: Fot\u00f3grafos PMJ<\/strong><\/p>\n","protected":false},"excerpt":{"rendered":"<p>Com um espet\u00e1culo circense que encantou a plateia e uma feira repleta de produtos variados, os alunos da EMEB Aparecida Merino Elias, no Medeiros, encerraram o projeto JEPP \u2013 Jovens Empreendedores Primeiros Passos, uma iniciativa da Unidade de Gest\u00e3o de Educa\u00e7\u00e3o (UGE), a partir de parceria com o Sebrae, para dar \u00e0s crian\u00e7as das escolas [&hellip;]<\/p>\n","protected":false},"author":39,"featured_media":0,"comment_status":"closed","ping_status":"0","sticky":false,"template":"","format":"standard","meta":{"footnotes":""},"categories":[2],"tags":[1061,2688],"ods":[4221,4230,4224],"class_list":["post-331397","post","type-post","status-publish","format-standard","hentry","category-noticias","tag-escola-inovadora","tag-unidade-de-gestao-de-educacao-uge","ods-ods-01","ods-ods-10","ods-ods-04"],"_links":{"self":[{"href":"https:\/\/jundiai.sp.gov.br\/noticias\/wp-json\/wp\/v2\/posts\/331397","targetHints":{"allow":["GET"]}}],"collection":[{"href":"https:\/\/jundiai.sp.gov.br\/noticias\/wp-json\/wp\/v2\/posts"}],"about":[{"href":"https:\/\/jundiai.sp.gov.br\/noticias\/wp-json\/wp\/v2\/types\/post"}],"author":[{"embeddable":true,"href":"https:\/\/jundiai.sp.gov.br\/noticias\/wp-json\/wp\/v2\/users\/39"}],"replies":[{"embeddable":true,"href":"https:\/\/jundiai.sp.gov.br\/noticias\/wp-json\/wp\/v2\/comments?post=331397"}],"version-history":[{"count":8,"href":"https:\/\/jundiai.sp.gov.br\/noticias\/wp-json\/wp\/v2\/posts\/331397\/revisions"}],"predecessor-version":[{"id":331563,"href":"https:\/\/jundiai.sp.gov.br\/noticias\/wp-json\/wp\/v2\/posts\/331397\/revisions\/331563"}],"wp:attachment":[{"href":"https:\/\/jundiai.sp.gov.br\/noticias\/wp-json\/wp\/v2\/media?parent=331397"}],"wp:term":[{"taxonomy":"category","embeddable":true,"href":"https:\/\/jundiai.sp.gov.br\/noticias\/wp-json\/wp\/v2\/categories?post=331397"},{"taxonomy":"post_tag","embeddable":true,"href":"https:\/\/jundiai.sp.gov.br\/noticias\/wp-json\/wp\/v2\/tags?post=331397"},{"taxonomy":"ods","embeddable":true,"href":"https:\/\/jundiai.sp.gov.br\/noticias\/wp-json\/wp\/v2\/ods?post=331397"}],"curies":[{"name":"wp","href":"https:\/\/api.w.org\/{rel}","templated":true}]}}