{"id":331429,"date":"2023-11-13T15:40:27","date_gmt":"2023-11-13T18:40:27","guid":{"rendered":"https:\/\/jundiai.sp.gov.br\/noticias\/?p=331429"},"modified":"2023-11-13T15:40:27","modified_gmt":"2023-11-13T18:40:27","slug":"campanha-de-multivacinacao-termina-nesta-terca-feira","status":"publish","type":"post","link":"https:\/\/jundiai.sp.gov.br\/noticias\/2023\/11\/13\/campanha-de-multivacinacao-termina-nesta-terca-feira\/","title":{"rendered":"Campanha de Multivacina\u00e7\u00e3o termina nesta ter\u00e7a-feira"},"content":{"rendered":"\n<p>A Campanha de Multivacina\u00e7\u00e3o 2023, voltada para crian\u00e7as e adolescentes menores de 15 anos, ser\u00e1 encerrada nesta ter\u00e7a-feira (14). A mobiliza\u00e7\u00e3o visa atualizar as carteirinhas de vacina\u00e7\u00e3o dessa popula\u00e7\u00e3o, evitando a volta de doen\u00e7as que podem matar ou deixar sequelas. Em Jundia\u00ed, o atendimento ocorre nas Unidades B\u00e1sicas de Sa\u00fade (UBSs), Novas UBSs e Cl\u00ednicas da Fam\u00edlia, no hor\u00e1rio das salas de vacina\u00e7\u00e3o de cada equipamento. <a href=\"https:\/\/jundiai.sp.gov.br\/saude\/rede-de-atendimento\/rede-completa-de-atendimento\/\">CONFIRA OS ENDERE\u00c7OS<\/a><br><br>\u201cEssa \u00e9 uma mobiliza\u00e7\u00e3o importante para aumentarmos a cobertura vacinal do Munic\u00edpio. Ainda d\u00e1 tempo de participar. Os v\u00edrus est\u00e3o circulando e o esfor\u00e7o precisa ser coletivo, se n\u00e3o queremos nossas crian\u00e7as e adolescentes doentes, al\u00e9m de assistir a volta da paralisia infantil, como ocorreu nos Estados Unidos e em Israel\u201d, alerta a respons\u00e1vel pelo Programa Municipal de Imuniza\u00e7\u00e3o da Unidade de Gest\u00e3o de Promo\u00e7\u00e3o da Sa\u00fade (UGPS), enfermeira Vivian Cesar Beteli.<\/p>\n\n\n\n<figure class=\"wp-block-image size-large\"><img loading=\"lazy\" decoding=\"async\" width=\"1280\" height=\"881\" src=\"https:\/\/jundiai.sp.gov.br\/noticias\/wp-content\/uploads\/sites\/32\/2023\/06\/vacinacao_sarampo_ubs_hortolandia-23-1280x881.jpg\" alt=\"\" class=\"wp-image-319871\" srcset=\"https:\/\/jundiai.sp.gov.br\/noticias\/wp-content\/uploads\/sites\/32\/2023\/06\/vacinacao_sarampo_ubs_hortolandia-23-1280x881.jpg 1280w, https:\/\/jundiai.sp.gov.br\/noticias\/wp-content\/uploads\/sites\/32\/2023\/06\/vacinacao_sarampo_ubs_hortolandia-23-300x207.jpg 300w, https:\/\/jundiai.sp.gov.br\/noticias\/wp-content\/uploads\/sites\/32\/2023\/06\/vacinacao_sarampo_ubs_hortolandia-23-768x529.jpg 768w, https:\/\/jundiai.sp.gov.br\/noticias\/wp-content\/uploads\/sites\/32\/2023\/06\/vacinacao_sarampo_ubs_hortolandia-23.jpg 1323w\" sizes=\"auto, (max-width: 1280px) 100vw, 1280px\" \/><figcaption class=\"wp-element-caption\">\u00c9 importante que os pais e\/ou respons\u00e1veis levem as crian\u00e7as e os adolescentes aos pontos de vacina\u00e7\u00e3o<\/figcaption><\/figure>\n\n\n\n<p>Juntamente com as 17 vacinas do calend\u00e1rio do Programa Nacional de Imuniza\u00e7\u00f5es (PNI), tamb\u00e9m est\u00e3o sendo aplicadas as doses contra Covid-19 e Influenza (gripe).<\/p>\n\n\n\n<p><strong>Balan\u00e7o<\/strong><br>Na cidade, desde o in\u00edcio da campanha &#8211; em 1\u00ba de outubro &#8211; foram checadas 9.155 carteirinhas e aplicadas 7.368 doses. Entre os menores de um ano, 3.012 compareceram aos postos e 2.783 foram imunizados. Entre crian\u00e7as de 1 a 4 anos de idade, 3.287 tiveram seus documentos verificados e 2.444 receberam doses das diversas vacinas oferecidas. Entre 5 a 8 anos, compareceram 979 e 605 foram imunizados. J\u00e1 entre os adolescentes, 1.877 foram aos servi\u00e7os e 1.536 receberam vacinas.<br><br><strong>D\u00favidas<\/strong><br>O Governo de S\u00e3o Paulo disponibiliza o <a href=\"https:\/\/www.vacina100duvidas.sp.gov.br\/\">site Vacina 100 D\u00favidas<\/a>, reunindo as 100 d\u00favidas mais frequentes sobre as vacinas nos buscadores da internet. O espa\u00e7o tem informa\u00e7\u00f5es claras para desmistificar fake news com rela\u00e7\u00e3o \u00e0 imuniza\u00e7\u00e3o, garantindo assim a prote\u00e7\u00e3o de toda a popula\u00e7\u00e3o.<\/p>\n\n\n\n<p><strong>Assessoria de Imprensa<br>Foto: Arquivo PMJ <\/strong><\/p>\n","protected":false},"excerpt":{"rendered":"<p>A Campanha de Multivacina\u00e7\u00e3o 2023, voltada para crian\u00e7as e adolescentes menores de 15 anos, ser\u00e1 encerrada nesta ter\u00e7a-feira (14). A mobiliza\u00e7\u00e3o visa atualizar as carteirinhas de vacina\u00e7\u00e3o dessa popula\u00e7\u00e3o, evitando a volta de doen\u00e7as que podem matar ou deixar sequelas. Em Jundia\u00ed, o atendimento ocorre nas Unidades B\u00e1sicas de Sa\u00fade (UBSs), Novas UBSs e Cl\u00ednicas [&hellip;]<\/p>\n","protected":false},"author":50,"featured_media":331432,"comment_status":"closed","ping_status":"0","sticky":false,"template":"","format":"standard","meta":{"footnotes":""},"categories":[2],"tags":[4238,981],"ods":[],"class_list":["post-331429","post","type-post","status-publish","format-standard","has-post-thumbnail","hentry","category-noticias","tag-campanha-de-multivacinacao","tag-promocao-da-saude"],"_links":{"self":[{"href":"https:\/\/jundiai.sp.gov.br\/noticias\/wp-json\/wp\/v2\/posts\/331429","targetHints":{"allow":["GET"]}}],"collection":[{"href":"https:\/\/jundiai.sp.gov.br\/noticias\/wp-json\/wp\/v2\/posts"}],"about":[{"href":"https:\/\/jundiai.sp.gov.br\/noticias\/wp-json\/wp\/v2\/types\/post"}],"author":[{"embeddable":true,"href":"https:\/\/jundiai.sp.gov.br\/noticias\/wp-json\/wp\/v2\/users\/50"}],"replies":[{"embeddable":true,"href":"https:\/\/jundiai.sp.gov.br\/noticias\/wp-json\/wp\/v2\/comments?post=331429"}],"version-history":[{"count":1,"href":"https:\/\/jundiai.sp.gov.br\/noticias\/wp-json\/wp\/v2\/posts\/331429\/revisions"}],"predecessor-version":[{"id":331433,"href":"https:\/\/jundiai.sp.gov.br\/noticias\/wp-json\/wp\/v2\/posts\/331429\/revisions\/331433"}],"wp:featuredmedia":[{"embeddable":true,"href":"https:\/\/jundiai.sp.gov.br\/noticias\/wp-json\/wp\/v2\/media\/331432"}],"wp:attachment":[{"href":"https:\/\/jundiai.sp.gov.br\/noticias\/wp-json\/wp\/v2\/media?parent=331429"}],"wp:term":[{"taxonomy":"category","embeddable":true,"href":"https:\/\/jundiai.sp.gov.br\/noticias\/wp-json\/wp\/v2\/categories?post=331429"},{"taxonomy":"post_tag","embeddable":true,"href":"https:\/\/jundiai.sp.gov.br\/noticias\/wp-json\/wp\/v2\/tags?post=331429"},{"taxonomy":"ods","embeddable":true,"href":"https:\/\/jundiai.sp.gov.br\/noticias\/wp-json\/wp\/v2\/ods?post=331429"}],"curies":[{"name":"wp","href":"https:\/\/api.w.org\/{rel}","templated":true}]}}