{"id":331981,"date":"2023-11-22T10:43:59","date_gmt":"2023-11-22T13:43:59","guid":{"rendered":"https:\/\/jundiai.sp.gov.br\/noticias\/?p=331981"},"modified":"2023-11-22T10:44:34","modified_gmt":"2023-11-22T13:44:34","slug":"dae-retoma-campanha-de-uso-consciente-da-agua","status":"publish","type":"post","link":"https:\/\/jundiai.sp.gov.br\/noticias\/2023\/11\/22\/dae-retoma-campanha-de-uso-consciente-da-agua\/","title":{"rendered":"DAE retoma campanha de uso consciente da \u00e1gua"},"content":{"rendered":"\n<p>Em fun\u00e7\u00e3o das altas temperaturas registradas nas \u00faltimas semanas e que impactam no consumo de \u00e1gua, a DAE Jundia\u00ed retomou a campanha de uso consciente de \u00e1gua, divulgada nas redes sociais, sites, m\u00eddia impressa, r\u00e1dio e TV. Com a personagem \u201cdona R\u00ea\u201d, a campanha mostra que \u00e9 preciso economizar e utilizar a \u00e1gua de forma respons\u00e1vel.<\/p>\n\n\n<div class=\"wp-block-image\">\n<figure class=\"aligncenter size-large\"><img loading=\"lazy\" decoding=\"async\" width=\"1280\" height=\"720\" src=\"https:\/\/jundiai.sp.gov.br\/noticias\/wp-content\/uploads\/sites\/32\/2023\/11\/dae-0012-23b-wallpaper-1280x720.jpg\" alt=\"\" class=\"wp-image-331982\" srcset=\"https:\/\/jundiai.sp.gov.br\/noticias\/wp-content\/uploads\/sites\/32\/2023\/11\/dae-0012-23b-wallpaper-1280x720.jpg 1280w, https:\/\/jundiai.sp.gov.br\/noticias\/wp-content\/uploads\/sites\/32\/2023\/11\/dae-0012-23b-wallpaper-300x169.jpg 300w, https:\/\/jundiai.sp.gov.br\/noticias\/wp-content\/uploads\/sites\/32\/2023\/11\/dae-0012-23b-wallpaper-768x432.jpg 768w, https:\/\/jundiai.sp.gov.br\/noticias\/wp-content\/uploads\/sites\/32\/2023\/11\/dae-0012-23b-wallpaper-1536x864.jpg 1536w, https:\/\/jundiai.sp.gov.br\/noticias\/wp-content\/uploads\/sites\/32\/2023\/11\/dae-0012-23b-wallpaper.jpg 1900w\" sizes=\"auto, (max-width: 1280px) 100vw, 1280px\" \/><figcaption class=\"wp-element-caption\"><em>Campanha ser\u00e1 veiculada em nas redes sociais, m\u00eddia impressa, TV e r\u00e1dios; represa est\u00e1 com 92% da capacidade<\/em><\/figcaption><\/figure>\n<\/div>\n\n\n<p>Neste momento, a represa que abastece a cidade est\u00e1 com 92% da capacidade, o equivalente a 8,54 bilh\u00f5es de litros de \u00e1gua. Para mant\u00ea-la em n\u00edvel operacional, al\u00e9m do rio Jundia\u00ed Mirim, principal manancial de abastecimento de Jundia\u00ed, a revers\u00e3o do rio Atibaia foi acionada.<\/p>\n\n\n\n<p>A opera\u00e7\u00e3o da DAE ainda conta com 57 reservat\u00f3rios distribu\u00eddos pela cidade, que guardam \u00e1gua tratada necess\u00e1ria ao abastecimento. Entretanto, \u00e9 essencial que os im\u00f3veis contem com caixa d\u2019\u00e1gua, adequada ao n\u00famero de moradores. A recomenda\u00e7\u00e3o da DAE \u00e9 que o c\u00e1lculo da capacidade seja de 250 litros por morador, por dia \u2013 ou seja, uma casa com quatro pessoas deve ter uma caixa de mil litros.<\/p>\n\n\n\n<p>\u201cTamb\u00e9m refor\u00e7amos que, com exce\u00e7\u00e3o do jardim, as torneiras do im\u00f3vel estejam ligadas \u00e0 caixa d\u2019\u00e1gua, garantindo o fornecimento por at\u00e9 24 horas durante manuten\u00e7\u00f5es ou paralisa\u00e7\u00f5es na rede\u201d, destaca o diretor superintendente de Engenharia, Valter Maia.<\/p>\n\n\n\n<p>Entre as dicas para economizar, est\u00e3o ficar atento ao hidr\u00f4metro e observar altera\u00e7\u00f5es na medi\u00e7\u00e3o, escovar os dentes com a torneira fechada, tomar banhos r\u00e1pidos, deixar a lou\u00e7a de molho antes de lavar e ligar a m\u00e1quina de roupas apenas quando a mesma estiver cheia. Realizar testes noturnos periodicamente, vendo se o hidr\u00f4metro apresenta altera\u00e7\u00f5es quando n\u00e3o h\u00e1 consumo, tamb\u00e9m \u00e9 recomendado.<\/p>\n\n\n\n<p>Em casos pontuais de falta de \u00e1gua, \u00e9 importante que a popula\u00e7\u00e3o avise a Central de Relacionamento da DAE, pelo 0800 0133 155. A liga\u00e7\u00e3o \u00e9 gratuita e o atendimento 24 horas.<\/p>\n\n\n\n<p><strong>Assessoria de Comunica\u00e7\u00e3o &#8211; DAE Jundia\u00ed<\/strong><\/p>\n","protected":false},"excerpt":{"rendered":"<p>Em fun\u00e7\u00e3o das altas temperaturas registradas nas \u00faltimas semanas e que impactam no consumo de \u00e1gua, a DAE Jundia\u00ed retomou a campanha de uso consciente de \u00e1gua, divulgada nas redes sociais, sites, m\u00eddia impressa, r\u00e1dio e TV. Com a personagem \u201cdona R\u00ea\u201d, a campanha mostra que \u00e9 preciso economizar e utilizar a \u00e1gua de forma [&hellip;]<\/p>\n","protected":false},"author":51,"featured_media":331984,"comment_status":"closed","ping_status":"0","sticky":false,"template":"","format":"standard","meta":{"footnotes":""},"categories":[2],"tags":[2249,3115,66,1940],"ods":[],"class_list":["post-331981","post","type-post","status-publish","format-standard","has-post-thumbnail","hentry","category-noticias","tag-campanha","tag-consumo-consciente","tag-dae","tag-dae-jundiai"],"_links":{"self":[{"href":"https:\/\/jundiai.sp.gov.br\/noticias\/wp-json\/wp\/v2\/posts\/331981","targetHints":{"allow":["GET"]}}],"collection":[{"href":"https:\/\/jundiai.sp.gov.br\/noticias\/wp-json\/wp\/v2\/posts"}],"about":[{"href":"https:\/\/jundiai.sp.gov.br\/noticias\/wp-json\/wp\/v2\/types\/post"}],"author":[{"embeddable":true,"href":"https:\/\/jundiai.sp.gov.br\/noticias\/wp-json\/wp\/v2\/users\/51"}],"replies":[{"embeddable":true,"href":"https:\/\/jundiai.sp.gov.br\/noticias\/wp-json\/wp\/v2\/comments?post=331981"}],"version-history":[{"count":1,"href":"https:\/\/jundiai.sp.gov.br\/noticias\/wp-json\/wp\/v2\/posts\/331981\/revisions"}],"predecessor-version":[{"id":331983,"href":"https:\/\/jundiai.sp.gov.br\/noticias\/wp-json\/wp\/v2\/posts\/331981\/revisions\/331983"}],"wp:featuredmedia":[{"embeddable":true,"href":"https:\/\/jundiai.sp.gov.br\/noticias\/wp-json\/wp\/v2\/media\/331984"}],"wp:attachment":[{"href":"https:\/\/jundiai.sp.gov.br\/noticias\/wp-json\/wp\/v2\/media?parent=331981"}],"wp:term":[{"taxonomy":"category","embeddable":true,"href":"https:\/\/jundiai.sp.gov.br\/noticias\/wp-json\/wp\/v2\/categories?post=331981"},{"taxonomy":"post_tag","embeddable":true,"href":"https:\/\/jundiai.sp.gov.br\/noticias\/wp-json\/wp\/v2\/tags?post=331981"},{"taxonomy":"ods","embeddable":true,"href":"https:\/\/jundiai.sp.gov.br\/noticias\/wp-json\/wp\/v2\/ods?post=331981"}],"curies":[{"name":"wp","href":"https:\/\/api.w.org\/{rel}","templated":true}]}}