{"id":332124,"date":"2023-11-23T16:13:16","date_gmt":"2023-11-23T19:13:16","guid":{"rendered":"https:\/\/jundiai.sp.gov.br\/noticias\/?p=332124"},"modified":"2023-11-23T17:09:50","modified_gmt":"2023-11-23T20:09:50","slug":"abertura-de-inscricoes-para-natacao-sera-neste-final-de-semana","status":"publish","type":"post","link":"https:\/\/jundiai.sp.gov.br\/noticias\/2023\/11\/23\/abertura-de-inscricoes-para-natacao-sera-neste-final-de-semana\/","title":{"rendered":"Abertura de inscri\u00e7\u00f5es para nata\u00e7\u00e3o ser\u00e1 neste final de semana"},"content":{"rendered":"\n<p>A abertura de vagas para a nata\u00e7\u00e3o em 2024, com inscri\u00e7\u00f5es e sorteio eletr\u00f4nicos, atendendo crian\u00e7as de 6 a 14 anos, adultos a partir de 15 anos e pessoas com mais de 60 anos que n\u00e3o sabem nadar, t\u00eam medo ou inseguran\u00e7a em piscinas e precisam aperfei\u00e7oar t\u00e9cnica de nado come\u00e7am nesta segunda, dia 27, \u00e0s 7h e terminam no dia 7 de dezembro, \u00e0s 17h. J\u00e1 para aqueles com experi\u00eancia em piscina, que j\u00e1 conhecem dois estilos de nado e t\u00eam idade acima de 15 anos, para integrar as turmas para o ano letivo de 2024, as inscri\u00e7\u00f5es v\u00e3o de domingo, dia 26, \u00e0s 7h, at\u00e9 6 de dezembro, \u00e0s 17h.<\/p>\n\n\n\n<figure class=\"wp-block-image size-full is-resized\"><img loading=\"lazy\" decoding=\"async\" width=\"1280\" height=\"854\" src=\"https:\/\/jundiai.sp.gov.br\/noticias\/wp-content\/uploads\/sites\/32\/2023\/11\/natacao-3.jpg\" alt=\"\" class=\"wp-image-332125\" style=\"width:912px;height:auto\" srcset=\"https:\/\/jundiai.sp.gov.br\/noticias\/wp-content\/uploads\/sites\/32\/2023\/11\/natacao-3.jpg 1280w, https:\/\/jundiai.sp.gov.br\/noticias\/wp-content\/uploads\/sites\/32\/2023\/11\/natacao-3-300x200.jpg 300w, https:\/\/jundiai.sp.gov.br\/noticias\/wp-content\/uploads\/sites\/32\/2023\/11\/natacao-3-768x512.jpg 768w, https:\/\/jundiai.sp.gov.br\/noticias\/wp-content\/uploads\/sites\/32\/2023\/11\/natacao-3-450x300.jpg 450w\" sizes=\"auto, (max-width: 1280px) 100vw, 1280px\" \/><figcaption class=\"wp-element-caption\">Inscri\u00e7\u00f5es s\u00e3o para todos os p\u00fablicos, desde que os que j\u00e1 sabem nadar at\u00e9 os que querem aprender<\/figcaption><\/figure>\n\n\n\n<p>As inscri\u00e7\u00f5es s\u00e3o gratuitas e devem ser feitas exclusivamente pela internet, no endere\u00e7o <a href=\"https:\/\/jundiai.sp.gov.br\/\">www.jundiai.sp.gov.br<\/a> , acessando \u201cSERVI\u00c7OS MAIS ACESSADOS\u201d e ap\u00f3s indicando o \u00edcone Nata\u00e7\u00e3o &#8216;Sabe nadar\u2019 ou Sorteio Nata\u00e7\u00e3o se \u2018N\u00e3o sabe nadar\u2019.<\/p>\n\n\n\n<p>A responsabilidade do preenchimento \u00e9 integralmente do candidato ou do respons\u00e1vel (caso menor de idade) e a Unidade de Gest\u00e3o de Esporte e Lazer (UGEL) n\u00e3o se responsabilizar\u00e1 por dados incompletos e n\u00e3o receber\u00e1 inscri\u00e7\u00f5es fora do prazo estabelecido ou incompletas e s\u00f3 ser\u00e1 considerado v\u00e1lido quando o candidato (ou respons\u00e1vel) declarar \u201caceite\u201d nos termos e condi\u00e7\u00f5es.<\/p>\n\n\n\n<p>O candidato poder\u00e1 inscrever-se em apenas uma op\u00e7\u00e3o, sendo permitido apenas um CPF por cadastro, n\u00e3o sendo permitido fazer a inscri\u00e7\u00e3o com CPF de outra pessoa, mesmo sendo pais ou respons\u00e1veis.<br>As inscri\u00e7\u00f5es ser\u00e3o pela internet, para quem n\u00e3o sabe nadar acessando este <strong><a href=\"https:\/\/jundiai.sp.gov.br\/sorteio-natacao\/\" data-type=\"link\" data-id=\"https:\/\/jundiai.sp.gov.br\/sorteio-natacao\/\">link <\/a><\/strong>e, para quem sabe nadar, acessando este <strong><a href=\"https:\/\/jundiai.sp.gov.br\/inscricoes-natacao\/\">link,<\/a><\/strong> a partir do hor\u00e1rio estabelecido para abertura das inscri\u00e7\u00f5es.<\/p>\n\n\n\n<p>O sorteio eletr\u00f4nico e a forma\u00e7\u00e3o das listas de espera da Inscri\u00e7\u00e3o Eletr\u00f4nica poder\u00e3o ser acompanhados presencialmente no Audit\u00f3rio da Biblioteca Nelson Foot (avenida Dr. Cavalcanti, 396 &#8211; Vila Arens), no dia 13 de dezembro, no per\u00edodo da tarde, a partir das 14h, respeitando a capacidade m\u00e1xima do local de 90 pessoas. A presen\u00e7a n\u00e3o \u00e9 obrigat\u00f3ria.<\/p>\n\n\n\n<p>Atendendo os princ\u00edpios da publicidade e da transpar\u00eancia, o sorteio eletr\u00f4nico ser\u00e1 transmitido pelo canal da Prefeitura de Jundia\u00ed no Youtube https:\/\/www.youtube.com\/cidadedejundiai.<br>As informa\u00e7\u00f5es das listas de cada turma e outras orienta\u00e7\u00f5es ser\u00e3o publicadas no https:\/\/imprensaoficial.jundiai.sp.gov.br\/ na se\u00e7\u00e3o Esporte e Lazer.<\/p>\n\n\n\n<p>O regulamento completo est\u00e1 na <strong><a href=\"https:\/\/imprensaoficial.jundiai.sp.gov.br\/edicao-5360\/\" data-type=\"link\" data-id=\"https:\/\/imprensaoficial.jundiai.sp.gov.br\/edicao-5360\/\">edi\u00e7\u00e3o 5360 <\/a><\/strong>da Imprensa Oficial, publicado em 15 novembro de 2023, das p\u00e1ginas 20 a 24. <\/p>\n\n\n\n<p><strong>Piscina<\/strong><br>A piscina utilizada para as aulas ser\u00e1 a do Complexo Aqu\u00e1tico Devanir W. Penteado Jr., que faz parte do Complexo Educacional Cultural e Esportivo Dr. Nicolino de Luca \u2013 Bol\u00e3o (Rua Rodrigo Soares de Oliveira, s\/n\u00ba &#8211; Bairro \u2013 Anhangaba\u00fa), aquecida e descoberta, onde ser\u00e3o ministradas as aulas e atividades da nata\u00e7\u00e3o. A piscina mede 50 metros de comprimento por 25 metros de largura e possui dois metros de profundidade em m\u00e9dia.<\/p>\n\n\n\n<p><strong>Assessoria de Imprensa <\/strong><\/p>\n","protected":false},"excerpt":{"rendered":"<p>A abertura de vagas para a nata\u00e7\u00e3o em 2024, com inscri\u00e7\u00f5es e sorteio eletr\u00f4nicos, atendendo crian\u00e7as de 6 a 14 anos, adultos a partir de 15 anos e pessoas com mais de 60 anos que n\u00e3o sabem nadar, t\u00eam medo ou inseguran\u00e7a em piscinas e precisam aperfei\u00e7oar t\u00e9cnica de nado come\u00e7am nesta segunda, dia 27, [&hellip;]<\/p>\n","protected":false},"author":105,"featured_media":332125,"comment_status":"closed","ping_status":"0","sticky":false,"template":"","format":"standard","meta":{"footnotes":""},"categories":[2],"tags":[110,35,92,1045],"ods":[],"class_list":["post-332124","post","type-post","status-publish","format-standard","has-post-thumbnail","hentry","category-noticias","tag-bolao","tag-esporte-e-lazer","tag-natacao","tag-time-jundiai"],"_links":{"self":[{"href":"https:\/\/jundiai.sp.gov.br\/noticias\/wp-json\/wp\/v2\/posts\/332124","targetHints":{"allow":["GET"]}}],"collection":[{"href":"https:\/\/jundiai.sp.gov.br\/noticias\/wp-json\/wp\/v2\/posts"}],"about":[{"href":"https:\/\/jundiai.sp.gov.br\/noticias\/wp-json\/wp\/v2\/types\/post"}],"author":[{"embeddable":true,"href":"https:\/\/jundiai.sp.gov.br\/noticias\/wp-json\/wp\/v2\/users\/105"}],"replies":[{"embeddable":true,"href":"https:\/\/jundiai.sp.gov.br\/noticias\/wp-json\/wp\/v2\/comments?post=332124"}],"version-history":[{"count":5,"href":"https:\/\/jundiai.sp.gov.br\/noticias\/wp-json\/wp\/v2\/posts\/332124\/revisions"}],"predecessor-version":[{"id":332144,"href":"https:\/\/jundiai.sp.gov.br\/noticias\/wp-json\/wp\/v2\/posts\/332124\/revisions\/332144"}],"wp:featuredmedia":[{"embeddable":true,"href":"https:\/\/jundiai.sp.gov.br\/noticias\/wp-json\/wp\/v2\/media\/332125"}],"wp:attachment":[{"href":"https:\/\/jundiai.sp.gov.br\/noticias\/wp-json\/wp\/v2\/media?parent=332124"}],"wp:term":[{"taxonomy":"category","embeddable":true,"href":"https:\/\/jundiai.sp.gov.br\/noticias\/wp-json\/wp\/v2\/categories?post=332124"},{"taxonomy":"post_tag","embeddable":true,"href":"https:\/\/jundiai.sp.gov.br\/noticias\/wp-json\/wp\/v2\/tags?post=332124"},{"taxonomy":"ods","embeddable":true,"href":"https:\/\/jundiai.sp.gov.br\/noticias\/wp-json\/wp\/v2\/ods?post=332124"}],"curies":[{"name":"wp","href":"https:\/\/api.w.org\/{rel}","templated":true}]}}