{"id":332853,"date":"2023-12-10T08:03:00","date_gmt":"2023-12-10T11:03:00","guid":{"rendered":"https:\/\/jundiai.sp.gov.br\/noticias\/?p=332853"},"modified":"2023-12-04T17:04:59","modified_gmt":"2023-12-04T20:04:59","slug":"programa-viver-melhor-chega-a-86-casas-reformadas-no-jardim-novo-horizonte","status":"publish","type":"post","link":"https:\/\/jundiai.sp.gov.br\/noticias\/2023\/12\/10\/programa-viver-melhor-chega-a-86-casas-reformadas-no-jardim-novo-horizonte\/","title":{"rendered":"Programa \u201cViver Melhor\u201d chega a 86 casas reformadas no Jardim Novo Horizonte"},"content":{"rendered":"\n<p>O sonho de uma moradia segura, reformada e com dignidade est\u00e1 sendo realizado para dezenas de fam\u00edlias do Jardim Novo Horizonte. \u00c9 o que garante o Programa \u201cViver Melhor\u201d, realizado pela Prefeitura de Jundia\u00ed, a partir da Funda\u00e7\u00e3o Municipal de A\u00e7\u00e3o Social (FUMAS), a partir de conv\u00eanio com a Secretaria de Estado da Habita\u00e7\u00e3o e a Companhia de Desenvolvimento Habitacional e Urbano\u00a0do Estado de S\u00e3o Paulo (CDHU). Ao todo, 86 casas j\u00e1 foram reformadas e outras 9 seguem em obras. Agentes da Prefeitura, Fumas e da CDHU realizaram visita t\u00e9cnica \u00e0s obras.<\/p>\n\n\n\n<p>Uma das casas que est\u00e1 em reforma \u00e9 a da dona Ana Caldeira Rodrigues, que recebe reparos no telhado e em todos os c\u00f4modos, al\u00e9m de pinturas nas paredes. &#8220;Moro aqui h\u00e1 mais de 40 anos. Com a reforma, a nossa casa est\u00e1 melhorando muito. E n\u00e3o t\u00ednhamos condi\u00e7\u00f5es de fazer por nossa conta&#8221;, disse.<\/p>\n\n\n<div class=\"wp-block-image\">\n<figure class=\"aligncenter size-large\"><img loading=\"lazy\" decoding=\"async\" width=\"1280\" height=\"854\" src=\"https:\/\/jundiai.sp.gov.br\/noticias\/wp-content\/uploads\/sites\/32\/2023\/12\/gestores_visitam_casas_reformadas_fumas_pa-12-1280x854.jpg\" alt=\"\" class=\"wp-image-332985\" srcset=\"https:\/\/jundiai.sp.gov.br\/noticias\/wp-content\/uploads\/sites\/32\/2023\/12\/gestores_visitam_casas_reformadas_fumas_pa-12-1280x854.jpg 1280w, https:\/\/jundiai.sp.gov.br\/noticias\/wp-content\/uploads\/sites\/32\/2023\/12\/gestores_visitam_casas_reformadas_fumas_pa-12-300x200.jpg 300w, https:\/\/jundiai.sp.gov.br\/noticias\/wp-content\/uploads\/sites\/32\/2023\/12\/gestores_visitam_casas_reformadas_fumas_pa-12-768x512.jpg 768w, https:\/\/jundiai.sp.gov.br\/noticias\/wp-content\/uploads\/sites\/32\/2023\/12\/gestores_visitam_casas_reformadas_fumas_pa-12-1536x1024.jpg 1536w, https:\/\/jundiai.sp.gov.br\/noticias\/wp-content\/uploads\/sites\/32\/2023\/12\/gestores_visitam_casas_reformadas_fumas_pa-12-450x300.jpg 450w, https:\/\/jundiai.sp.gov.br\/noticias\/wp-content\/uploads\/sites\/32\/2023\/12\/gestores_visitam_casas_reformadas_fumas_pa-12.jpg 1900w\" sizes=\"auto, (max-width: 1280px) 100vw, 1280px\" \/><figcaption class=\"wp-element-caption\">Prefeitura, Fumas e agentes da CDHU participaram de visita t\u00e9cnica \u00e0s obras das casas <\/figcaption><\/figure>\n<\/div>\n\n\n<p>&#8220;Esse avan\u00e7o nas obras aqui no Jardim Novo Horizonte, por meio do Programa Viver Melhor, refor\u00e7a o nosso compromisso de viabilizar a amplia\u00e7\u00e3o dos investimentos em habita\u00e7\u00e3o de interesse social na cidade toda. A prioridade da gest\u00e3o do Prefeito Luiz Fernando \u00e9 promover mais qualidade de vida \u00e0s fam\u00edlias com moradias mais dignas&#8221;, refor\u00e7ou o gestor de Governo e Finan\u00e7as, Jos\u00e9 Antonio Parimoschi.<\/p>\n\n\n\n<p>Uma das casas entregues foi a do seu Lisb\u00e2nio Acunha, morador h\u00e1 31 anos do Jardim Novo Horizonte. A casa ganhou vida nova, paredes verdes e muito mais conforto. &#8220;A reforma chegou na melhor hora poss\u00edvel. E eles arrumaram v\u00e1rios c\u00f4modos que eu n\u00e3o tinha condi\u00e7\u00f5es de mexer. Fico muito feliz de receber voc\u00eas aqui&#8221;, disse.<\/p>\n\n\n\n<p>As reformas foram iniciadas em outubro de 2022 e avan\u00e7am gradativamente. \u201cAl\u00e9m da reforma, o projeto contempla tamb\u00e9m a regulariza\u00e7\u00e3o fundi\u00e1ria. Al\u00e9m da casa reformada, os moradores tamb\u00e9m recebem a t\u00e3o sonhada escritura, o que tamb\u00e9m garante mais seguran\u00e7a e dignidade \u00e0s fam\u00edlias&#8221;, lembrou o superintendente da Fumas, Jos\u00e9 Galv\u00e3o de Braga Campos, o Tico.<\/p>\n\n\n\n<figure class=\"wp-block-gallery has-nested-images columns-default is-cropped wp-block-gallery-1 is-layout-flex wp-block-gallery-is-layout-flex\">\n<figure class=\"wp-block-image size-large\"><a href=\"https:\/\/jundiai.sp.gov.br\/noticias\/wp-content\/uploads\/sites\/32\/2023\/12\/gestores_visitam_casas_reformadas_fumas_pa-6.jpg\"><img loading=\"lazy\" decoding=\"async\" width=\"1280\" height=\"854\" data-id=\"332880\" src=\"https:\/\/jundiai.sp.gov.br\/noticias\/wp-content\/uploads\/sites\/32\/2023\/12\/gestores_visitam_casas_reformadas_fumas_pa-6-1280x854.jpg\" alt=\"\" class=\"wp-image-332880\" srcset=\"https:\/\/jundiai.sp.gov.br\/noticias\/wp-content\/uploads\/sites\/32\/2023\/12\/gestores_visitam_casas_reformadas_fumas_pa-6-1280x854.jpg 1280w, https:\/\/jundiai.sp.gov.br\/noticias\/wp-content\/uploads\/sites\/32\/2023\/12\/gestores_visitam_casas_reformadas_fumas_pa-6-300x200.jpg 300w, https:\/\/jundiai.sp.gov.br\/noticias\/wp-content\/uploads\/sites\/32\/2023\/12\/gestores_visitam_casas_reformadas_fumas_pa-6-768x512.jpg 768w, https:\/\/jundiai.sp.gov.br\/noticias\/wp-content\/uploads\/sites\/32\/2023\/12\/gestores_visitam_casas_reformadas_fumas_pa-6-1536x1024.jpg 1536w, https:\/\/jundiai.sp.gov.br\/noticias\/wp-content\/uploads\/sites\/32\/2023\/12\/gestores_visitam_casas_reformadas_fumas_pa-6-450x300.jpg 450w, https:\/\/jundiai.sp.gov.br\/noticias\/wp-content\/uploads\/sites\/32\/2023\/12\/gestores_visitam_casas_reformadas_fumas_pa-6.jpg 1900w\" sizes=\"auto, (max-width: 1280px) 100vw, 1280px\" \/><\/a><figcaption class=\"wp-element-caption\">Um dos dormit\u00f3rios da resid\u00eancia reformada pelo Programa<\/figcaption><\/figure>\n<\/figure>\n\n\n\n<p>\u201cPara ampliar ainda mais os investimentos, estamos estruturando o Programa Viver Melhor Municipal, o que vai permitir a amplia\u00e7\u00e3o dessas reformas em resid\u00eancias de outros bairros da cidade. A principal transforma\u00e7\u00e3o, al\u00e9m da obra f\u00edsica, \u00e9 o fortalecimento da autoestima das pessoas com uma casa mais confort\u00e1vel e segura&#8221;, disse o prefeito Luiz Fernando Machado.<\/p>\n\n\n\n<p>O programa Viver Melhor atende pessoas com renda de at\u00e9 cinco sal\u00e1rios m\u00ednimos e que vivem em domic\u00edlios em condi\u00e7\u00f5es prec\u00e1ria de habita\u00e7\u00e3o. Os principais servi\u00e7os prestados s\u00e3o a coloca\u00e7\u00e3o de piso, revestimento, instala\u00e7\u00e3o de esquadrias, impermeabiliza\u00e7\u00e3o, restaura\u00e7\u00e3o de telhados, reparos de drenagem, instala\u00e7\u00f5es el\u00e9tricas e hidr\u00e1ulicas, conex\u00e3o com rede de \u00e1gua e esgoto, melhorias em acessos e \u00e1reas comuns do n\u00facleo habitacional, entre outros. As fachadas tamb\u00e9m s\u00e3o recuperadas e ganham pintura colorida com o objetivo de revitalizar a paisagem local. O investimento \u00e9 de cerca R$ 30 mil por casa.<\/p>\n\n\n<div class=\"wp-block-image\">\n<figure class=\"aligncenter size-large\"><img loading=\"lazy\" decoding=\"async\" width=\"1280\" height=\"854\" src=\"https:\/\/jundiai.sp.gov.br\/noticias\/wp-content\/uploads\/sites\/32\/2023\/12\/fumas-programa-viver-melhor-reformas-casas-jardim-novo-horizonte_fm_-33-1280x854.jpg\" alt=\"\" class=\"wp-image-332883\" srcset=\"https:\/\/jundiai.sp.gov.br\/noticias\/wp-content\/uploads\/sites\/32\/2023\/12\/fumas-programa-viver-melhor-reformas-casas-jardim-novo-horizonte_fm_-33-1280x854.jpg 1280w, https:\/\/jundiai.sp.gov.br\/noticias\/wp-content\/uploads\/sites\/32\/2023\/12\/fumas-programa-viver-melhor-reformas-casas-jardim-novo-horizonte_fm_-33-300x200.jpg 300w, https:\/\/jundiai.sp.gov.br\/noticias\/wp-content\/uploads\/sites\/32\/2023\/12\/fumas-programa-viver-melhor-reformas-casas-jardim-novo-horizonte_fm_-33-768x512.jpg 768w, https:\/\/jundiai.sp.gov.br\/noticias\/wp-content\/uploads\/sites\/32\/2023\/12\/fumas-programa-viver-melhor-reformas-casas-jardim-novo-horizonte_fm_-33-1536x1024.jpg 1536w, https:\/\/jundiai.sp.gov.br\/noticias\/wp-content\/uploads\/sites\/32\/2023\/12\/fumas-programa-viver-melhor-reformas-casas-jardim-novo-horizonte_fm_-33-450x300.jpg 450w, https:\/\/jundiai.sp.gov.br\/noticias\/wp-content\/uploads\/sites\/32\/2023\/12\/fumas-programa-viver-melhor-reformas-casas-jardim-novo-horizonte_fm_-33.jpg 1900w\" sizes=\"auto, (max-width: 1280px) 100vw, 1280px\" \/><figcaption class=\"wp-element-caption\">Casas s\u00e3o reformadas e garantem mais dignidade \u00e0s fam\u00edlias<\/figcaption><\/figure>\n<\/div>\n\n\n<p><strong>Assessoria de Imprensa<br>Fotos: Fot\u00f3grafos PMJ<\/strong><\/p>\n","protected":false},"excerpt":{"rendered":"<p>O sonho de uma moradia segura, reformada e com dignidade est\u00e1 sendo realizado para dezenas de fam\u00edlias do Jardim Novo Horizonte. \u00c9 o que garante o Programa \u201cViver Melhor\u201d, realizado pela Prefeitura de Jundia\u00ed, a partir da Funda\u00e7\u00e3o Municipal de A\u00e7\u00e3o Social (FUMAS), a partir de conv\u00eanio com a Secretaria de Estado da Habita\u00e7\u00e3o e [&hellip;]<\/p>\n","protected":false},"author":100,"featured_media":332985,"comment_status":"closed","ping_status":"0","sticky":false,"template":"","format":"standard","meta":{"footnotes":""},"categories":[2],"tags":[1401,49,490,3780],"ods":[4230],"class_list":["post-332853","post","type-post","status-publish","format-standard","has-post-thumbnail","hentry","category-noticias","tag-fumas","tag-fundacao-municipal-de-acao-social-fumas","tag-habitacao","tag-viver-melhor","ods-ods-10"],"_links":{"self":[{"href":"https:\/\/jundiai.sp.gov.br\/noticias\/wp-json\/wp\/v2\/posts\/332853","targetHints":{"allow":["GET"]}}],"collection":[{"href":"https:\/\/jundiai.sp.gov.br\/noticias\/wp-json\/wp\/v2\/posts"}],"about":[{"href":"https:\/\/jundiai.sp.gov.br\/noticias\/wp-json\/wp\/v2\/types\/post"}],"author":[{"embeddable":true,"href":"https:\/\/jundiai.sp.gov.br\/noticias\/wp-json\/wp\/v2\/users\/100"}],"replies":[{"embeddable":true,"href":"https:\/\/jundiai.sp.gov.br\/noticias\/wp-json\/wp\/v2\/comments?post=332853"}],"version-history":[{"count":25,"href":"https:\/\/jundiai.sp.gov.br\/noticias\/wp-json\/wp\/v2\/posts\/332853\/revisions"}],"predecessor-version":[{"id":333387,"href":"https:\/\/jundiai.sp.gov.br\/noticias\/wp-json\/wp\/v2\/posts\/332853\/revisions\/333387"}],"wp:featuredmedia":[{"embeddable":true,"href":"https:\/\/jundiai.sp.gov.br\/noticias\/wp-json\/wp\/v2\/media\/332985"}],"wp:attachment":[{"href":"https:\/\/jundiai.sp.gov.br\/noticias\/wp-json\/wp\/v2\/media?parent=332853"}],"wp:term":[{"taxonomy":"category","embeddable":true,"href":"https:\/\/jundiai.sp.gov.br\/noticias\/wp-json\/wp\/v2\/categories?post=332853"},{"taxonomy":"post_tag","embeddable":true,"href":"https:\/\/jundiai.sp.gov.br\/noticias\/wp-json\/wp\/v2\/tags?post=332853"},{"taxonomy":"ods","embeddable":true,"href":"https:\/\/jundiai.sp.gov.br\/noticias\/wp-json\/wp\/v2\/ods?post=332853"}],"curies":[{"name":"wp","href":"https:\/\/api.w.org\/{rel}","templated":true}]}}