{"id":332943,"date":"2023-12-02T16:38:13","date_gmt":"2023-12-02T19:38:13","guid":{"rendered":"https:\/\/jundiai.sp.gov.br\/noticias\/?p=332943"},"modified":"2023-12-04T11:04:17","modified_gmt":"2023-12-04T14:04:17","slug":"1o-sarau-literario-reune-comunidade-escolar-na-emeb-ivo-de-bona","status":"publish","type":"post","link":"https:\/\/jundiai.sp.gov.br\/noticias\/2023\/12\/02\/1o-sarau-literario-reune-comunidade-escolar-na-emeb-ivo-de-bona\/","title":{"rendered":"1\u00ba Sarau Liter\u00e1rio re\u00fane comunidade escolar na EMEB Ivo de Bona"},"content":{"rendered":"\n<p>A EMEB Ivo de Bona, no Parque Residencial Almerinda Chaves, promoveu neste s\u00e1bado (02) o 1\u00ba Sarau Liter\u00e1rio da escola. O evento reuniu alunos, familiares, professores e diretores em uma manh\u00e3 repleta de m\u00fasica, leitura de poemas, atividades culturais e op\u00e7\u00f5es gastron\u00f4micas para todos. A atividade est\u00e1 em conson\u00e2ncia com o projeto de leitura aplicado na escola e teve como objetivo demonstrar os aprendizados adquiridos durante o ano.<\/p>\n\n\n\n<p>Estudante do 4\u00ba ano, Gabriel Silva de Oliveira, de 10 anos, comp\u00f4s e apresentou a m\u00fasica \u201cNo Cora\u00e7\u00e3o Eu Vou Levar\u201d, com a m\u00e3e e educadora, Marcia Priscila, de 38 anos. \u201cGosto de vir com a fam\u00edlia \u00e0 escola para mostrar o que aprendo e fa\u00e7o o ano todo\u201d, conta o menino, que tamb\u00e9m esteve acompanhado da av\u00f3 Geni Aparecida. \u201cSei o quanto essas experi\u00eancias s\u00e3o ricas para as crian\u00e7as e para n\u00f3s, portanto, sempre que tem essas atividades em fam\u00edlia na escola, a gente comparece\u201d, conta Marcia.<\/p>\n\n\n\n<figure class=\"wp-block-image size-large\"><img loading=\"lazy\" decoding=\"async\" width=\"1280\" height=\"854\" src=\"https:\/\/jundiai.sp.gov.br\/noticias\/wp-content\/uploads\/sites\/32\/2023\/12\/1o-sarau-literario_ivo-de-bona-4-1280x854.jpg\" alt=\"\" class=\"wp-image-332944\" srcset=\"https:\/\/jundiai.sp.gov.br\/noticias\/wp-content\/uploads\/sites\/32\/2023\/12\/1o-sarau-literario_ivo-de-bona-4-1280x854.jpg 1280w, https:\/\/jundiai.sp.gov.br\/noticias\/wp-content\/uploads\/sites\/32\/2023\/12\/1o-sarau-literario_ivo-de-bona-4-300x200.jpg 300w, https:\/\/jundiai.sp.gov.br\/noticias\/wp-content\/uploads\/sites\/32\/2023\/12\/1o-sarau-literario_ivo-de-bona-4-768x512.jpg 768w, https:\/\/jundiai.sp.gov.br\/noticias\/wp-content\/uploads\/sites\/32\/2023\/12\/1o-sarau-literario_ivo-de-bona-4-1536x1024.jpg 1536w, https:\/\/jundiai.sp.gov.br\/noticias\/wp-content\/uploads\/sites\/32\/2023\/12\/1o-sarau-literario_ivo-de-bona-4-450x300.jpg 450w, https:\/\/jundiai.sp.gov.br\/noticias\/wp-content\/uploads\/sites\/32\/2023\/12\/1o-sarau-literario_ivo-de-bona-4.jpg 1900w\" sizes=\"auto, (max-width: 1280px) 100vw, 1280px\" \/><figcaption class=\"wp-element-caption\">Marcia e Gabriel ensaiam a m\u00fasica \u201cNo Cora\u00e7\u00e3o Eu Vou Levar\u201d, antes da apresenta\u00e7\u00e3o<\/figcaption><\/figure>\n\n\n\n<p>\u201cReunir as fam\u00edlias nas escolas \u00e9 importante para haver momentos de socializa\u00e7\u00e3o, al\u00e9m de fomentar o interesse das crian\u00e7as com a escola e, consequentemente, com o aprendizado. Jundia\u00ed \u00e9 a Cidade das Crian\u00e7as e as a\u00e7\u00f5es que visam o desenvolvimento integral de cada uma delas s\u00e3o a nossa prioridade\u201d, comenta o Gestor de Governo e Finan\u00e7as, Jos\u00e9 Antonio Parimoschi, que esteve presente na EMEB Ivo de Bona nesta manh\u00e3.<\/p>\n\n\n\n<p>Outras escolas tamb\u00e9m promoveram atividades. Na EMEB Professora Odila Richter teve feira Cultural e Empreendedora, com exposi\u00e7\u00e3o dos trabalhos desenvolvidos pelas crian\u00e7as: apresenta\u00e7\u00f5es culturais; artesanatos; ervas, temperos e conservas; brinquedos ecol\u00f3gicos. J\u00e1 na EMEB Professora Dina Rosete Zandona Cunningham houve o fechamento do projeto &#8220;Deixa que eu te conto&#8221;, com exposi\u00e7\u00e3o das produ\u00e7\u00f5es das crian\u00e7as, dan\u00e7as e teatro.<\/p>\n\n\n\n<figure class=\"wp-block-image size-large\"><img loading=\"lazy\" decoding=\"async\" width=\"1280\" height=\"854\" src=\"https:\/\/jundiai.sp.gov.br\/noticias\/wp-content\/uploads\/sites\/32\/2023\/12\/1o-sarau-literario_ivo-de-bona-1-1280x854.jpg\" alt=\"\" class=\"wp-image-332945\" srcset=\"https:\/\/jundiai.sp.gov.br\/noticias\/wp-content\/uploads\/sites\/32\/2023\/12\/1o-sarau-literario_ivo-de-bona-1-1280x854.jpg 1280w, https:\/\/jundiai.sp.gov.br\/noticias\/wp-content\/uploads\/sites\/32\/2023\/12\/1o-sarau-literario_ivo-de-bona-1-300x200.jpg 300w, https:\/\/jundiai.sp.gov.br\/noticias\/wp-content\/uploads\/sites\/32\/2023\/12\/1o-sarau-literario_ivo-de-bona-1-768x512.jpg 768w, https:\/\/jundiai.sp.gov.br\/noticias\/wp-content\/uploads\/sites\/32\/2023\/12\/1o-sarau-literario_ivo-de-bona-1-1536x1024.jpg 1536w, https:\/\/jundiai.sp.gov.br\/noticias\/wp-content\/uploads\/sites\/32\/2023\/12\/1o-sarau-literario_ivo-de-bona-1-450x300.jpg 450w, https:\/\/jundiai.sp.gov.br\/noticias\/wp-content\/uploads\/sites\/32\/2023\/12\/1o-sarau-literario_ivo-de-bona-1.jpg 1900w\" sizes=\"auto, (max-width: 1280px) 100vw, 1280px\" \/><figcaption class=\"wp-element-caption\">1\u00b0 Sarau Liter\u00e1rio teve m\u00fasica, leitura de poemas, atividades culturais e divers\u00e3o para as fam\u00edlias<\/figcaption><\/figure>\n\n\n\n<p>\u201cA uni\u00e3o da comunidade escolar fortalece os v\u00ednculos entre os meninos e meninas da rede municipal com as suas fam\u00edlias, al\u00e9m de ser uma oportunidade de demonstrar todos os conhecimentos adquiridos ao longo de 2023. As crian\u00e7as tiveram um \u00f3timo engajamento e est\u00e3o encerrando o ano letivo com chave de ouro\u201d, ressalta a Gestora de Educa\u00e7\u00e3o, Vast\u00ed Ferrari Marques.<\/p>\n\n\n\n<p><strong>Assessoria de Imprensa<br>Foto: Fot\u00f3grafo PMJ<\/strong><\/p>\n","protected":false},"excerpt":{"rendered":"<p>A EMEB Ivo de Bona, no Parque Residencial Almerinda Chaves, promoveu neste s\u00e1bado (02) o 1\u00ba Sarau Liter\u00e1rio da escola. O evento reuniu alunos, familiares, professores e diretores em uma manh\u00e3 repleta de m\u00fasica, leitura de poemas, atividades culturais e op\u00e7\u00f5es gastron\u00f4micas para todos. A atividade est\u00e1 em conson\u00e2ncia com o projeto de leitura aplicado [&hellip;]<\/p>\n","protected":false},"author":90,"featured_media":332945,"comment_status":"closed","ping_status":"0","sticky":false,"template":"","format":"standard","meta":{"footnotes":""},"categories":[2],"tags":[4366,3238,6,3945,1061],"ods":[],"class_list":["post-332943","post","type-post","status-publish","format-standard","has-post-thumbnail","hentry","category-noticias","tag-1-sarau-literario","tag-almerinda-chaves","tag-educacao","tag-emeb-ivo-de-bona","tag-escola-inovadora"],"_links":{"self":[{"href":"https:\/\/jundiai.sp.gov.br\/noticias\/wp-json\/wp\/v2\/posts\/332943","targetHints":{"allow":["GET"]}}],"collection":[{"href":"https:\/\/jundiai.sp.gov.br\/noticias\/wp-json\/wp\/v2\/posts"}],"about":[{"href":"https:\/\/jundiai.sp.gov.br\/noticias\/wp-json\/wp\/v2\/types\/post"}],"author":[{"embeddable":true,"href":"https:\/\/jundiai.sp.gov.br\/noticias\/wp-json\/wp\/v2\/users\/90"}],"replies":[{"embeddable":true,"href":"https:\/\/jundiai.sp.gov.br\/noticias\/wp-json\/wp\/v2\/comments?post=332943"}],"version-history":[{"count":1,"href":"https:\/\/jundiai.sp.gov.br\/noticias\/wp-json\/wp\/v2\/posts\/332943\/revisions"}],"predecessor-version":[{"id":332946,"href":"https:\/\/jundiai.sp.gov.br\/noticias\/wp-json\/wp\/v2\/posts\/332943\/revisions\/332946"}],"wp:featuredmedia":[{"embeddable":true,"href":"https:\/\/jundiai.sp.gov.br\/noticias\/wp-json\/wp\/v2\/media\/332945"}],"wp:attachment":[{"href":"https:\/\/jundiai.sp.gov.br\/noticias\/wp-json\/wp\/v2\/media?parent=332943"}],"wp:term":[{"taxonomy":"category","embeddable":true,"href":"https:\/\/jundiai.sp.gov.br\/noticias\/wp-json\/wp\/v2\/categories?post=332943"},{"taxonomy":"post_tag","embeddable":true,"href":"https:\/\/jundiai.sp.gov.br\/noticias\/wp-json\/wp\/v2\/tags?post=332943"},{"taxonomy":"ods","embeddable":true,"href":"https:\/\/jundiai.sp.gov.br\/noticias\/wp-json\/wp\/v2\/ods?post=332943"}],"curies":[{"name":"wp","href":"https:\/\/api.w.org\/{rel}","templated":true}]}}