{"id":333196,"date":"2023-12-07T10:59:48","date_gmt":"2023-12-07T13:59:48","guid":{"rendered":"https:\/\/jundiai.sp.gov.br\/noticias\/?p=333196"},"modified":"2023-12-07T10:59:48","modified_gmt":"2023-12-07T13:59:48","slug":"jundiai-e-premiada-smart-gov-brasil","status":"publish","type":"post","link":"https:\/\/jundiai.sp.gov.br\/noticias\/2023\/12\/07\/jundiai-e-premiada-smart-gov-brasil\/","title":{"rendered":"Jundia\u00ed \u00e9 premiada Smart Gov Brasil"},"content":{"rendered":"\n<p>Jundia\u00ed ganhou mais um pr\u00eamio de Cidade Inteligente na noite da \u00faltima quarta-feira, dia 6. Desta vez foi o ANCITI Awards 2023: <em>Celebrando a Excel\u00eancia em Tecnologia e Transforma\u00e7\u00e3o Digital nas Cidades<\/em>, ficando em primeiro lugar na categoria &#8216;<strong>Munic\u00edpios de at\u00e9 500 mil habitantes<\/strong>&#8216;. A premia\u00e7\u00e3o aconteceu durante o Smart Gov Brasil, evento organizado pela Associa\u00e7\u00e3o Nacional das Cidades Inteligentes, Tecnol\u00f3gicas e Inovadoras (Anciti) que vai at\u00e9 dia 8 de dezembro, no Rio de Janeiro.&nbsp;<\/p>\n\n\n\n<p>&#8220;A Prefeitura de Jundia\u00ed investe em tecnologia para entregar, cada vez mais e melhor, os servi\u00e7os aos cidad\u00e3os. Uma Cidade Inteligente \u00e9 aquela que agrega crescimento, desenvolvimento e humaniza\u00e7\u00e3o. O reconhecimento nacional das inova\u00e7\u00f5es implementadas refor\u00e7a que o caminho tra\u00e7ado desde 2017 foi certeiro&#8221;, destaca o prefeito Luiz Fernando Machado. <\/p>\n\n\n\n<p>O Smart Gov Brasil \u00e9 um encontro de lideran\u00e7as de todo o pa\u00eds para discutir projetos e solu\u00e7\u00f5es digitais que levam mais qualidade de vida e efici\u00eancia aos munic\u00edpios brasileiros. A Companhia de Inform\u00e1tica de Jundia\u00ed (CIJUN) est\u00e1 participando do encontro com os l\u00edderes de todo o Brasil e representou a Prefeitura de Jundia\u00ed. O tema deste ano \u00e9&nbsp; \u2018<em>Desafios e Estrat\u00e9gias Inovadoras para Alavancar as Finan\u00e7as P\u00fablicas<\/em>\u2019.<\/p>\n\n\n\n<figure class=\"wp-block-image size-large\"><img loading=\"lazy\" decoding=\"async\" width=\"1280\" height=\"853\" src=\"https:\/\/jundiai.sp.gov.br\/noticias\/wp-content\/uploads\/sites\/32\/2023\/12\/anciti-premio-2023-02-1280x853.jpg\" alt=\"Dois homens de meia idade, vestidos em trajes sociais e de \u00f3culos. O pr\u00eamio est\u00e1 nas m\u00e3os dos dois, a cor dele \u00e9 rosa.\" class=\"wp-image-333209\" srcset=\"https:\/\/jundiai.sp.gov.br\/noticias\/wp-content\/uploads\/sites\/32\/2023\/12\/anciti-premio-2023-02-1280x853.jpg 1280w, https:\/\/jundiai.sp.gov.br\/noticias\/wp-content\/uploads\/sites\/32\/2023\/12\/anciti-premio-2023-02-300x200.jpg 300w, https:\/\/jundiai.sp.gov.br\/noticias\/wp-content\/uploads\/sites\/32\/2023\/12\/anciti-premio-2023-02-768x512.jpg 768w, https:\/\/jundiai.sp.gov.br\/noticias\/wp-content\/uploads\/sites\/32\/2023\/12\/anciti-premio-2023-02-450x300.jpg 450w, https:\/\/jundiai.sp.gov.br\/noticias\/wp-content\/uploads\/sites\/32\/2023\/12\/anciti-premio-2023-02.jpg 1379w\" sizes=\"auto, (max-width: 1280px) 100vw, 1280px\" \/><figcaption class=\"wp-element-caption\">Amauri Marquezi, presidente da CIJUN, recebeu o pr\u00eamio das m\u00e3os do Presidente da Anciti, Johann Dantas.<\/figcaption><\/figure>\n\n\n\n<p>Toda avalia\u00e7\u00e3o das cidades participantes foi feita pela plataforma Bright Cities, que&nbsp;analisa a performance de dez \u00e1reas da gest\u00e3o urbana: Governan\u00e7a, Educa\u00e7\u00e3o, Sa\u00fade, Urbanismo, Meio Ambiente, Seguran\u00e7a, Mobilidade, Empreendedorismo e Tecnologia e Inova\u00e7\u00e3o de uma cidade utilizando dados obtidos a partir de 170 indicadores.<\/p>\n\n\n\n<p>Todos os indicadores utilizados pela plataforma est\u00e3o alinhados com os \u200b17 Objetivos de Desenvolvimento Sustent\u00e1vel da Agenda 2030 da ONU\u200b e com as \u200bnormas t\u00e9cnicas da ISO\u200b. Os dados, capturados e atualizados por meios de fontes oficiais de maneira autom\u00e1tica, s\u00e3o obtidos exclusivamente por meio de fontes oficiais e provenientes de bancos de dados p\u00fablicos. &#8220;As ferramentas que a CIJUN tem desenvolvido para a Prefeitura de Jundia\u00ed s\u00e3o essenciais para a gest\u00e3o estrat\u00e9gica de recursos, acompanhamento dos trabalhos, servi\u00e7os e obras, al\u00e9m de promover servi\u00e7os na palma da m\u00e3o do cidad\u00e3o. Isso proporciona a efici\u00eancia e a efic\u00e1cia na gest\u00e3o. Ser uma cidade inteligente \u00e9 oferecer agilidade, seguran\u00e7a e servi\u00e7os de qualidade&#8221;, comemora o gestor de Governo e Finan\u00e7as, Jos\u00e9 Antonio Parimoschi. <\/p>\n\n\n\n<p>\u201cPara n\u00f3s \u00e9 um grande privil\u00e9gio participar de eventos deste porte e ainda receber o primeiro lugar na categoria cidades at\u00e9 500 mil habitantes.&nbsp; O trabalho que a Companhia realiza potencializa as a\u00e7\u00f5es da Prefeitura de Jundia\u00ed, tornando nossa cidade caso de sucesso em v\u00e1rios aspectos. Nossa maior miss\u00e3o \u00e9 melhorar a vida do cidad\u00e3o e isso vem ao encontro da administra\u00e7\u00e3o do Prefeito Luiz Fernando Machado\u201d, acredita o presidente da CIJUN, Amauri Marquezi. Durante os tr\u00eas dias do evento,&nbsp; representantes de mais de 100 cidades brasileiras est\u00e3o trocando experi\u00eancias.<\/p>\n\n\n\n<figure class=\"wp-block-image size-large\"><img loading=\"lazy\" decoding=\"async\" width=\"1280\" height=\"852\" src=\"https:\/\/jundiai.sp.gov.br\/noticias\/wp-content\/uploads\/sites\/32\/2023\/12\/anciti-premio-2023-01-1280x852.jpg\" alt=\"Presidente da Anciti no palco, cercado por pessoas sentadas em cadeiras o observando.\" class=\"wp-image-333210\" srcset=\"https:\/\/jundiai.sp.gov.br\/noticias\/wp-content\/uploads\/sites\/32\/2023\/12\/anciti-premio-2023-01-1280x852.jpg 1280w, https:\/\/jundiai.sp.gov.br\/noticias\/wp-content\/uploads\/sites\/32\/2023\/12\/anciti-premio-2023-01-300x200.jpg 300w, https:\/\/jundiai.sp.gov.br\/noticias\/wp-content\/uploads\/sites\/32\/2023\/12\/anciti-premio-2023-01-768x511.jpg 768w, https:\/\/jundiai.sp.gov.br\/noticias\/wp-content\/uploads\/sites\/32\/2023\/12\/anciti-premio-2023-01-450x300.jpg 450w, https:\/\/jundiai.sp.gov.br\/noticias\/wp-content\/uploads\/sites\/32\/2023\/12\/anciti-premio-2023-01.jpg 1381w\" sizes=\"auto, (max-width: 1280px) 100vw, 1280px\" \/><figcaption class=\"wp-element-caption\">Johann Dantas abriu o evento ANCITI Awards 2023<\/figcaption><\/figure>\n\n\n\n<p><strong>Assessoria de Imprensa<\/strong><br><strong>Fotos: Divulga\u00e7\u00e3o<\/strong><\/p>\n","protected":false},"excerpt":{"rendered":"<p>Jundia\u00ed ganhou mais um pr\u00eamio de Cidade Inteligente na noite da \u00faltima quarta-feira, dia 6. Desta vez foi o ANCITI Awards 2023: Celebrando a Excel\u00eancia em Tecnologia e Transforma\u00e7\u00e3o Digital nas Cidades, ficando em primeiro lugar na categoria &#8216;Munic\u00edpios de at\u00e9 500 mil habitantes&#8216;. A premia\u00e7\u00e3o aconteceu durante o Smart Gov Brasil, evento organizado pela [&hellip;]<\/p>\n","protected":false},"author":39,"featured_media":333209,"comment_status":"closed","ping_status":"0","sticky":false,"template":"","format":"standard","meta":{"footnotes":""},"categories":[2],"tags":[235,2630,2405,1176,487],"ods":[4229],"class_list":["post-333196","post","type-post","status-publish","format-standard","has-post-thumbnail","hentry","category-noticias","tag-companhia-de-informatica-de-jundiai-cijun","tag-desenvolvimento","tag-inovacao","tag-prefeito-luiz-fernando-machado","tag-tecnologia-e-inovacao","ods-ods-09"],"_links":{"self":[{"href":"https:\/\/jundiai.sp.gov.br\/noticias\/wp-json\/wp\/v2\/posts\/333196","targetHints":{"allow":["GET"]}}],"collection":[{"href":"https:\/\/jundiai.sp.gov.br\/noticias\/wp-json\/wp\/v2\/posts"}],"about":[{"href":"https:\/\/jundiai.sp.gov.br\/noticias\/wp-json\/wp\/v2\/types\/post"}],"author":[{"embeddable":true,"href":"https:\/\/jundiai.sp.gov.br\/noticias\/wp-json\/wp\/v2\/users\/39"}],"replies":[{"embeddable":true,"href":"https:\/\/jundiai.sp.gov.br\/noticias\/wp-json\/wp\/v2\/comments?post=333196"}],"version-history":[{"count":7,"href":"https:\/\/jundiai.sp.gov.br\/noticias\/wp-json\/wp\/v2\/posts\/333196\/revisions"}],"predecessor-version":[{"id":333215,"href":"https:\/\/jundiai.sp.gov.br\/noticias\/wp-json\/wp\/v2\/posts\/333196\/revisions\/333215"}],"wp:featuredmedia":[{"embeddable":true,"href":"https:\/\/jundiai.sp.gov.br\/noticias\/wp-json\/wp\/v2\/media\/333209"}],"wp:attachment":[{"href":"https:\/\/jundiai.sp.gov.br\/noticias\/wp-json\/wp\/v2\/media?parent=333196"}],"wp:term":[{"taxonomy":"category","embeddable":true,"href":"https:\/\/jundiai.sp.gov.br\/noticias\/wp-json\/wp\/v2\/categories?post=333196"},{"taxonomy":"post_tag","embeddable":true,"href":"https:\/\/jundiai.sp.gov.br\/noticias\/wp-json\/wp\/v2\/tags?post=333196"},{"taxonomy":"ods","embeddable":true,"href":"https:\/\/jundiai.sp.gov.br\/noticias\/wp-json\/wp\/v2\/ods?post=333196"}],"curies":[{"name":"wp","href":"https:\/\/api.w.org\/{rel}","templated":true}]}}