{"id":333368,"date":"2023-12-08T14:32:10","date_gmt":"2023-12-08T17:32:10","guid":{"rendered":"https:\/\/jundiai.sp.gov.br\/noticias\/?p=333368"},"modified":"2023-12-08T14:32:10","modified_gmt":"2023-12-08T17:32:10","slug":"audiencias-publicas-apresentam-modelo-para-nova-concessao-do-transporte-publico-de-jundiai","status":"publish","type":"post","link":"https:\/\/jundiai.sp.gov.br\/noticias\/2023\/12\/08\/audiencias-publicas-apresentam-modelo-para-nova-concessao-do-transporte-publico-de-jundiai\/","title":{"rendered":"Audi\u00eancias P\u00fablicas apresentam modelo para nova concess\u00e3o do transporte p\u00fablico de Jundia\u00ed"},"content":{"rendered":"\n<p>Para facilitar o acesso dos interessados em conhecer as novidades que ser\u00e3o exigidas pela Prefeitura de Jundia\u00ed, por meio da Unidade de Gest\u00e3o de Mobilidade e Transporte (UGMT), para a nova concess\u00e3o do transporte p\u00fablico de Jundia\u00ed, que est\u00e1 com o edital aberto, foram realizadas duas audi\u00eancias p\u00fablicas (virtual e presencial), nesta semana. A nova concess\u00e3o contar\u00e1 com integra\u00e7\u00e3o de modais de transporte, al\u00e9m de ampliar as exig\u00eancias sobre conforto, qualidade e agilidade nas viagens. <\/p>\n\n\n\n<p>Realizadas no Complexo Argos, a transmiss\u00e3o via <a href=\"https:\/\/www.youtube.com\/watch?v=esBPeqDZDBQ\">Youtube da Prefeitura de Jundia\u00ed<\/a>, na noite de quinta-feira (07), est\u00e1 dispon\u00edvel para acesso na plataforma. J\u00e1 a edi\u00e7\u00e3o presencial, realizada na manh\u00e3 desta sexta-feira (08), no audit\u00f3rio do Centro Municipal de Educa\u00e7\u00e3o de Jovens e Adultos (CMEJA), foi gravada para anexar ao processo de licita\u00e7\u00e3o. <\/p>\n\n\n\n<p>&#8220;A seguran\u00e7a, a agilidade e a transpar\u00eancia do servi\u00e7o s\u00e3o norteadores da nova concess\u00e3o, que tem a licita\u00e7\u00e3o iniciada. A participa\u00e7\u00e3o da popula\u00e7\u00e3o com sugest\u00f5es tamb\u00e9m confere o atendimento \u00e0s necessidades, pois os usu\u00e1rios foram ouvidos em pesquisas e tamb\u00e9m durante as audi\u00eancias&#8221;, comentou o gestor da UGMT, Aloysio Queiroz. <\/p>\n\n\n\n<figure class=\"wp-block-image size-large\"><img loading=\"lazy\" decoding=\"async\" width=\"1280\" height=\"854\" src=\"https:\/\/jundiai.sp.gov.br\/noticias\/wp-content\/uploads\/sites\/32\/2023\/12\/audiencia-transporte-publico-30-1280x854.jpg\" alt=\"\" class=\"wp-image-333371\" srcset=\"https:\/\/jundiai.sp.gov.br\/noticias\/wp-content\/uploads\/sites\/32\/2023\/12\/audiencia-transporte-publico-30-1280x854.jpg 1280w, https:\/\/jundiai.sp.gov.br\/noticias\/wp-content\/uploads\/sites\/32\/2023\/12\/audiencia-transporte-publico-30-300x200.jpg 300w, https:\/\/jundiai.sp.gov.br\/noticias\/wp-content\/uploads\/sites\/32\/2023\/12\/audiencia-transporte-publico-30-768x512.jpg 768w, https:\/\/jundiai.sp.gov.br\/noticias\/wp-content\/uploads\/sites\/32\/2023\/12\/audiencia-transporte-publico-30-1536x1024.jpg 1536w, https:\/\/jundiai.sp.gov.br\/noticias\/wp-content\/uploads\/sites\/32\/2023\/12\/audiencia-transporte-publico-30-450x300.jpg 450w, https:\/\/jundiai.sp.gov.br\/noticias\/wp-content\/uploads\/sites\/32\/2023\/12\/audiencia-transporte-publico-30.jpg 1900w\" sizes=\"auto, (max-width: 1280px) 100vw, 1280px\" \/><\/figure>\n\n\n\n<p>Com os dados apresentados pelo estudo de modelagem desenvolvido pela GPO Oficina Consultores, os investimentos previstos pela nova concession\u00e1ria \u00e9 de R$ 553 milh\u00f5es, para renova\u00e7\u00e3o de frota, com aquisi\u00e7\u00e3o de novos \u00f4nibus, terminais e amplia\u00e7\u00e3o no n\u00famero de linhas, a expectativa do servi\u00e7o \u00e9 crescer 5% no movimento do servi\u00e7o em rela\u00e7\u00e3o ao per\u00edodo antes da pandemia. <\/p>\n\n\n\n<p>A concess\u00e3o ser\u00e1 em lote \u00fanico, com transporte de 2,3 milh\u00f5es de passageiros m\u00eas com prazo de 15 anos. De acordo com dados da consultoria respons\u00e1vel pela modelagem, ser\u00e3o exigidos &#8211; conforme previsto em legisla\u00e7\u00e3o de licita\u00e7\u00e3o &#8211; atestados de capacidade t\u00e9cnica para as empresas candidatas. &#8220;Desta forma se garante a qualidade e a capacidade de execu\u00e7\u00e3o dos servi\u00e7os. Outra novidade \u00e9 que a presta\u00e7\u00e3o do servi\u00e7o ser\u00e1 avaliada mensalmente e isso interferir\u00e1 no retorno financeiro para a concession\u00e1ria&#8221;, explica o consultor Rodrigo Verroni. <\/p>\n\n\n\n<figure class=\"wp-block-image size-large\"><img loading=\"lazy\" decoding=\"async\" width=\"1280\" height=\"705\" src=\"https:\/\/jundiai.sp.gov.br\/noticias\/wp-content\/uploads\/sites\/32\/2023\/12\/audiencia2-1280x705.jpg\" alt=\"\" class=\"wp-image-333377\" srcset=\"https:\/\/jundiai.sp.gov.br\/noticias\/wp-content\/uploads\/sites\/32\/2023\/12\/audiencia2-1280x705.jpg 1280w, https:\/\/jundiai.sp.gov.br\/noticias\/wp-content\/uploads\/sites\/32\/2023\/12\/audiencia2-300x165.jpg 300w, https:\/\/jundiai.sp.gov.br\/noticias\/wp-content\/uploads\/sites\/32\/2023\/12\/audiencia2-768x423.jpg 768w, https:\/\/jundiai.sp.gov.br\/noticias\/wp-content\/uploads\/sites\/32\/2023\/12\/audiencia2.jpg 1323w\" sizes=\"auto, (max-width: 1280px) 100vw, 1280px\" \/><figcaption class=\"wp-element-caption\">Audi\u00eancia virtual facilitou acesso dos interessados<\/figcaption><\/figure>\n\n\n\n<p><strong>Assessoria de Imprensa<br>Fotos: Fot\u00f3grafos PMJ<\/strong><\/p>\n","protected":false},"excerpt":{"rendered":"<p>Para facilitar o acesso dos interessados em conhecer as novidades que ser\u00e3o exigidas pela Prefeitura de Jundia\u00ed, por meio da Unidade de Gest\u00e3o de Mobilidade e Transporte (UGMT), para a nova concess\u00e3o do transporte p\u00fablico de Jundia\u00ed, que est\u00e1 com o edital aberto, foram realizadas duas audi\u00eancias p\u00fablicas (virtual e presencial), nesta semana. A nova [&hellip;]<\/p>\n","protected":false},"author":39,"featured_media":333371,"comment_status":"closed","ping_status":"0","sticky":false,"template":"","format":"standard","meta":{"footnotes":""},"categories":[2],"tags":[982,2050],"ods":[],"class_list":["post-333368","post","type-post","status-publish","format-standard","has-post-thumbnail","hentry","category-noticias","tag-mobilidade-e-transporte","tag-transporte-publico-2"],"_links":{"self":[{"href":"https:\/\/jundiai.sp.gov.br\/noticias\/wp-json\/wp\/v2\/posts\/333368","targetHints":{"allow":["GET"]}}],"collection":[{"href":"https:\/\/jundiai.sp.gov.br\/noticias\/wp-json\/wp\/v2\/posts"}],"about":[{"href":"https:\/\/jundiai.sp.gov.br\/noticias\/wp-json\/wp\/v2\/types\/post"}],"author":[{"embeddable":true,"href":"https:\/\/jundiai.sp.gov.br\/noticias\/wp-json\/wp\/v2\/users\/39"}],"replies":[{"embeddable":true,"href":"https:\/\/jundiai.sp.gov.br\/noticias\/wp-json\/wp\/v2\/comments?post=333368"}],"version-history":[{"count":7,"href":"https:\/\/jundiai.sp.gov.br\/noticias\/wp-json\/wp\/v2\/posts\/333368\/revisions"}],"predecessor-version":[{"id":333379,"href":"https:\/\/jundiai.sp.gov.br\/noticias\/wp-json\/wp\/v2\/posts\/333368\/revisions\/333379"}],"wp:featuredmedia":[{"embeddable":true,"href":"https:\/\/jundiai.sp.gov.br\/noticias\/wp-json\/wp\/v2\/media\/333371"}],"wp:attachment":[{"href":"https:\/\/jundiai.sp.gov.br\/noticias\/wp-json\/wp\/v2\/media?parent=333368"}],"wp:term":[{"taxonomy":"category","embeddable":true,"href":"https:\/\/jundiai.sp.gov.br\/noticias\/wp-json\/wp\/v2\/categories?post=333368"},{"taxonomy":"post_tag","embeddable":true,"href":"https:\/\/jundiai.sp.gov.br\/noticias\/wp-json\/wp\/v2\/tags?post=333368"},{"taxonomy":"ods","embeddable":true,"href":"https:\/\/jundiai.sp.gov.br\/noticias\/wp-json\/wp\/v2\/ods?post=333368"}],"curies":[{"name":"wp","href":"https:\/\/api.w.org\/{rel}","templated":true}]}}