{"id":333624,"date":"2023-12-12T10:31:57","date_gmt":"2023-12-12T13:31:57","guid":{"rendered":"https:\/\/jundiai.sp.gov.br\/noticias\/?p=333624"},"modified":"2023-12-12T10:32:47","modified_gmt":"2023-12-12T13:32:47","slug":"entregas-de-2024-entram-em-pauta-em-ultima-reuniao-de-monitoramento-do-ano","status":"publish","type":"post","link":"https:\/\/jundiai.sp.gov.br\/noticias\/2023\/12\/12\/entregas-de-2024-entram-em-pauta-em-ultima-reuniao-de-monitoramento-do-ano\/","title":{"rendered":"Entregas de 2024 entram em pauta em \u00faltima Reuni\u00e3o de Monitoramento do ano"},"content":{"rendered":"\n<p>Na segunda-feira (11) aconteceu a \u00faltima Reuni\u00e3o de Monitoramento dos projetos priorit\u00e1rios. Sob o comando do Gestor de Governo e Finan\u00e7as, Jos\u00e9 Antonio Parimoschi, os demais gestores, diretores t\u00e9cnicos e gerentes de projeto tiveram como foco do debate as entregas previstas para o primeiro semestre de 2024.<\/p>\n\n\n\n<p>Na Sa\u00fade, as principais entregas s\u00e3o a Cl\u00ednica da Fam\u00edlia e Pronto Atendimento da Ponte S\u00e3o Jo\u00e3o, al\u00e9m do Ambulat\u00f3rio de Especialidades M\u00e9dicas e Diagn\u00f3sticos e Pronto Atendimento Vila Progresso; pela Seguran\u00e7a, destaque para o Centro Integrado de Emerg\u00eancia e Seguran\u00e7a (CIES), onde ficar\u00e3o as sedes da Guarda Municipal, da Defesa Civil, do Servi\u00e7o de Atendimento M\u00f3vel de Urg\u00eancia (SAMU) e do Servi\u00e7o de Atendimento a Pacientes Especiais e Cr\u00f4nicos (SAEC); na Mobilidade, foco no Complexo Vi\u00e1rio da Regi\u00e3o Sul, Prolongamento da avenida Antonio Frederico Ozanan e a requalifica\u00e7\u00e3o vi\u00e1ria no entorno das marginais da Jo\u00e3o Cereser, na altura do Jardim Shangai e Engordadouro.<\/p>\n\n\n\n<figure class=\"wp-block-image size-large\"><img loading=\"lazy\" decoding=\"async\" width=\"1280\" height=\"854\" src=\"https:\/\/jundiai.sp.gov.br\/noticias\/wp-content\/uploads\/sites\/32\/2023\/12\/30-reuniao-de-monitoramento_fm_-41-1280x854.jpg\" alt=\"\" class=\"wp-image-333627\" srcset=\"https:\/\/jundiai.sp.gov.br\/noticias\/wp-content\/uploads\/sites\/32\/2023\/12\/30-reuniao-de-monitoramento_fm_-41-1280x854.jpg 1280w, https:\/\/jundiai.sp.gov.br\/noticias\/wp-content\/uploads\/sites\/32\/2023\/12\/30-reuniao-de-monitoramento_fm_-41-300x200.jpg 300w, https:\/\/jundiai.sp.gov.br\/noticias\/wp-content\/uploads\/sites\/32\/2023\/12\/30-reuniao-de-monitoramento_fm_-41-768x512.jpg 768w, https:\/\/jundiai.sp.gov.br\/noticias\/wp-content\/uploads\/sites\/32\/2023\/12\/30-reuniao-de-monitoramento_fm_-41-1536x1024.jpg 1536w, https:\/\/jundiai.sp.gov.br\/noticias\/wp-content\/uploads\/sites\/32\/2023\/12\/30-reuniao-de-monitoramento_fm_-41-450x300.jpg 450w, https:\/\/jundiai.sp.gov.br\/noticias\/wp-content\/uploads\/sites\/32\/2023\/12\/30-reuniao-de-monitoramento_fm_-41.jpg 1900w\" sizes=\"auto, (max-width: 1280px) 100vw, 1280px\" \/><figcaption class=\"wp-element-caption\">Reuni\u00e3o de Monitoramento \u00e9 uma das pr\u00e1ticas implementadas para a otimiza\u00e7\u00e3o do uso de recursos<\/figcaption><\/figure>\n\n\n\n<p>\u201cO encontro intersetorial entre gestores e t\u00e9cnicos s\u00e3o importantes, pois agilizam a tomada de decis\u00e3o e destravam os principais gargalos encontrados em cada um dos projetos priorit\u00e1rios. Dessa forma, otimizamos os processos e realizamos as entregas que ir\u00e3o melhorar ainda mais a qualidade da presta\u00e7\u00e3o do servi\u00e7o p\u00fablico ao cidad\u00e3o\u201d, ressalta Parimoschi.<\/p>\n\n\n\n<p>Atualmente, Jundia\u00ed conta com 50 projetos em andamento. Todos eles s\u00e3o acompanhados diariamente pelo Escrit\u00f3rio Central de Projetos (ECP), estrutura implantada ainda em 2017 pela gest\u00e3o&nbsp;com o intuito de otimizar os recursos p\u00fablicos e agilizar as entregas. A Reuni\u00e3o de Monitoramento faz parte do pacote e chegou em sua 30\u00aa edi\u00e7\u00e3o do ano.<\/p>\n\n\n\n<p><strong>Transpar\u00eancia<br><\/strong>Para aqueles que querem conhecer a lista de projetos priorit\u00e1rios e acompanhar as obras que est\u00e3o em andamento, basta acessar o&nbsp;<a href=\"https:\/\/observatorio.jundiai.sp.gov.br\/index.php\" data-type=\"link\" data-id=\"https:\/\/observatorio.jundiai.sp.gov.br\/index.php\" target=\"_blank\" rel=\"noreferrer noopener\">Observat\u00f3rio Jundia\u00ed.<\/a><\/p>\n\n\n\n<p><strong>Assessoria de Imprensa<br>Foto: Fot\u00f3grafo PMJ<\/strong><\/p>\n","protected":false},"excerpt":{"rendered":"<p>Na segunda-feira (11) aconteceu a \u00faltima Reuni\u00e3o de Monitoramento dos projetos priorit\u00e1rios. Sob o comando do Gestor de Governo e Finan\u00e7as, Jos\u00e9 Antonio Parimoschi, os demais gestores, diretores t\u00e9cnicos e gerentes de projeto tiveram como foco do debate as entregas previstas para o primeiro semestre de 2024. Na Sa\u00fade, as principais entregas s\u00e3o a Cl\u00ednica [&hellip;]<\/p>\n","protected":false},"author":90,"featured_media":333627,"comment_status":"closed","ping_status":"0","sticky":false,"template":"","format":"standard","meta":{"footnotes":""},"categories":[2],"tags":[2663,4290,2499],"ods":[],"class_list":["post-333624","post","type-post","status-publish","format-standard","has-post-thumbnail","hentry","category-noticias","tag-reuniao-de-monitoramento","tag-uggf","tag-unidade-de-gestao-de-governo-e-financas-uggf"],"_links":{"self":[{"href":"https:\/\/jundiai.sp.gov.br\/noticias\/wp-json\/wp\/v2\/posts\/333624","targetHints":{"allow":["GET"]}}],"collection":[{"href":"https:\/\/jundiai.sp.gov.br\/noticias\/wp-json\/wp\/v2\/posts"}],"about":[{"href":"https:\/\/jundiai.sp.gov.br\/noticias\/wp-json\/wp\/v2\/types\/post"}],"author":[{"embeddable":true,"href":"https:\/\/jundiai.sp.gov.br\/noticias\/wp-json\/wp\/v2\/users\/90"}],"replies":[{"embeddable":true,"href":"https:\/\/jundiai.sp.gov.br\/noticias\/wp-json\/wp\/v2\/comments?post=333624"}],"version-history":[{"count":2,"href":"https:\/\/jundiai.sp.gov.br\/noticias\/wp-json\/wp\/v2\/posts\/333624\/revisions"}],"predecessor-version":[{"id":333642,"href":"https:\/\/jundiai.sp.gov.br\/noticias\/wp-json\/wp\/v2\/posts\/333624\/revisions\/333642"}],"wp:featuredmedia":[{"embeddable":true,"href":"https:\/\/jundiai.sp.gov.br\/noticias\/wp-json\/wp\/v2\/media\/333627"}],"wp:attachment":[{"href":"https:\/\/jundiai.sp.gov.br\/noticias\/wp-json\/wp\/v2\/media?parent=333624"}],"wp:term":[{"taxonomy":"category","embeddable":true,"href":"https:\/\/jundiai.sp.gov.br\/noticias\/wp-json\/wp\/v2\/categories?post=333624"},{"taxonomy":"post_tag","embeddable":true,"href":"https:\/\/jundiai.sp.gov.br\/noticias\/wp-json\/wp\/v2\/tags?post=333624"},{"taxonomy":"ods","embeddable":true,"href":"https:\/\/jundiai.sp.gov.br\/noticias\/wp-json\/wp\/v2\/ods?post=333624"}],"curies":[{"name":"wp","href":"https:\/\/api.w.org\/{rel}","templated":true}]}}