{"id":333686,"date":"2023-12-12T16:46:47","date_gmt":"2023-12-12T19:46:47","guid":{"rendered":"https:\/\/jundiai.sp.gov.br\/noticias\/?p=333686"},"modified":"2023-12-12T16:46:47","modified_gmt":"2023-12-12T19:46:47","slug":"sala-de-ginastica-e-pista-de-skate-empolgam-moradores-do-santa-gertrudes","status":"publish","type":"post","link":"https:\/\/jundiai.sp.gov.br\/noticias\/2023\/12\/12\/sala-de-ginastica-e-pista-de-skate-empolgam-moradores-do-santa-gertrudes\/","title":{"rendered":"Sala de gin\u00e1stica e pista de skate empolgam moradores do Santa Gertrudes"},"content":{"rendered":"\n<p>O Complexo Esportivo, Cultural e Educacional (CECE) Vanderlei Sperandio, no Santa Gertrudes, recebeu na manh\u00e3 desta ter\u00e7a-feira (12) novas salas de gin\u00e1stica, de administra\u00e7\u00e3o e pista de skate. O local, com grande frequ\u00eancia de moradores da regi\u00e3o, j\u00e1 conta com quadra poliesportiva coberta e descoberta, parque infantil naturalizado, academia ao ar livre e campo de futebol.<\/p>\n\n\n\n<figure class=\"wp-block-image size-large\"><img loading=\"lazy\" decoding=\"async\" width=\"1280\" height=\"854\" src=\"https:\/\/jundiai.sp.gov.br\/noticias\/wp-content\/uploads\/sites\/32\/2023\/12\/vanderlei-sperandio-persona-2-1-1280x854.jpg\" alt=\"\" class=\"wp-image-333713\" srcset=\"https:\/\/jundiai.sp.gov.br\/noticias\/wp-content\/uploads\/sites\/32\/2023\/12\/vanderlei-sperandio-persona-2-1-1280x854.jpg 1280w, https:\/\/jundiai.sp.gov.br\/noticias\/wp-content\/uploads\/sites\/32\/2023\/12\/vanderlei-sperandio-persona-2-1-300x200.jpg 300w, https:\/\/jundiai.sp.gov.br\/noticias\/wp-content\/uploads\/sites\/32\/2023\/12\/vanderlei-sperandio-persona-2-1-768x512.jpg 768w, https:\/\/jundiai.sp.gov.br\/noticias\/wp-content\/uploads\/sites\/32\/2023\/12\/vanderlei-sperandio-persona-2-1-1536x1024.jpg 1536w, https:\/\/jundiai.sp.gov.br\/noticias\/wp-content\/uploads\/sites\/32\/2023\/12\/vanderlei-sperandio-persona-2-1-450x300.jpg 450w, https:\/\/jundiai.sp.gov.br\/noticias\/wp-content\/uploads\/sites\/32\/2023\/12\/vanderlei-sperandio-persona-2-1.jpg 1900w\" sizes=\"auto, (max-width: 1280px) 100vw, 1280px\" \/><figcaption class=\"wp-element-caption\">As alunas de gin\u00e1stica gostaram do novo espa\u00e7o, como L\u00eddia Maria da Silva, de 73 anos<\/figcaption><\/figure>\n\n\n\n<p>A entrega vai proporcionar um melhor atendimento \u00e0 popula\u00e7\u00e3o, com espa\u00e7o mais adequado na parte administrativa, melhora na condi\u00e7\u00e3o das aulas de gin\u00e1stica e ainda vai descentralizar a modalidade de skate, oferecendo mais uma op\u00e7\u00e3o para seus praticantes.<\/p>\n\n\n\n<figure class=\"wp-block-image size-large\"><img loading=\"lazy\" decoding=\"async\" width=\"1280\" height=\"854\" src=\"https:\/\/jundiai.sp.gov.br\/noticias\/wp-content\/uploads\/sites\/32\/2023\/12\/vanderlei-sperandio-abre-2-1280x854.jpg\" alt=\"\" class=\"wp-image-333715\" srcset=\"https:\/\/jundiai.sp.gov.br\/noticias\/wp-content\/uploads\/sites\/32\/2023\/12\/vanderlei-sperandio-abre-2-1280x854.jpg 1280w, https:\/\/jundiai.sp.gov.br\/noticias\/wp-content\/uploads\/sites\/32\/2023\/12\/vanderlei-sperandio-abre-2-300x200.jpg 300w, https:\/\/jundiai.sp.gov.br\/noticias\/wp-content\/uploads\/sites\/32\/2023\/12\/vanderlei-sperandio-abre-2-768x512.jpg 768w, https:\/\/jundiai.sp.gov.br\/noticias\/wp-content\/uploads\/sites\/32\/2023\/12\/vanderlei-sperandio-abre-2-1536x1024.jpg 1536w, https:\/\/jundiai.sp.gov.br\/noticias\/wp-content\/uploads\/sites\/32\/2023\/12\/vanderlei-sperandio-abre-2-450x300.jpg 450w, https:\/\/jundiai.sp.gov.br\/noticias\/wp-content\/uploads\/sites\/32\/2023\/12\/vanderlei-sperandio-abre-2.jpg 1900w\" sizes=\"auto, (max-width: 1280px) 100vw, 1280px\" \/><figcaption class=\"wp-element-caption\">O prefeito Luiz Fernando Machado destacou a import\u00e2ncia das obras nos bairros, perto das pessoas<\/figcaption><\/figure>\n\n\n\n<p>Outra melhora consider\u00e1vel \u00e9 que, com a entrega da sala de administra\u00e7\u00e3o, o Complexo Esportivo passa a contar com dois vesti\u00e1rios no campo de futebol para os times e ainda um para a arbitragem, j\u00e1 que a sala onde funcionava a administra\u00e7\u00e3o voltar\u00e1 a ser vesti\u00e1rio.<\/p>\n\n\n\n<p>A obra tem valor estimado de R$ 720.500,63 e ainda mais R$ 28.822,14 de gastos com mobili\u00e1rio. Num total de R$ 749.322,77. A sala de gin\u00e1stica tem 157,82 metros quadrados, a sala de administra\u00e7\u00e3o tem 91,12, e a pista de skate, 523,86.<\/p>\n\n\n\n<figure class=\"wp-block-image size-large\"><img loading=\"lazy\" decoding=\"async\" width=\"1280\" height=\"854\" src=\"https:\/\/jundiai.sp.gov.br\/noticias\/wp-content\/uploads\/sites\/32\/2023\/12\/vanderlei-sperandio-patins-1280x854.jpg\" alt=\"\" class=\"wp-image-333704\" srcset=\"https:\/\/jundiai.sp.gov.br\/noticias\/wp-content\/uploads\/sites\/32\/2023\/12\/vanderlei-sperandio-patins-1280x854.jpg 1280w, https:\/\/jundiai.sp.gov.br\/noticias\/wp-content\/uploads\/sites\/32\/2023\/12\/vanderlei-sperandio-patins-300x200.jpg 300w, https:\/\/jundiai.sp.gov.br\/noticias\/wp-content\/uploads\/sites\/32\/2023\/12\/vanderlei-sperandio-patins-768x512.jpg 768w, https:\/\/jundiai.sp.gov.br\/noticias\/wp-content\/uploads\/sites\/32\/2023\/12\/vanderlei-sperandio-patins-1536x1024.jpg 1536w, https:\/\/jundiai.sp.gov.br\/noticias\/wp-content\/uploads\/sites\/32\/2023\/12\/vanderlei-sperandio-patins-450x300.jpg 450w, https:\/\/jundiai.sp.gov.br\/noticias\/wp-content\/uploads\/sites\/32\/2023\/12\/vanderlei-sperandio-patins.jpg 1900w\" sizes=\"auto, (max-width: 1280px) 100vw, 1280px\" \/><figcaption class=\"wp-element-caption\">A pista de skate fez a alegria dos praticantes da modalidade e tamb\u00e9m dos que praticam patins<\/figcaption><\/figure>\n\n\n\n<p>O prefeito Luiz Fernando Machado destacou a import\u00e2ncia da obra para a regi\u00e3o e lembrou das muitas a\u00e7\u00f5es neste m\u00eas de anivers\u00e1rio da cidade. \u201cA Prefeitura n\u00e3o \u00e9 uma construtora para entregar obras. S\u00e3o 60 obras em andamento neste momento, mas \u00e9 porque elas se fazem necess\u00e1rias. N\u00f3s somos prestadores de servi\u00e7os, e \u00e9 isso que estamos fazendo. E, me alegra demais saber que essas obras, que v\u00e3o melhorar a qualidade de vida das pessoas, sejam nos bairros, porque \u00e9 nos bairros que as pessoas vivem, se confraternizam com seus vizinhos, e que buscam as Unidades B\u00e1sicas, os centros esportivos, os espa\u00e7os culturais\u201d, disse. &#8220;Minha alegria \u00e9 maior ainda de ver essas entregas aqui no Santa Gertrudes, em que participei de tantas reuni\u00f5es com os moradores para discutir melhorias para o bairro. A sensa\u00e7\u00e3o \u00e9 que, aos poucos, conseguimos melhorar a qualidade de vida de todos.&#8221;<\/p>\n\n\n\n<figure class=\"wp-block-image size-large\"><img loading=\"lazy\" decoding=\"async\" width=\"1280\" height=\"854\" src=\"https:\/\/jundiai.sp.gov.br\/noticias\/wp-content\/uploads\/sites\/32\/2023\/12\/vanderlei-sperandio-luiz-1280x854.jpg\" alt=\"\" class=\"wp-image-333705\" srcset=\"https:\/\/jundiai.sp.gov.br\/noticias\/wp-content\/uploads\/sites\/32\/2023\/12\/vanderlei-sperandio-luiz-1280x854.jpg 1280w, https:\/\/jundiai.sp.gov.br\/noticias\/wp-content\/uploads\/sites\/32\/2023\/12\/vanderlei-sperandio-luiz-300x200.jpg 300w, https:\/\/jundiai.sp.gov.br\/noticias\/wp-content\/uploads\/sites\/32\/2023\/12\/vanderlei-sperandio-luiz-768x512.jpg 768w, https:\/\/jundiai.sp.gov.br\/noticias\/wp-content\/uploads\/sites\/32\/2023\/12\/vanderlei-sperandio-luiz-1536x1024.jpg 1536w, https:\/\/jundiai.sp.gov.br\/noticias\/wp-content\/uploads\/sites\/32\/2023\/12\/vanderlei-sperandio-luiz-450x300.jpg 450w, https:\/\/jundiai.sp.gov.br\/noticias\/wp-content\/uploads\/sites\/32\/2023\/12\/vanderlei-sperandio-luiz.jpg 1900w\" sizes=\"auto, (max-width: 1280px) 100vw, 1280px\" \/><figcaption class=\"wp-element-caption\">O prefeito Luiz Fernando e o gestor Jos\u00e9 Antonio Parimoschi destacaram o cuidado com as pessoas<\/figcaption><\/figure>\n\n\n\n<p>O gestor de Esporte e Lazer, Lu\u00eds Claudio Tarallo, lembrou da import\u00e2ncia dos educadores e destacou o trabalho feito no Complexo Esportivo. \u201c\u00c9 uma felicidade muito grande ver tanta gente aqui reunida, mostrando que o trabalho, nas mais variadas modalidades esportivas, vem sendo desenvolvido com muita dedica\u00e7\u00e3o pelos nossos educadores aqui no bairro.\u201d<\/p>\n\n\n\n<figure class=\"wp-block-gallery has-nested-images columns-default is-cropped wp-block-gallery-1 is-layout-flex wp-block-gallery-is-layout-flex\">\n<figure class=\"wp-block-image size-large\"><img loading=\"lazy\" decoding=\"async\" width=\"1280\" height=\"854\" data-id=\"333710\" src=\"https:\/\/jundiai.sp.gov.br\/noticias\/wp-content\/uploads\/sites\/32\/2023\/12\/vanderlei-sperandio-tae-1280x854.jpg\" alt=\"\" class=\"wp-image-333710\" srcset=\"https:\/\/jundiai.sp.gov.br\/noticias\/wp-content\/uploads\/sites\/32\/2023\/12\/vanderlei-sperandio-tae-1280x854.jpg 1280w, https:\/\/jundiai.sp.gov.br\/noticias\/wp-content\/uploads\/sites\/32\/2023\/12\/vanderlei-sperandio-tae-300x200.jpg 300w, https:\/\/jundiai.sp.gov.br\/noticias\/wp-content\/uploads\/sites\/32\/2023\/12\/vanderlei-sperandio-tae-768x512.jpg 768w, https:\/\/jundiai.sp.gov.br\/noticias\/wp-content\/uploads\/sites\/32\/2023\/12\/vanderlei-sperandio-tae-1536x1024.jpg 1536w, https:\/\/jundiai.sp.gov.br\/noticias\/wp-content\/uploads\/sites\/32\/2023\/12\/vanderlei-sperandio-tae-450x300.jpg 450w, https:\/\/jundiai.sp.gov.br\/noticias\/wp-content\/uploads\/sites\/32\/2023\/12\/vanderlei-sperandio-tae.jpg 1900w\" sizes=\"auto, (max-width: 1280px) 100vw, 1280px\" \/><figcaption class=\"wp-element-caption\">Foi dia de festa no CECE Sperandio<\/figcaption><\/figure>\n\n\n\n<figure class=\"wp-block-image size-large\"><img loading=\"lazy\" decoding=\"async\" width=\"1280\" height=\"854\" data-id=\"333709\" src=\"https:\/\/jundiai.sp.gov.br\/noticias\/wp-content\/uploads\/sites\/32\/2023\/12\/vanderlei-sperandio-1-1280x854.jpg\" alt=\"\" class=\"wp-image-333709\" srcset=\"https:\/\/jundiai.sp.gov.br\/noticias\/wp-content\/uploads\/sites\/32\/2023\/12\/vanderlei-sperandio-1-1280x854.jpg 1280w, https:\/\/jundiai.sp.gov.br\/noticias\/wp-content\/uploads\/sites\/32\/2023\/12\/vanderlei-sperandio-1-300x200.jpg 300w, https:\/\/jundiai.sp.gov.br\/noticias\/wp-content\/uploads\/sites\/32\/2023\/12\/vanderlei-sperandio-1-768x512.jpg 768w, https:\/\/jundiai.sp.gov.br\/noticias\/wp-content\/uploads\/sites\/32\/2023\/12\/vanderlei-sperandio-1-1536x1024.jpg 1536w, https:\/\/jundiai.sp.gov.br\/noticias\/wp-content\/uploads\/sites\/32\/2023\/12\/vanderlei-sperandio-1-450x300.jpg 450w, https:\/\/jundiai.sp.gov.br\/noticias\/wp-content\/uploads\/sites\/32\/2023\/12\/vanderlei-sperandio-1.jpg 1900w\" sizes=\"auto, (max-width: 1280px) 100vw, 1280px\" \/><figcaption class=\"wp-element-caption\">Turma da gin\u00e1stica aprovou o espa\u00e7o<\/figcaption><\/figure>\n\n\n\n<figure class=\"wp-block-image size-large\"><img loading=\"lazy\" decoding=\"async\" width=\"1280\" height=\"854\" data-id=\"333711\" src=\"https:\/\/jundiai.sp.gov.br\/noticias\/wp-content\/uploads\/sites\/32\/2023\/12\/vanderlei-sperandio-karate-1280x854.jpg\" alt=\"\" class=\"wp-image-333711\" srcset=\"https:\/\/jundiai.sp.gov.br\/noticias\/wp-content\/uploads\/sites\/32\/2023\/12\/vanderlei-sperandio-karate-1280x854.jpg 1280w, https:\/\/jundiai.sp.gov.br\/noticias\/wp-content\/uploads\/sites\/32\/2023\/12\/vanderlei-sperandio-karate-300x200.jpg 300w, https:\/\/jundiai.sp.gov.br\/noticias\/wp-content\/uploads\/sites\/32\/2023\/12\/vanderlei-sperandio-karate-768x512.jpg 768w, https:\/\/jundiai.sp.gov.br\/noticias\/wp-content\/uploads\/sites\/32\/2023\/12\/vanderlei-sperandio-karate-1536x1024.jpg 1536w, https:\/\/jundiai.sp.gov.br\/noticias\/wp-content\/uploads\/sites\/32\/2023\/12\/vanderlei-sperandio-karate-450x300.jpg 450w, https:\/\/jundiai.sp.gov.br\/noticias\/wp-content\/uploads\/sites\/32\/2023\/12\/vanderlei-sperandio-karate.jpg 1900w\" sizes=\"auto, (max-width: 1280px) 100vw, 1280px\" \/><figcaption class=\"wp-element-caption\">Os caratecas se apresentaram<\/figcaption><\/figure>\n<\/figure>\n\n\n\n<p>A estudante de engenharia de produ\u00e7\u00e3o, Fl\u00e1via Alessandra de Souza Rocha, de 23 anos, estava patinando no local e elogiou a entrega. \u201cComecei a praticar patins h\u00e1 um ano, mas eu me desloco at\u00e9 o Eloy Chaves para andar l\u00e1, no projeto \u2018Patinando Jundia\u00ed\u2019. Agora, vou poder fazer isso mais perto de casa. Venho de bike at\u00e9 aqui e depois pratico. A pista ficou muito legal, tanto para o skate quanto para n\u00f3s do patins\u201d, comentou.<\/p>\n\n\n\n<p>L\u00eddia Maria da Silva, de 73 anos, \u00e9 moradora do bairro e praticante de gin\u00e1stica, e tamb\u00e9m comemorou as entregas desta manh\u00e3. \u201cA sala de gin\u00e1stica ficou bonita demais. Nossas aulas j\u00e1 eram muito animadas, mas agora v\u00e3o ficar ainda mais\u201d, disse. E lembrou a import\u00e2ncia do esporte em sua vida. \u201cDesde que comecei a praticar gin\u00e1stica, nunca mais tive dores e n\u00e3o tomo nenhum rem\u00e9dio.\u201d<\/p>\n\n\n\n<p>Veja mais imagens da <strong><a href=\"https:\/\/flic.kr\/s\/aHBqjB6F5G\">entrega.<\/a><\/strong><\/p>\n\n\n\n<p><strong>Assessoria de Imprensa<br>Fotos: Fot\u00f3grafos PMJ<\/strong><\/p>\n","protected":false},"excerpt":{"rendered":"<p>O Complexo Esportivo, Cultural e Educacional (CECE) Vanderlei Sperandio, no Santa Gertrudes, recebeu na manh\u00e3 desta ter\u00e7a-feira (12) novas salas de gin\u00e1stica, de administra\u00e7\u00e3o e pista de skate. O local, com grande frequ\u00eancia de moradores da regi\u00e3o, j\u00e1 conta com quadra poliesportiva coberta e descoberta, parque infantil naturalizado, academia ao ar livre e campo de [&hellip;]<\/p>\n","protected":false},"author":105,"featured_media":333713,"comment_status":"closed","ping_status":"0","sticky":false,"template":"","format":"standard","meta":{"footnotes":""},"categories":[2],"tags":[134,4378,35,2783,981,542,219,1045],"ods":[],"class_list":["post-333686","post","type-post","status-publish","format-standard","has-post-thumbnail","hentry","category-noticias","tag-carate","tag-cece-vanderlei-sperandio","tag-esporte-e-lazer","tag-ginastica","tag-promocao-da-saude","tag-skate","tag-taekwondo","tag-time-jundiai"],"_links":{"self":[{"href":"https:\/\/jundiai.sp.gov.br\/noticias\/wp-json\/wp\/v2\/posts\/333686","targetHints":{"allow":["GET"]}}],"collection":[{"href":"https:\/\/jundiai.sp.gov.br\/noticias\/wp-json\/wp\/v2\/posts"}],"about":[{"href":"https:\/\/jundiai.sp.gov.br\/noticias\/wp-json\/wp\/v2\/types\/post"}],"author":[{"embeddable":true,"href":"https:\/\/jundiai.sp.gov.br\/noticias\/wp-json\/wp\/v2\/users\/105"}],"replies":[{"embeddable":true,"href":"https:\/\/jundiai.sp.gov.br\/noticias\/wp-json\/wp\/v2\/comments?post=333686"}],"version-history":[{"count":5,"href":"https:\/\/jundiai.sp.gov.br\/noticias\/wp-json\/wp\/v2\/posts\/333686\/revisions"}],"predecessor-version":[{"id":333725,"href":"https:\/\/jundiai.sp.gov.br\/noticias\/wp-json\/wp\/v2\/posts\/333686\/revisions\/333725"}],"wp:featuredmedia":[{"embeddable":true,"href":"https:\/\/jundiai.sp.gov.br\/noticias\/wp-json\/wp\/v2\/media\/333713"}],"wp:attachment":[{"href":"https:\/\/jundiai.sp.gov.br\/noticias\/wp-json\/wp\/v2\/media?parent=333686"}],"wp:term":[{"taxonomy":"category","embeddable":true,"href":"https:\/\/jundiai.sp.gov.br\/noticias\/wp-json\/wp\/v2\/categories?post=333686"},{"taxonomy":"post_tag","embeddable":true,"href":"https:\/\/jundiai.sp.gov.br\/noticias\/wp-json\/wp\/v2\/tags?post=333686"},{"taxonomy":"ods","embeddable":true,"href":"https:\/\/jundiai.sp.gov.br\/noticias\/wp-json\/wp\/v2\/ods?post=333686"}],"curies":[{"name":"wp","href":"https:\/\/api.w.org\/{rel}","templated":true}]}}