{"id":333956,"date":"2023-12-15T17:09:56","date_gmt":"2023-12-15T20:09:56","guid":{"rendered":"https:\/\/jundiai.sp.gov.br\/noticias\/?p=333956"},"modified":"2023-12-15T17:09:56","modified_gmt":"2023-12-15T20:09:56","slug":"jardim-da-mobilidade-espaco-ludico-e-de-educacao-para-o-transito-e-realidade-em-jundiai","status":"publish","type":"post","link":"https:\/\/jundiai.sp.gov.br\/noticias\/2023\/12\/15\/jardim-da-mobilidade-espaco-ludico-e-de-educacao-para-o-transito-e-realidade-em-jundiai\/","title":{"rendered":"Jardim da Mobilidade: espa\u00e7o l\u00fadico e de educa\u00e7\u00e3o para o tr\u00e2nsito \u00e9 realidade em Jundia\u00ed"},"content":{"rendered":"\n<p>Em mais uma atividade em comemora\u00e7\u00e3o ao anivers\u00e1rio de 367 anos de Jundia\u00ed, a Prefeitura de Jundia\u00ed entrega o Jardim da Mobilidade, espa\u00e7o l\u00fadico e educativo, que contempla de forma pedag\u00f3gica e inclusiva a mobilidade para as crian\u00e7as, instalado no Mundo das Crian\u00e7as. A abertura aconteceu na manh\u00e3 desta sexta-feira (15), com a participa\u00e7\u00e3o do Prefeito Luiz Fernando Machado, e contempla mais uma \u00e1rea criada a partir das diretrizes da rede internacional Urban95, \u00e0 qual Jundia\u00ed \u00e9 integrante.<\/p>\n\n\n\n<figure class=\"wp-block-image size-large\"><img loading=\"lazy\" decoding=\"async\" width=\"1280\" height=\"854\" src=\"https:\/\/jundiai.sp.gov.br\/noticias\/wp-content\/uploads\/sites\/32\/2023\/12\/entregas_de_aniversario_jundiai_367_jardim_da_mobilidade_pa-210-1280x854.jpg\" alt=\"\" class=\"wp-image-333993\" srcset=\"https:\/\/jundiai.sp.gov.br\/noticias\/wp-content\/uploads\/sites\/32\/2023\/12\/entregas_de_aniversario_jundiai_367_jardim_da_mobilidade_pa-210-1280x854.jpg 1280w, https:\/\/jundiai.sp.gov.br\/noticias\/wp-content\/uploads\/sites\/32\/2023\/12\/entregas_de_aniversario_jundiai_367_jardim_da_mobilidade_pa-210-300x200.jpg 300w, https:\/\/jundiai.sp.gov.br\/noticias\/wp-content\/uploads\/sites\/32\/2023\/12\/entregas_de_aniversario_jundiai_367_jardim_da_mobilidade_pa-210-768x512.jpg 768w, https:\/\/jundiai.sp.gov.br\/noticias\/wp-content\/uploads\/sites\/32\/2023\/12\/entregas_de_aniversario_jundiai_367_jardim_da_mobilidade_pa-210-1536x1024.jpg 1536w, https:\/\/jundiai.sp.gov.br\/noticias\/wp-content\/uploads\/sites\/32\/2023\/12\/entregas_de_aniversario_jundiai_367_jardim_da_mobilidade_pa-210-450x300.jpg 450w, https:\/\/jundiai.sp.gov.br\/noticias\/wp-content\/uploads\/sites\/32\/2023\/12\/entregas_de_aniversario_jundiai_367_jardim_da_mobilidade_pa-210.jpg 1900w\" sizes=\"auto, (max-width: 1280px) 100vw, 1280px\" \/><figcaption class=\"wp-element-caption\">Entrega fez parte da comemora\u00e7\u00e3o pelo anivers\u00e1rio de 367 anos de Jundia\u00ed<\/figcaption><\/figure>\n\n\n\n<p>Com investimento total de R$ 1,260 milh\u00e3o, o Jardim da Mobilidade conta com \u00e1rea total de 3.675m\u00b2, \u00e1rea gramada de 1,2 mil m\u00b2, 250 metros de vias (espa\u00e7o para os pequenos motoristas), 312 metros de comprimento de ciclofaixa e ciclovia, 372 metros de passeio e 851m\u00b2 de asfalto.<\/p>\n\n\n\n<p>\u201cHoje, consolidamos um projeto educacional para criar, desde a inf\u00e2ncia, uma cultura de paz no tr\u00e2nsito, com a entrega do Jardim da Mobilidade. \u00c9 um grande avan\u00e7o nas a\u00e7\u00f5es educativas da cidade\u201d, considera o prefeito Luiz Fernando. \u201cOutro ponto importante \u00e9 que as crian\u00e7as s\u00e3o multiplicadoras desse aprendizado. Elas acabam levando essas informa\u00e7\u00f5es para os seus pais e respons\u00e1veis, e se tornam fiscais quando est\u00e3o com eles no tr\u00e2nsito\u201d, avalia.<\/p>\n\n\n\n<figure class=\"wp-block-image size-large\"><img loading=\"lazy\" decoding=\"async\" width=\"1280\" height=\"854\" src=\"https:\/\/jundiai.sp.gov.br\/noticias\/wp-content\/uploads\/sites\/32\/2023\/12\/entregas_de_aniversario_jundiai_367_jardim_da_mobilidade_pa-140-1280x854.jpg\" alt=\"\" class=\"wp-image-333992\" srcset=\"https:\/\/jundiai.sp.gov.br\/noticias\/wp-content\/uploads\/sites\/32\/2023\/12\/entregas_de_aniversario_jundiai_367_jardim_da_mobilidade_pa-140-1280x854.jpg 1280w, https:\/\/jundiai.sp.gov.br\/noticias\/wp-content\/uploads\/sites\/32\/2023\/12\/entregas_de_aniversario_jundiai_367_jardim_da_mobilidade_pa-140-300x200.jpg 300w, https:\/\/jundiai.sp.gov.br\/noticias\/wp-content\/uploads\/sites\/32\/2023\/12\/entregas_de_aniversario_jundiai_367_jardim_da_mobilidade_pa-140-768x512.jpg 768w, https:\/\/jundiai.sp.gov.br\/noticias\/wp-content\/uploads\/sites\/32\/2023\/12\/entregas_de_aniversario_jundiai_367_jardim_da_mobilidade_pa-140-1536x1024.jpg 1536w, https:\/\/jundiai.sp.gov.br\/noticias\/wp-content\/uploads\/sites\/32\/2023\/12\/entregas_de_aniversario_jundiai_367_jardim_da_mobilidade_pa-140-450x300.jpg 450w, https:\/\/jundiai.sp.gov.br\/noticias\/wp-content\/uploads\/sites\/32\/2023\/12\/entregas_de_aniversario_jundiai_367_jardim_da_mobilidade_pa-140.jpg 1900w\" sizes=\"auto, (max-width: 1280px) 100vw, 1280px\" \/><figcaption class=\"wp-element-caption\">Luiz Fernando ressaltou a import\u00e2ncia do Jardim da Mobilidade para a promo\u00e7\u00e3o da cultura de paz no tr\u00e2nsito<\/figcaption><\/figure>\n\n\n\n<p>Jundia\u00ed sendo a sede brasileira da Rede Latino \u2013 Americana \u2013 Cidade das Crian\u00e7as, al\u00e9m de parceira na Urban95, inclui as crian\u00e7as nas discuss\u00f5es sobre o planejamento urbano, com pol\u00edticas intersetoriais e priorit\u00e1rias para as inf\u00e2ncias.<\/p>\n\n\n\n<p>\u201cUm tr\u00e2nsito seguro \u00e9 parte primordial para que as crian\u00e7as ocupem os espa\u00e7os urbanos com autonomia e seguran\u00e7a, aprendendo a adotar comportamentos eficazes, tanto como pedestres, ciclistas e futuros motoristas\u201d, explica o gestor da (UGMT) Unidade de Gest\u00e3o de Mobilidade e Transporte, Aloysio Queiroz.<br>As crian\u00e7as, antes de conhecerem o Jardim da Mobilidade, assistiram a um teatro ao ar livre, onde os atores-instrutores explicaram as regras de tr\u00e2nsito de maneira divertida e l\u00fadica.<\/p>\n\n\n\n<figure class=\"wp-block-gallery has-nested-images columns-default is-cropped wp-block-gallery-1 is-layout-flex wp-block-gallery-is-layout-flex\">\n<figure class=\"wp-block-image size-large\"><img loading=\"lazy\" decoding=\"async\" width=\"1280\" height=\"854\" data-id=\"333995\" src=\"https:\/\/jundiai.sp.gov.br\/noticias\/wp-content\/uploads\/sites\/32\/2023\/12\/entregas_de_aniversario_jundiai_367_jardim_da_mobilidade_pa-145-1280x854.jpg\" alt=\"\" class=\"wp-image-333995\" srcset=\"https:\/\/jundiai.sp.gov.br\/noticias\/wp-content\/uploads\/sites\/32\/2023\/12\/entregas_de_aniversario_jundiai_367_jardim_da_mobilidade_pa-145-1280x854.jpg 1280w, https:\/\/jundiai.sp.gov.br\/noticias\/wp-content\/uploads\/sites\/32\/2023\/12\/entregas_de_aniversario_jundiai_367_jardim_da_mobilidade_pa-145-300x200.jpg 300w, https:\/\/jundiai.sp.gov.br\/noticias\/wp-content\/uploads\/sites\/32\/2023\/12\/entregas_de_aniversario_jundiai_367_jardim_da_mobilidade_pa-145-768x512.jpg 768w, https:\/\/jundiai.sp.gov.br\/noticias\/wp-content\/uploads\/sites\/32\/2023\/12\/entregas_de_aniversario_jundiai_367_jardim_da_mobilidade_pa-145-1536x1024.jpg 1536w, https:\/\/jundiai.sp.gov.br\/noticias\/wp-content\/uploads\/sites\/32\/2023\/12\/entregas_de_aniversario_jundiai_367_jardim_da_mobilidade_pa-145-450x300.jpg 450w, https:\/\/jundiai.sp.gov.br\/noticias\/wp-content\/uploads\/sites\/32\/2023\/12\/entregas_de_aniversario_jundiai_367_jardim_da_mobilidade_pa-145.jpg 1900w\" sizes=\"auto, (max-width: 1280px) 100vw, 1280px\" \/><figcaption class=\"wp-element-caption\">Entrega foi feita com muita festa na manh\u00e3 desta sexta-feira (15)<\/figcaption><\/figure>\n\n\n\n<figure class=\"wp-block-image size-large\"><img loading=\"lazy\" decoding=\"async\" width=\"1280\" height=\"720\" data-id=\"333994\" src=\"https:\/\/jundiai.sp.gov.br\/noticias\/wp-content\/uploads\/sites\/32\/2023\/12\/jardim_mobilidade-82-1280x720.jpg\" alt=\"\" class=\"wp-image-333994\" srcset=\"https:\/\/jundiai.sp.gov.br\/noticias\/wp-content\/uploads\/sites\/32\/2023\/12\/jardim_mobilidade-82-1280x720.jpg 1280w, https:\/\/jundiai.sp.gov.br\/noticias\/wp-content\/uploads\/sites\/32\/2023\/12\/jardim_mobilidade-82-300x169.jpg 300w, https:\/\/jundiai.sp.gov.br\/noticias\/wp-content\/uploads\/sites\/32\/2023\/12\/jardim_mobilidade-82-768x432.jpg 768w, https:\/\/jundiai.sp.gov.br\/noticias\/wp-content\/uploads\/sites\/32\/2023\/12\/jardim_mobilidade-82-1536x864.jpg 1536w, https:\/\/jundiai.sp.gov.br\/noticias\/wp-content\/uploads\/sites\/32\/2023\/12\/jardim_mobilidade-82.jpg 1900w\" sizes=\"auto, (max-width: 1280px) 100vw, 1280px\" \/><figcaption class=\"wp-element-caption\">Espa\u00e7o est\u00e1 localizado no Mundo das Crian\u00e7as<\/figcaption><\/figure>\n<\/figure>\n\n\n\n<p>\u201cOs monitores mostraram pra gente que n\u00e3o podemos andar na rua, temos que esperar o sinal ficar verde para atravessar, olhar para os dois lados antes de atravessar. Gostei de tudo\u201d disse Davi Moraes de 9 anos de idade, aluno do 3\u00ba ano da escola municipal Pedro Clarismundo Fornari, no bairro do Rio Acima.<\/p>\n\n\n\n<p><strong>Em detalhes<\/strong><\/p>\n\n\n\n<p>O Jardim da Mobilidade, inserido no \u201cMundo das Crian\u00e7as\u201d (ao lado da Casa da \u00c1rvore), leva o nome do engenheiro Roberto Leoni, falecido em abril de 2021. Ele foi servidor p\u00fablico da Prefeitura de Jundia\u00ed e contribuiu para o desenvolvimento da cidade, especialmente na elabora\u00e7\u00e3o de projetos de sinaliza\u00e7\u00e3o vi\u00e1ria conforme as normas do C\u00f3digo de Tr\u00e2nsito Brasileiro.<\/p>\n\n\n\n<figure class=\"wp-block-image size-large\"><img loading=\"lazy\" decoding=\"async\" width=\"1280\" height=\"720\" src=\"https:\/\/jundiai.sp.gov.br\/noticias\/wp-content\/uploads\/sites\/32\/2023\/12\/jardim_mobilidade-57-1280x720.jpg\" alt=\"\" class=\"wp-image-333990\" srcset=\"https:\/\/jundiai.sp.gov.br\/noticias\/wp-content\/uploads\/sites\/32\/2023\/12\/jardim_mobilidade-57-1280x720.jpg 1280w, https:\/\/jundiai.sp.gov.br\/noticias\/wp-content\/uploads\/sites\/32\/2023\/12\/jardim_mobilidade-57-300x169.jpg 300w, https:\/\/jundiai.sp.gov.br\/noticias\/wp-content\/uploads\/sites\/32\/2023\/12\/jardim_mobilidade-57-768x432.jpg 768w, https:\/\/jundiai.sp.gov.br\/noticias\/wp-content\/uploads\/sites\/32\/2023\/12\/jardim_mobilidade-57-1536x864.jpg 1536w, https:\/\/jundiai.sp.gov.br\/noticias\/wp-content\/uploads\/sites\/32\/2023\/12\/jardim_mobilidade-57.jpg 1900w\" sizes=\"auto, (max-width: 1280px) 100vw, 1280px\" \/><figcaption class=\"wp-element-caption\">Jardim da Mobilidade conta com \u00e1rea total de 3.675m\u00b2 para educa\u00e7\u00e3o e divers\u00e3o das crian\u00e7as<\/figcaption><\/figure>\n\n\n\n<p>\u201c\u00c9 uma honra muito grande saber que isso vai ficar eterno em nossa mem\u00f3ria, pra nossa fam\u00edlia \u00e9 muito importante ter nosso nome associado a cidade de Jundia\u00ed\u201d, comenta a irm\u00e3 de Rog\u00e9rio, Rita de C\u00e1ssia Leoni. O Jardim da Mobilidade, ser\u00e1 destinado \u00e0s crian\u00e7as de at\u00e9 12 anos, para o desenvolvimento de atividades educativas e de lazer, com o uso dos equipamentos de mobilidade como bicicletas, carrinhos e \u00f4nibus movidos a pedal. O acesso \u00e0s vias exigem os equipamentos de seguran\u00e7a necess\u00e1rios para cada tipo de ve\u00edculo. <\/p>\n\n\n\n<p>A proposta do projeto \u00e9 fazer com que a crian\u00e7a exer\u00e7a o seu direito de brincar e aprender ao mesmo tempo, e \u00e9 resultado de parceria entre a Prefeitura de Jundia\u00ed, DAE S\/A e constru\u00eddo com investimento de contrapartida de empreendimento instalado na cidade. \u201cEsse \u00e9 sem d\u00favida um dos melhores projetos j\u00e1 idealizados nos \u00faltimos anos. Pra mudar o mundo devemos come\u00e7ar com quem? Com as crian\u00e7as, educando-as com certeza faremos um mundo melhor\u201d finaliza Walter da Costa Silva e Filho diretor presidente da DAE\/AS.<\/p>\n\n\n\n<p><strong>Assessoria de Imprensa<br>Fotos: Fot\u00f3grafos PMJ<\/strong><\/p>\n","protected":false},"excerpt":{"rendered":"<p>Em mais uma atividade em comemora\u00e7\u00e3o ao anivers\u00e1rio de 367 anos de Jundia\u00ed, a Prefeitura de Jundia\u00ed entrega o Jardim da Mobilidade, espa\u00e7o l\u00fadico e educativo, que contempla de forma pedag\u00f3gica e inclusiva a mobilidade para as crian\u00e7as, instalado no Mundo das Crian\u00e7as. A abertura aconteceu na manh\u00e3 desta sexta-feira (15), com a participa\u00e7\u00e3o do [&hellip;]<\/p>\n","protected":false},"author":39,"featured_media":333990,"comment_status":"closed","ping_status":"0","sticky":false,"template":"","format":"standard","meta":{"footnotes":""},"categories":[2],"tags":[4383,4306,1436,1176,1261],"ods":[4224],"class_list":["post-333956","post","type-post","status-publish","format-standard","has-post-thumbnail","hentry","category-noticias","tag-jardim-da-mobilidade","tag-jundiai-367-anos","tag-mundo-das-criancas","tag-prefeito-luiz-fernando-machado","tag-ugmt","ods-ods-04"],"_links":{"self":[{"href":"https:\/\/jundiai.sp.gov.br\/noticias\/wp-json\/wp\/v2\/posts\/333956","targetHints":{"allow":["GET"]}}],"collection":[{"href":"https:\/\/jundiai.sp.gov.br\/noticias\/wp-json\/wp\/v2\/posts"}],"about":[{"href":"https:\/\/jundiai.sp.gov.br\/noticias\/wp-json\/wp\/v2\/types\/post"}],"author":[{"embeddable":true,"href":"https:\/\/jundiai.sp.gov.br\/noticias\/wp-json\/wp\/v2\/users\/39"}],"replies":[{"embeddable":true,"href":"https:\/\/jundiai.sp.gov.br\/noticias\/wp-json\/wp\/v2\/comments?post=333956"}],"version-history":[{"count":2,"href":"https:\/\/jundiai.sp.gov.br\/noticias\/wp-json\/wp\/v2\/posts\/333956\/revisions"}],"predecessor-version":[{"id":333996,"href":"https:\/\/jundiai.sp.gov.br\/noticias\/wp-json\/wp\/v2\/posts\/333956\/revisions\/333996"}],"wp:featuredmedia":[{"embeddable":true,"href":"https:\/\/jundiai.sp.gov.br\/noticias\/wp-json\/wp\/v2\/media\/333990"}],"wp:attachment":[{"href":"https:\/\/jundiai.sp.gov.br\/noticias\/wp-json\/wp\/v2\/media?parent=333956"}],"wp:term":[{"taxonomy":"category","embeddable":true,"href":"https:\/\/jundiai.sp.gov.br\/noticias\/wp-json\/wp\/v2\/categories?post=333956"},{"taxonomy":"post_tag","embeddable":true,"href":"https:\/\/jundiai.sp.gov.br\/noticias\/wp-json\/wp\/v2\/tags?post=333956"},{"taxonomy":"ods","embeddable":true,"href":"https:\/\/jundiai.sp.gov.br\/noticias\/wp-json\/wp\/v2\/ods?post=333956"}],"curies":[{"name":"wp","href":"https:\/\/api.w.org\/{rel}","templated":true}]}}