{"id":333977,"date":"2023-12-16T13:48:23","date_gmt":"2023-12-16T16:48:23","guid":{"rendered":"https:\/\/jundiai.sp.gov.br\/noticias\/?p=333977"},"modified":"2023-12-16T13:48:23","modified_gmt":"2023-12-16T16:48:23","slug":"cidades-conhecem-projetos-de-jundiai-voltados-a-primeira-infancia","status":"publish","type":"post","link":"https:\/\/jundiai.sp.gov.br\/noticias\/2023\/12\/16\/cidades-conhecem-projetos-de-jundiai-voltados-a-primeira-infancia\/","title":{"rendered":"Cidades conhecem projetos de Jundia\u00ed voltados \u00e0 Primeira Inf\u00e2ncia"},"content":{"rendered":"\n<p>Nesta sexta-feira (15), representantes dos munic\u00edpios de Guaraci, Mogi das Cruzes, Campo Limpo Paulista e V\u00e1rzea Paulista vieram a Jundia\u00ed para um encontro com foco na Primeira Inf\u00e2ncia. A reuni\u00e3o foi realizada no audit\u00f3rio da Biblioteca Municipal Professor Nelson Foot e contou tamb\u00e9m com as participa\u00e7\u00f5es de t\u00e9cnicos da rede socioassistencial e visitadores do programa Crian\u00e7a Feliz no Munic\u00edpio.<\/p>\n\n\n\n<p>A coordenadora da Primeira Inf\u00e2ncia do Sistema \u00danico de Assist\u00eancia Social (SUAS) no Munic\u00edpio, Larissa Souza, e a assessora de Pol\u00edticas para a Inf\u00e2ncia, Adriana Uemori, apresentaram um panorama sobre as pol\u00edticas p\u00fablicas voltadas \u00e0 Primeira Inf\u00e2ncia na cidade, como o programa Cidade das Crian\u00e7as, o comit\u00ea das crian\u00e7as, al\u00e9m de projetos como as hortas urbanas, o programa Crian\u00e7a Feliz, o Plano Municipal pela Primeira Inf\u00e2ncia (PMPI) e as a\u00e7\u00f5es desenvolvidas pela Unidade de Gest\u00e3o de Assist\u00eancia e Desenvolvimento Social (UGADS).<\/p>\n\n\n<div class=\"wp-block-image\">\n<figure class=\"aligncenter size-large\"><img loading=\"lazy\" decoding=\"async\" width=\"1280\" height=\"854\" src=\"https:\/\/jundiai.sp.gov.br\/noticias\/wp-content\/uploads\/sites\/32\/2023\/12\/assistencia-social-intercambio-com-cidades-13-1280x854.jpg\" alt=\"\" class=\"wp-image-333987\" srcset=\"https:\/\/jundiai.sp.gov.br\/noticias\/wp-content\/uploads\/sites\/32\/2023\/12\/assistencia-social-intercambio-com-cidades-13-1280x854.jpg 1280w, https:\/\/jundiai.sp.gov.br\/noticias\/wp-content\/uploads\/sites\/32\/2023\/12\/assistencia-social-intercambio-com-cidades-13-300x200.jpg 300w, https:\/\/jundiai.sp.gov.br\/noticias\/wp-content\/uploads\/sites\/32\/2023\/12\/assistencia-social-intercambio-com-cidades-13-768x512.jpg 768w, https:\/\/jundiai.sp.gov.br\/noticias\/wp-content\/uploads\/sites\/32\/2023\/12\/assistencia-social-intercambio-com-cidades-13-1536x1024.jpg 1536w, https:\/\/jundiai.sp.gov.br\/noticias\/wp-content\/uploads\/sites\/32\/2023\/12\/assistencia-social-intercambio-com-cidades-13-450x300.jpg 450w, https:\/\/jundiai.sp.gov.br\/noticias\/wp-content\/uploads\/sites\/32\/2023\/12\/assistencia-social-intercambio-com-cidades-13.jpg 1900w\" sizes=\"auto, (max-width: 1280px) 100vw, 1280px\" \/><figcaption class=\"wp-element-caption\">Cidades conhecem projetos de Jundia\u00ed voltados \u00e0 Primeira Inf\u00e2ncia<\/figcaption><\/figure>\n<\/div>\n\n\n<p>&#8220;\u00c9 muito interessante a procura por outros munic\u00edpio porque mostra como s\u00e3o exitosas as nossas pol\u00edticas p\u00fablicas voltadas para a primeira inf\u00e2ncia. E esses encontros s\u00e3o oportunidades de trocarmos experi\u00eancias e tamb\u00e9m aprimorarmos nossos projetos&#8221;, disse a diretora do Departamento de Prote\u00e7\u00e3o Social B\u00e1sica de Jundia\u00ed, Renata Stoqui.<\/p>\n\n\n\n<p>No encontro, tamb\u00e9m foi apresentado como os projetos priorit\u00e1rios s\u00e3o acompanhados diariamente pela Prefeitura por meio da Unidade de Entregas e das reuni\u00f5es de monitoramento e plataforma.<\/p>\n\n\n\n<p>\u201cEsses encontros s\u00e3o \u00f3timas oportunidades para inspirar e abrir portas para boas pr\u00e1ticas em v\u00e1rias \u00e1reas de atua\u00e7\u00e3o da gest\u00e3o p\u00fablica para que possamos expandir as pol\u00edticas p\u00fablicas. Uma novidade \u00e9 que o Programa Crian\u00e7a Feliz est\u00e1 passando por um processo de reordenamento e em 2024 ele ser\u00e1 um servi\u00e7o da prote\u00e7\u00e3o social b\u00e1sica&#8221;, lembrou Larissa Souza.<\/p>\n\n\n\n<p><strong>Assessoria de Imprensa<br>Foto: Fot\u00f3grafos PMJ<\/strong><\/p>\n","protected":false},"excerpt":{"rendered":"<p>Nesta sexta-feira (15), representantes dos munic\u00edpios de Guaraci, Mogi das Cruzes, Campo Limpo Paulista e V\u00e1rzea Paulista vieram a Jundia\u00ed para um encontro com foco na Primeira Inf\u00e2ncia. A reuni\u00e3o foi realizada no audit\u00f3rio da Biblioteca Municipal Professor Nelson Foot e contou tamb\u00e9m com as participa\u00e7\u00f5es de t\u00e9cnicos da rede socioassistencial e visitadores do programa [&hellip;]<\/p>\n","protected":false},"author":100,"featured_media":333987,"comment_status":"closed","ping_status":"0","sticky":false,"template":"","format":"standard","meta":{"footnotes":""},"categories":[2],"tags":[980,1154,1287,3294],"ods":[4221,4230],"class_list":["post-333977","post","type-post","status-publish","format-standard","has-post-thumbnail","hentry","category-noticias","tag-assistencia-e-desenvolvimento-social","tag-cidade-das-criancas","tag-crianca-feliz","tag-primeira-infancia","ods-ods-01","ods-ods-10"],"_links":{"self":[{"href":"https:\/\/jundiai.sp.gov.br\/noticias\/wp-json\/wp\/v2\/posts\/333977","targetHints":{"allow":["GET"]}}],"collection":[{"href":"https:\/\/jundiai.sp.gov.br\/noticias\/wp-json\/wp\/v2\/posts"}],"about":[{"href":"https:\/\/jundiai.sp.gov.br\/noticias\/wp-json\/wp\/v2\/types\/post"}],"author":[{"embeddable":true,"href":"https:\/\/jundiai.sp.gov.br\/noticias\/wp-json\/wp\/v2\/users\/100"}],"replies":[{"embeddable":true,"href":"https:\/\/jundiai.sp.gov.br\/noticias\/wp-json\/wp\/v2\/comments?post=333977"}],"version-history":[{"count":7,"href":"https:\/\/jundiai.sp.gov.br\/noticias\/wp-json\/wp\/v2\/posts\/333977\/revisions"}],"predecessor-version":[{"id":334011,"href":"https:\/\/jundiai.sp.gov.br\/noticias\/wp-json\/wp\/v2\/posts\/333977\/revisions\/334011"}],"wp:featuredmedia":[{"embeddable":true,"href":"https:\/\/jundiai.sp.gov.br\/noticias\/wp-json\/wp\/v2\/media\/333987"}],"wp:attachment":[{"href":"https:\/\/jundiai.sp.gov.br\/noticias\/wp-json\/wp\/v2\/media?parent=333977"}],"wp:term":[{"taxonomy":"category","embeddable":true,"href":"https:\/\/jundiai.sp.gov.br\/noticias\/wp-json\/wp\/v2\/categories?post=333977"},{"taxonomy":"post_tag","embeddable":true,"href":"https:\/\/jundiai.sp.gov.br\/noticias\/wp-json\/wp\/v2\/tags?post=333977"},{"taxonomy":"ods","embeddable":true,"href":"https:\/\/jundiai.sp.gov.br\/noticias\/wp-json\/wp\/v2\/ods?post=333977"}],"curies":[{"name":"wp","href":"https:\/\/api.w.org\/{rel}","templated":true}]}}