{"id":334197,"date":"2023-12-19T12:27:16","date_gmt":"2023-12-19T15:27:16","guid":{"rendered":"https:\/\/jundiai.sp.gov.br\/noticias\/?p=334197"},"modified":"2023-12-19T15:56:33","modified_gmt":"2023-12-19T18:56:33","slug":"sala-gloria-rocha-recebe-apresentacoes-especiais-da-orquestra-e-cia-jovem-de-danca","status":"publish","type":"post","link":"https:\/\/jundiai.sp.gov.br\/noticias\/2023\/12\/19\/sala-gloria-rocha-recebe-apresentacoes-especiais-da-orquestra-e-cia-jovem-de-danca\/","title":{"rendered":"Sala Gl\u00f3ria Rocha recebe apresenta\u00e7\u00f5es especiais da Orquestra e Cia. Jovem de Dan\u00e7a"},"content":{"rendered":"\n<p>Os corpos art\u00edsticos municipais t\u00eam marcado presen\u00e7a nesta programa\u00e7\u00e3o especial de reabertura do Centro das Artes Prefeito Pedro F\u00e1varo. Al\u00e9m das participa\u00e7\u00f5es dos grupos na reabertura do espa\u00e7o, a Orquestra Sinf\u00f4nica Municipal de Jundia\u00ed (OSMJ) e a Cia. Jovem de Dan\u00e7a apresentam-se esta semana, na Sala Gl\u00f3ria Rocha, com espet\u00e1culos gratuitos.<\/p>\n\n\n\n<p>Nesta quarta-feira (20), \u00e0s 19h30, Orquestra e Cia. Jovem de Dan\u00e7a apresentam um espet\u00e1culo especial com composi\u00e7\u00f5es de Bach, Beethoven e trechos do Ballet Quebra Nozes de Tchaikovsky e reg\u00eancia da maestrina Claudia Feres.<\/p>\n\n\n\n<p>A performance musical ser\u00e1 acompanhada pelos bailarinos, com coreografias de Alex Soares. A primeira delas, \u201cQuebrakovsky\u201d, \u00e9 um dueto com releitura contempor\u00e2nea de obra de mesmo nome criada em 2016 e inspirada no cl\u00e1ssico de Tchaikovsky. Em seguida, a Cia. Jovem de Dan\u00e7a estreia \u201cRazumovsky\u201d, coreografia ao som da melodia de Beethoven que exalta as individualidades dos bailarinos e traz o contraste dos movimentos do elenco e can\u00e7\u00f5es tradicionais russas. A \u00faltima apresenta\u00e7\u00e3o ser\u00e1 \u201cCoup de Gr\u00e2ce\u201d, que, em franc\u00eas, significa \u201ctiro de miseric\u00f3rdia\u201d. Ao som de Bach, a coreografia traz uma reflex\u00e3o sobre o poder e o peso de decis\u00f5es irrevers\u00edveis e os contrastes das puls\u00f5es mais primordiais do ser humano: a vida e a morte.<\/p>\n\n\n\n<p>Os ingressos para esse espet\u00e1culo tamb\u00e9m poder\u00e3o ser retirados na bilheteria do Centro das Artes e <a href=\"https:\/\/bileto.sympla.com.br\/event\/89920\/d\/232440\/s\/1579907\" target=\"_blank\" rel=\"noreferrer noopener\">pela internet, na plataforma Sympla<\/a>.<\/p>\n\n\n\n<figure class=\"wp-block-image size-large\"><img loading=\"lazy\" decoding=\"async\" width=\"1280\" height=\"854\" src=\"https:\/\/jundiai.sp.gov.br\/noticias\/wp-content\/uploads\/sites\/32\/2023\/12\/centro_das_artes_ensaio_aberto_w_64-1280x854.jpg\" alt=\"\" class=\"wp-image-334208\" srcset=\"https:\/\/jundiai.sp.gov.br\/noticias\/wp-content\/uploads\/sites\/32\/2023\/12\/centro_das_artes_ensaio_aberto_w_64-1280x854.jpg 1280w, https:\/\/jundiai.sp.gov.br\/noticias\/wp-content\/uploads\/sites\/32\/2023\/12\/centro_das_artes_ensaio_aberto_w_64-300x200.jpg 300w, https:\/\/jundiai.sp.gov.br\/noticias\/wp-content\/uploads\/sites\/32\/2023\/12\/centro_das_artes_ensaio_aberto_w_64-768x512.jpg 768w, https:\/\/jundiai.sp.gov.br\/noticias\/wp-content\/uploads\/sites\/32\/2023\/12\/centro_das_artes_ensaio_aberto_w_64-1536x1024.jpg 1536w, https:\/\/jundiai.sp.gov.br\/noticias\/wp-content\/uploads\/sites\/32\/2023\/12\/centro_das_artes_ensaio_aberto_w_64-450x300.jpg 450w, https:\/\/jundiai.sp.gov.br\/noticias\/wp-content\/uploads\/sites\/32\/2023\/12\/centro_das_artes_ensaio_aberto_w_64.jpg 1900w\" sizes=\"auto, (max-width: 1280px) 100vw, 1280px\" \/><figcaption class=\"wp-element-caption\">Ensaios dos m\u00fasicos e bailarinos est\u00e3o a todo vapor; um dos encontros foi aberto ao p\u00fablico, durante a cerim\u00f4nia de reabertura do Centro das Artes, no \u00faltimo dia 14<\/figcaption><\/figure>\n\n\n\n<p>J\u00e1 nesta quinta-feira (21), a partir das 19h30, a OSMJ volta \u00e0 Sala Gl\u00f3ria Rocha para apresentar seu Concerto Natalino com a Orquestra de Cordas. O programa da noite trar\u00e1 composi\u00e7\u00f5es de H\u00e4ndel, Vivaldi, Mendelssohn e Gruber, al\u00e9m de cl\u00e1ssicos natalinos de tradi\u00e7\u00e3o inglesa e de outras partes do mundo. O p\u00fablico tamb\u00e9m ter\u00e1 participa\u00e7\u00e3o especial, j\u00e1 que poder\u00e1 cantar ao som da Orquestra parte do repert\u00f3rio do espet\u00e1culo.<\/p>\n\n\n\n<p>Os ingressos para esse espet\u00e1culo tamb\u00e9m poder\u00e3o ser retirados na bilheteria do Centro das Artes e <a href=\"https:\/\/bileto.sympla.com.br\/event\/89938\/d\/232478\/s\/1580041\" target=\"_blank\" rel=\"noreferrer noopener\">pela internet, na plataforma Sympla<\/a>, a partir das 10h30 da quarta-feira (20).<\/p>\n\n\n\n<p><strong>Mais corpos art\u00edsticos<\/strong><br>Ainda <a href=\"https:\/\/jundiai.sp.gov.br\/noticias\/2023\/12\/18\/corais-municipais-apresentam-poesia-em-canto-na-sala-gloria-rocha\/\" data-type=\"link\" data-id=\"https:\/\/jundiai.sp.gov.br\/noticias\/2023\/12\/18\/corais-municipais-apresentam-poesia-em-canto-na-sala-gloria-rocha\/\">nesta ter\u00e7a-feira (19), \u00e0s 19h30, Coral Infantojuvenil Cidade das Crian\u00e7as e o Coral Municipal de Jundia\u00ed (adulto) apresentam na Sala Gl\u00f3ria Rocha o espet\u00e1culo \u201cPoesia em Canto\u201d<\/a>. E na sexta-feira (22), nos mesmos hor\u00e1rio e local, a Cia. de Teatro de Jundia\u00ed faz a estreia de seu novo espet\u00e1culo: \u201cR.I.P. \u2013 Uma hist\u00f3ria de amor\u201d.<\/p>\n\n\n\n<p>Toda a programa\u00e7\u00e3o conta com tradu\u00e7\u00e3o simult\u00e2nea em L\u00edngua Brasileira de Sinais (Libras) e audiodescri\u00e7\u00e3o.<\/p>\n\n\n\n<p>O Centro das Artes fica na rua Bar\u00e3o de Jundia\u00ed, 1093 \u2013 Centro. <a href=\"https:\/\/cultura.jundiai.sp.gov.br\/eventos\/tag\/centro-das-artes-prefeito-pedro-favaro\/\" target=\"_blank\" rel=\"noreferrer noopener\">Sua programa\u00e7\u00e3o completa pode ser conferida na Agenda Cultural<\/a>.<\/p>\n\n\n\n<p><strong>Assessoria de Imprensa<br>Fotos: Fot\u00f3grafos PMJ<\/strong><\/p>\n","protected":false},"excerpt":{"rendered":"<p>Os corpos art\u00edsticos municipais t\u00eam marcado presen\u00e7a nesta programa\u00e7\u00e3o especial de reabertura do Centro das Artes Prefeito Pedro F\u00e1varo. Al\u00e9m das participa\u00e7\u00f5es dos grupos na reabertura do espa\u00e7o, a Orquestra Sinf\u00f4nica Municipal de Jundia\u00ed (OSMJ) e a Cia. Jovem de Dan\u00e7a apresentam-se esta semana, na Sala Gl\u00f3ria Rocha, com espet\u00e1culos gratuitos. Nesta quarta-feira (20), \u00e0s [&hellip;]<\/p>\n","protected":false},"author":14,"featured_media":334210,"comment_status":"closed","ping_status":"0","sticky":false,"template":"","format":"standard","meta":{"footnotes":""},"categories":[2],"tags":[718,1130,29,307,2225],"ods":[],"class_list":["post-334197","post","type-post","status-publish","format-standard","has-post-thumbnail","hentry","category-noticias","tag-centro-das-artes-prefeito-pedro-favaro","tag-cia-jovem-de-danca","tag-cultura","tag-orquestra-municipal-de-jundiai","tag-sala-gloria-rocha"],"_links":{"self":[{"href":"https:\/\/jundiai.sp.gov.br\/noticias\/wp-json\/wp\/v2\/posts\/334197","targetHints":{"allow":["GET"]}}],"collection":[{"href":"https:\/\/jundiai.sp.gov.br\/noticias\/wp-json\/wp\/v2\/posts"}],"about":[{"href":"https:\/\/jundiai.sp.gov.br\/noticias\/wp-json\/wp\/v2\/types\/post"}],"author":[{"embeddable":true,"href":"https:\/\/jundiai.sp.gov.br\/noticias\/wp-json\/wp\/v2\/users\/14"}],"replies":[{"embeddable":true,"href":"https:\/\/jundiai.sp.gov.br\/noticias\/wp-json\/wp\/v2\/comments?post=334197"}],"version-history":[{"count":5,"href":"https:\/\/jundiai.sp.gov.br\/noticias\/wp-json\/wp\/v2\/posts\/334197\/revisions"}],"predecessor-version":[{"id":334256,"href":"https:\/\/jundiai.sp.gov.br\/noticias\/wp-json\/wp\/v2\/posts\/334197\/revisions\/334256"}],"wp:featuredmedia":[{"embeddable":true,"href":"https:\/\/jundiai.sp.gov.br\/noticias\/wp-json\/wp\/v2\/media\/334210"}],"wp:attachment":[{"href":"https:\/\/jundiai.sp.gov.br\/noticias\/wp-json\/wp\/v2\/media?parent=334197"}],"wp:term":[{"taxonomy":"category","embeddable":true,"href":"https:\/\/jundiai.sp.gov.br\/noticias\/wp-json\/wp\/v2\/categories?post=334197"},{"taxonomy":"post_tag","embeddable":true,"href":"https:\/\/jundiai.sp.gov.br\/noticias\/wp-json\/wp\/v2\/tags?post=334197"},{"taxonomy":"ods","embeddable":true,"href":"https:\/\/jundiai.sp.gov.br\/noticias\/wp-json\/wp\/v2\/ods?post=334197"}],"curies":[{"name":"wp","href":"https:\/\/api.w.org\/{rel}","templated":true}]}}