{"id":334441,"date":"2024-01-01T13:19:25","date_gmt":"2024-01-01T16:19:25","guid":{"rendered":"https:\/\/jundiai.sp.gov.br\/noticias\/?p=334441"},"modified":"2023-12-28T10:53:09","modified_gmt":"2023-12-28T13:53:09","slug":"perspectiva-em-2024-estudos-para-implantacao-de-novo-sistema-de-abastecimento-da-dae-avancam","status":"publish","type":"post","link":"https:\/\/jundiai.sp.gov.br\/noticias\/2024\/01\/01\/perspectiva-em-2024-estudos-para-implantacao-de-novo-sistema-de-abastecimento-da-dae-avancam\/","title":{"rendered":"Perspectiva | Em 2024, estudos para implanta\u00e7\u00e3o de novo sistema de abastecimento da DAE avan\u00e7am"},"content":{"rendered":"\n<p>A implanta\u00e7\u00e3o do novo sistema de abastecimento de \u00e1gua no munic\u00edpio, que ser\u00e1 constru\u00eddo no Vetor Oeste, avan\u00e7a na DAE Jundia\u00ed e \u00e9 um dos projetos que ter\u00e3o sequ\u00eancia com prioridade em 2024. Para isso, a DAE realiza o estudo de modelagem econ\u00f4mico-financeira e o Estudo e Relat\u00f3rio de Impacto Ambiental (EIA-RIMA).<\/p>\n\n\n\n<p>O sistema ser\u00e1 formado por tr\u00eas novas represas &#8211; Rio das Pedras, Ribeir\u00e3o Ermida e Ribeir\u00e3o Cachoeira -, al\u00e9m de uma Esta\u00e7\u00e3o de Tratamento de \u00c1gua, com capacidade prevista de produ\u00e7\u00e3o de 370 litros por segundo. A previs\u00e3o \u00e9 de que entre em opera\u00e7\u00e3o no ano de 2027.<\/p>\n\n\n<div class=\"wp-block-image\">\n<figure class=\"aligncenter size-large\"><img loading=\"lazy\" decoding=\"async\" width=\"1280\" height=\"720\" src=\"https:\/\/jundiai.sp.gov.br\/noticias\/wp-content\/uploads\/sites\/32\/2023\/12\/rio_das_pedras-2-1280x720.jpg\" alt=\"Represa Rio das Pedras vista de cima, imagem a\u00e9rea\" class=\"wp-image-334443\" srcset=\"https:\/\/jundiai.sp.gov.br\/noticias\/wp-content\/uploads\/sites\/32\/2023\/12\/rio_das_pedras-2-1280x720.jpg 1280w, https:\/\/jundiai.sp.gov.br\/noticias\/wp-content\/uploads\/sites\/32\/2023\/12\/rio_das_pedras-2-300x169.jpg 300w, https:\/\/jundiai.sp.gov.br\/noticias\/wp-content\/uploads\/sites\/32\/2023\/12\/rio_das_pedras-2-768x432.jpg 768w, https:\/\/jundiai.sp.gov.br\/noticias\/wp-content\/uploads\/sites\/32\/2023\/12\/rio_das_pedras-2-1536x864.jpg 1536w, https:\/\/jundiai.sp.gov.br\/noticias\/wp-content\/uploads\/sites\/32\/2023\/12\/rio_das_pedras-2.jpg 1900w\" sizes=\"auto, (max-width: 1280px) 100vw, 1280px\" \/><figcaption class=\"wp-element-caption\">Novo sistema de abastecimento ser\u00e1 formado por tr\u00eas represas, incluindo a Rio das Pedras (foto), e ter\u00e1 uma Esta\u00e7\u00e3o de Tratamento de \u00c1gua<\/figcaption><\/figure>\n<\/div>\n\n\n<p>&#8220;Jundia\u00ed \u00e9 refer\u00eancia em qualidade de vida e em saneamento. Garantir o abastecimento para as d\u00e9cadas futuras \u00e9 resultado de planejamento e investimento no agora. A DAE avan\u00e7a com os projetos para que a Cidade das Crian\u00e7as supere os \u00f3timos indicadores j\u00e1 obtidos at\u00e9 agora&#8221;, elogia o prefeito Luiz Fernando Machado. <\/p>\n\n\n\n<p>\u201cA implanta\u00e7\u00e3o do sistema \u00e9 um processo extenso e delicado, por isso, os estudos s\u00e3o necess\u00e1rios para garantir a seguran\u00e7a dos investimentos que vir\u00e3o a ser feitos\u201d, pontua o diretor presidente da DAE, Walter da Costa e Silva Filho.<\/p>\n\n\n\n<p>Segundo ele, o objetivo \u00e9 atender uma demanda futura, dentro de um panorama de at\u00e9 30 anos. \u201cA DAE sempre atendeu a cidade com saneamento porque atuou com planejamento, que foi seguido administra\u00e7\u00e3o por administra\u00e7\u00e3o. \u00c9 o caso agora. Estamos pensando no futuro\u201d, complementa.<\/p>\n\n\n\n<p><strong>Andamento<\/strong><\/p>\n\n\n<div class=\"wp-block-image\">\n<figure class=\"aligncenter size-large\"><img loading=\"lazy\" decoding=\"async\" width=\"1280\" height=\"720\" src=\"https:\/\/jundiai.sp.gov.br\/noticias\/wp-content\/uploads\/sites\/32\/2023\/12\/represa-parque-da-cidade-1280x720.jpg\" alt=\"Represa do Jundia\u00ed Mirim vista de cima, imagem a\u00e9rea\" class=\"wp-image-334445\" srcset=\"https:\/\/jundiai.sp.gov.br\/noticias\/wp-content\/uploads\/sites\/32\/2023\/12\/represa-parque-da-cidade-1280x720.jpg 1280w, https:\/\/jundiai.sp.gov.br\/noticias\/wp-content\/uploads\/sites\/32\/2023\/12\/represa-parque-da-cidade-300x169.jpg 300w, https:\/\/jundiai.sp.gov.br\/noticias\/wp-content\/uploads\/sites\/32\/2023\/12\/represa-parque-da-cidade-768x432.jpg 768w, https:\/\/jundiai.sp.gov.br\/noticias\/wp-content\/uploads\/sites\/32\/2023\/12\/represa-parque-da-cidade-1536x864.jpg 1536w, https:\/\/jundiai.sp.gov.br\/noticias\/wp-content\/uploads\/sites\/32\/2023\/12\/represa-parque-da-cidade.jpg 1900w\" sizes=\"auto, (max-width: 1280px) 100vw, 1280px\" \/><figcaption class=\"wp-element-caption\">Represa do Jundia\u00ed Mirim \u00e9 respons\u00e1vel por garantir o abastecimento de mais de 95% da cidade; novo projeto visa atender uma demanda futura<\/figcaption><\/figure>\n<\/div>\n\n\n<p>A cria\u00e7\u00e3o do sistema conta com autoriza\u00e7\u00e3o do DAEE (Departamento de \u00c1guas e Energia El\u00e9trica), que expediu, para a DAE, a Declara\u00e7\u00e3o sobre Viabilidade T\u00e9cnica para Implanta\u00e7\u00e3o de Empreendimentos (DVI), documento que trata sobre obras e servi\u00e7os em recursos h\u00eddricos superficiais e subterr\u00e2neos.<\/p>\n\n\n\n<p>A DAE tamb\u00e9m j\u00e1 publicou os decretos de utilidade p\u00fablica das \u00e1reas e caminha em dire\u00e7\u00e3o \u00e0 desapropria\u00e7\u00e3o das mesmas, al\u00e9m da obten\u00e7\u00e3o das licen\u00e7as ambientais. Coube \u00e0 FIPE (Funda\u00e7\u00e3o Instituto de Pesquisas Econ\u00f4micas) apontar a modelagem econ\u00f4mico-financeira do sistema de abastecimento.<\/p>\n\n\n\n<p>\u201cA modelagem vai definir qual a melhor forma para implanta\u00e7\u00e3o do sistema, seja integralmente pela DAE ou por meio de uma parceria p\u00fablico-privada (PPP), por exemplo. Para isso, a FIPE vai analisar diversos aspectos, inclusive de engenharia\u201d, afirma o diretor superintendente de Gest\u00e3o da DAE, Evandro Biancarelli.<\/p>\n\n\n\n<p>J\u00e1 o EIA-RIMA ser\u00e1 elaborado pela empresa Prime, visando \u00e0 obten\u00e7\u00e3o da Licen\u00e7a Pr\u00e9via (LP) juntamente \u00e0 Cetesb. Durante este processo, ser\u00e3o avaliados a interfer\u00eancia e os impactos a estas \u00e1reas. Feito isso, ser\u00e3o levantados os programas para compensa\u00e7\u00e3o.<\/p>\n\n\n\n<p>\u201cEstas propostas ser\u00e3o apresentadas \u00e0 comunidade local e aos munic\u00edpios por meio de audi\u00eancias p\u00fablicas e, mais \u00e0 frente, ao Conselho Estadual do Meio Ambiente (CONSEMA)\u201d, explica a chefe da Se\u00e7\u00e3o de Sustentabilidade da DAE, Maria Carolina Hertel Dutra e Sim\u00f5es.<\/p>\n\n\n\n<p>Atualmente, o rio Jundia\u00ed Mirim \u00e9 respons\u00e1vel por fornecer 95% da \u00e1gua que abastece Jundia\u00ed. Al\u00e9m dele, em per\u00edodos de estiagem, a DAE faz a revers\u00e3o do rio Atibaia, cuja utiliza\u00e7\u00e3o \u00e9 garantida por meio de outorga renovada em 2017, junto ao DAEE.<\/p>\n\n\n\n<p><strong>Assessoria de Comunica\u00e7\u00e3o &#8211; DAE Jundia\u00ed<\/strong><br><strong>Fotos: DAE Jundia\u00ed<\/strong><\/p>\n","protected":false},"excerpt":{"rendered":"<p>A implanta\u00e7\u00e3o do novo sistema de abastecimento de \u00e1gua no munic\u00edpio, que ser\u00e1 constru\u00eddo no Vetor Oeste, avan\u00e7a na DAE Jundia\u00ed e \u00e9 um dos projetos que ter\u00e3o sequ\u00eancia com prioridade em 2024. Para isso, a DAE realiza o estudo de modelagem econ\u00f4mico-financeira e o Estudo e Relat\u00f3rio de Impacto Ambiental (EIA-RIMA). O sistema ser\u00e1 [&hellip;]<\/p>\n","protected":false},"author":51,"featured_media":334443,"comment_status":"closed","ping_status":"0","sticky":false,"template":"","format":"standard","meta":{"footnotes":""},"categories":[2],"tags":[66,1940,4395,4394],"ods":[4223,4226],"class_list":["post-334441","post","type-post","status-publish","format-standard","has-post-thumbnail","hentry","category-noticias","tag-dae","tag-dae-jundiai","tag-novo-sistema-de-abastecimento","tag-retrospectiva-2023","ods-ods-03","ods-ods-06"],"_links":{"self":[{"href":"https:\/\/jundiai.sp.gov.br\/noticias\/wp-json\/wp\/v2\/posts\/334441","targetHints":{"allow":["GET"]}}],"collection":[{"href":"https:\/\/jundiai.sp.gov.br\/noticias\/wp-json\/wp\/v2\/posts"}],"about":[{"href":"https:\/\/jundiai.sp.gov.br\/noticias\/wp-json\/wp\/v2\/types\/post"}],"author":[{"embeddable":true,"href":"https:\/\/jundiai.sp.gov.br\/noticias\/wp-json\/wp\/v2\/users\/51"}],"replies":[{"embeddable":true,"href":"https:\/\/jundiai.sp.gov.br\/noticias\/wp-json\/wp\/v2\/comments?post=334441"}],"version-history":[{"count":8,"href":"https:\/\/jundiai.sp.gov.br\/noticias\/wp-json\/wp\/v2\/posts\/334441\/revisions"}],"predecessor-version":[{"id":335111,"href":"https:\/\/jundiai.sp.gov.br\/noticias\/wp-json\/wp\/v2\/posts\/334441\/revisions\/335111"}],"wp:featuredmedia":[{"embeddable":true,"href":"https:\/\/jundiai.sp.gov.br\/noticias\/wp-json\/wp\/v2\/media\/334443"}],"wp:attachment":[{"href":"https:\/\/jundiai.sp.gov.br\/noticias\/wp-json\/wp\/v2\/media?parent=334441"}],"wp:term":[{"taxonomy":"category","embeddable":true,"href":"https:\/\/jundiai.sp.gov.br\/noticias\/wp-json\/wp\/v2\/categories?post=334441"},{"taxonomy":"post_tag","embeddable":true,"href":"https:\/\/jundiai.sp.gov.br\/noticias\/wp-json\/wp\/v2\/tags?post=334441"},{"taxonomy":"ods","embeddable":true,"href":"https:\/\/jundiai.sp.gov.br\/noticias\/wp-json\/wp\/v2\/ods?post=334441"}],"curies":[{"name":"wp","href":"https:\/\/api.w.org\/{rel}","templated":true}]}}