{"id":334894,"date":"2023-12-31T08:00:00","date_gmt":"2023-12-31T11:00:00","guid":{"rendered":"https:\/\/jundiai.sp.gov.br\/noticias\/?p=334894"},"modified":"2024-01-08T11:04:28","modified_gmt":"2024-01-08T14:04:28","slug":"retrospectiva-2023-consolida-investimentos-da-prefeitura-no-agronegocio-de-jundiai","status":"publish","type":"post","link":"https:\/\/jundiai.sp.gov.br\/noticias\/2023\/12\/31\/retrospectiva-2023-consolida-investimentos-da-prefeitura-no-agronegocio-de-jundiai\/","title":{"rendered":"Retrospectiva: 2023 consolida investimentos da Prefeitura no Agroneg\u00f3cio de Jundia\u00ed"},"content":{"rendered":"\n<p>O investimento no Agroneg\u00f3cio consolidou o ano de 2023 com o maior aporte de recursos empregado pela Prefeitura de Jundia\u00ed no setor na hist\u00f3ria da cidade. Programas de incentivo ao agricultor foram criados e outros mais do que dobraram o investimento. Nos \u00faltimos seis anos, entre 2017 e 2023, a Prefeitura ampliou em 474% os investimentos no Agroneg\u00f3cio, por meio de programas da Unidade de Gest\u00e3o de Agroneg\u00f3cio, Abastecimento e Turismo (UGAAT).<\/p>\n\n\n\n<p>Umas das principais pol\u00edticas p\u00fablicas implementadas neste ano foi a cria\u00e7\u00e3o do Programa Municipal de Apoio ao Agroneg\u00f3cio de Jundia\u00ed (PROAJ), que visa incentivar produtores de uva do munic\u00edpio de Jundia\u00ed, inscritos e habilitados, por meio de subven\u00e7\u00e3o econ\u00f4mica, a se fixarem no campo. Ao todo, foram distribu\u00eddos R$ 409.917,58 a 60 agricultores. Lembrando que 2023 marcou a primeira colheita ap\u00f3s a conquista da Indica\u00e7\u00e3o Geogr\u00e1fica da Uva Niagara Rosada Jundiahy.<\/p>\n\n\n\n<p>&#8220;A cria\u00e7\u00e3o do PROAJ \u00e9 mais uma pol\u00edtica p\u00fablica voltada \u00e0 prote\u00e7\u00e3o dos produtores rurais de Jundia\u00ed, principalmente os da uva. Temos investido em programas que visam tanto para a prote\u00e7\u00e3o dos mananciais e do produtor rural, como para a oferta de alimentos de qualidade, atrav\u00e9s de fomento ao agroneg\u00f3cio. S\u00e3o v\u00e1rios programas de est\u00edmulo \u00e0 produ\u00e7\u00e3o que fortalecemos em 2023. Para 2024, a meta \u00e9 trazer n\u00fameros ainda melhores\u201d, lembrou o prefeito Luiz Fernando Machado.<\/p>\n\n\n<div class=\"wp-block-image\">\n<figure class=\"aligncenter size-large is-resized\"><img loading=\"lazy\" decoding=\"async\" width=\"1280\" height=\"854\" src=\"https:\/\/jundiai.sp.gov.br\/noticias\/wp-content\/uploads\/sites\/32\/2023\/12\/plantacao-de-uva-com-tela-de-cultivo-protegido-anderson-tomasetto_fm_-77-1280x854.jpg\" alt=\"\" class=\"wp-image-334932\" style=\"width:840px;height:auto\" srcset=\"https:\/\/jundiai.sp.gov.br\/noticias\/wp-content\/uploads\/sites\/32\/2023\/12\/plantacao-de-uva-com-tela-de-cultivo-protegido-anderson-tomasetto_fm_-77-1280x854.jpg 1280w, https:\/\/jundiai.sp.gov.br\/noticias\/wp-content\/uploads\/sites\/32\/2023\/12\/plantacao-de-uva-com-tela-de-cultivo-protegido-anderson-tomasetto_fm_-77-300x200.jpg 300w, https:\/\/jundiai.sp.gov.br\/noticias\/wp-content\/uploads\/sites\/32\/2023\/12\/plantacao-de-uva-com-tela-de-cultivo-protegido-anderson-tomasetto_fm_-77-768x512.jpg 768w, https:\/\/jundiai.sp.gov.br\/noticias\/wp-content\/uploads\/sites\/32\/2023\/12\/plantacao-de-uva-com-tela-de-cultivo-protegido-anderson-tomasetto_fm_-77-1536x1024.jpg 1536w, https:\/\/jundiai.sp.gov.br\/noticias\/wp-content\/uploads\/sites\/32\/2023\/12\/plantacao-de-uva-com-tela-de-cultivo-protegido-anderson-tomasetto_fm_-77-450x300.jpg 450w, https:\/\/jundiai.sp.gov.br\/noticias\/wp-content\/uploads\/sites\/32\/2023\/12\/plantacao-de-uva-com-tela-de-cultivo-protegido-anderson-tomasetto_fm_-77.jpg 1900w\" sizes=\"auto, (max-width: 1280px) 100vw, 1280px\" \/><figcaption class=\"wp-element-caption\">PROAJ, criado neste ano, visa incentivar a produ\u00e7\u00e3o de uva do munic\u00edpio de Jundia\u00ed<\/figcaption><\/figure>\n<\/div>\n\n\n<p>Outro programa fortalecido em 2023 foi o Cultivo Protegido, que estimula o uso de tecnologias como prote\u00e7\u00e3o e preven\u00e7\u00e3o aos extremos clim\u00e1ticos (uso de telas antip\u00e1ssaro, antigranizo e filme agr\u00edcola). Neste ano, a prefeitura dobrou o valor por propriedade, que subiu de R$ 3 mil para R$ 6 mil. Foram pagos R$ 182.957,01 para 33 produtores rurais (36 propriedades).<\/p>\n\n\n\n<p>\u201cInfelizmente, as mudan\u00e7as clim\u00e1ticas j\u00e1 s\u00e3o uma realidade. Por isso, o cultivo protegido se faz essencial para que possamos lidar melhor com as intemp\u00e9ries, ajudar o agricultor no trabalho de preven\u00e7\u00e3o de perdas na produ\u00e7\u00e3o e fazer como que ele se fixe no campo\u201d, disse o gestor de Agroneg\u00f3cio, Abastecimento e Turismo, Eduardo Alvarez.<\/p>\n\n\n<div class=\"wp-block-image\">\n<figure class=\"aligncenter size-large\"><img loading=\"lazy\" decoding=\"async\" width=\"1280\" height=\"854\" src=\"https:\/\/jundiai.sp.gov.br\/noticias\/wp-content\/uploads\/sites\/32\/2023\/12\/plantacao-de-uva-cultivo-protegido-bairro-bom-jardim_fm_-8-1280x854.jpg\" alt=\"\" class=\"wp-image-334934\" srcset=\"https:\/\/jundiai.sp.gov.br\/noticias\/wp-content\/uploads\/sites\/32\/2023\/12\/plantacao-de-uva-cultivo-protegido-bairro-bom-jardim_fm_-8-1280x854.jpg 1280w, https:\/\/jundiai.sp.gov.br\/noticias\/wp-content\/uploads\/sites\/32\/2023\/12\/plantacao-de-uva-cultivo-protegido-bairro-bom-jardim_fm_-8-300x200.jpg 300w, https:\/\/jundiai.sp.gov.br\/noticias\/wp-content\/uploads\/sites\/32\/2023\/12\/plantacao-de-uva-cultivo-protegido-bairro-bom-jardim_fm_-8-768x512.jpg 768w, https:\/\/jundiai.sp.gov.br\/noticias\/wp-content\/uploads\/sites\/32\/2023\/12\/plantacao-de-uva-cultivo-protegido-bairro-bom-jardim_fm_-8-1536x1024.jpg 1536w, https:\/\/jundiai.sp.gov.br\/noticias\/wp-content\/uploads\/sites\/32\/2023\/12\/plantacao-de-uva-cultivo-protegido-bairro-bom-jardim_fm_-8-450x300.jpg 450w, https:\/\/jundiai.sp.gov.br\/noticias\/wp-content\/uploads\/sites\/32\/2023\/12\/plantacao-de-uva-cultivo-protegido-bairro-bom-jardim_fm_-8.jpg 1900w\" sizes=\"auto, (max-width: 1280px) 100vw, 1280px\" \/><figcaption class=\"wp-element-caption\">Programa Cultivo Protegido auxilia na preven\u00e7\u00e3o de perdas na produ\u00e7\u00e3o<\/figcaption><\/figure>\n<\/div>\n\n\n<p><strong>Patrulha Agr\u00edcola<br><\/strong>Um crescimento de 234% marcou os servi\u00e7os do programa Patrulha Agr\u00edcola, no qual os produtores podem contratar o servi\u00e7o de maquin\u00e1rio de grande porte com pre\u00e7o abaixo do praticado no mercado. Em 2023, de janeiro a outubro, a \u00e1rea trabalhada em Jundia\u00ed foi de 55 hectares, contra 16 hectares trabalhados em 2022. O n\u00famero de atendimentos tamb\u00e9m cresceu, passando de 93, em 2022, para 124 neste ano (aumento de 33%). Est\u00e3o dispon\u00edveis servi\u00e7os como prepara\u00e7\u00e3o de solo com grad\u00e3o, arado e ro\u00e7adeira. Neste ano, o programa tamb\u00e9m ganhou servi\u00e7os com encanteiradora, grade niveladora, distribuidora de calc\u00e1rio, entre outros.<\/p>\n\n\n\n<p>\u201cA Patrulha Agr\u00edcola \u00e9 um exemplo das pol\u00edticas p\u00fablicas bem estruturadas que Jundia\u00ed oferece aos produtores rurais. N\u00f3s adquirimos novas m\u00e1quinas nos \u00faltimos meses e incrementamos o or\u00e7amento, o que possibilitou a implementa\u00e7\u00e3o de novos servi\u00e7os de prote\u00e7\u00e3o ao agricultor&#8221;, refor\u00e7ou a diretora de Agroneg\u00f3cio, Isabel Harder.<\/p>\n\n\n<div class=\"wp-block-image\">\n<figure class=\"aligncenter size-large is-resized\"><img loading=\"lazy\" decoding=\"async\" width=\"1280\" height=\"854\" src=\"https:\/\/jundiai.sp.gov.br\/noticias\/wp-content\/uploads\/sites\/32\/2023\/12\/patrulha_agricola-4-1280x854.jpg\" alt=\"\" class=\"wp-image-334936\" style=\"width:840px;height:auto\" srcset=\"https:\/\/jundiai.sp.gov.br\/noticias\/wp-content\/uploads\/sites\/32\/2023\/12\/patrulha_agricola-4-1280x854.jpg 1280w, https:\/\/jundiai.sp.gov.br\/noticias\/wp-content\/uploads\/sites\/32\/2023\/12\/patrulha_agricola-4-300x200.jpg 300w, https:\/\/jundiai.sp.gov.br\/noticias\/wp-content\/uploads\/sites\/32\/2023\/12\/patrulha_agricola-4-768x512.jpg 768w, https:\/\/jundiai.sp.gov.br\/noticias\/wp-content\/uploads\/sites\/32\/2023\/12\/patrulha_agricola-4-1536x1024.jpg 1536w, https:\/\/jundiai.sp.gov.br\/noticias\/wp-content\/uploads\/sites\/32\/2023\/12\/patrulha_agricola-4-450x300.jpg 450w, https:\/\/jundiai.sp.gov.br\/noticias\/wp-content\/uploads\/sites\/32\/2023\/12\/patrulha_agricola-4.jpg 1900w\" sizes=\"auto, (max-width: 1280px) 100vw, 1280px\" \/><figcaption class=\"wp-element-caption\">Patrulha Agr\u00edcola teve crescimento de 234% em 2023<\/figcaption><\/figure>\n<\/div>\n\n\n<p><strong>Preserva\u00e7\u00e3o do Meio Ambiente<br><\/strong>Aliada ao agroneg\u00f3cio sustent\u00e1vel, a preserva\u00e7\u00e3o ao meio ambiente tamb\u00e9m ganhou destaque em 2023. O Programa Nascentes Jundia\u00ed j\u00e1 conta com 40 hectares (400.000 m\u00b2) em processo de restaura\u00e7\u00e3o ambiental e com cerca de 50 mil mudas plantadas. S\u00e3o 50 propriedades participantes, um crescimento de 35% em rela\u00e7\u00e3o a 2018, quando 37 propriedades estavam em processo de recupera\u00e7\u00e3o. O objetivo do programa \u00e9 a implanta\u00e7\u00e3o de a\u00e7\u00f5es de conserva\u00e7\u00e3o, restaura\u00e7\u00e3o e recupera\u00e7\u00e3o para a adequa\u00e7\u00e3o ambiental de propriedades rurais em todo o munic\u00edpio de Jundia\u00ed, em especial para a Bacia do Rio Jundia\u00ed Mirim, que \u00e9 o principal manancial de abastecimento p\u00fablico da cidade.<\/p>\n\n\n\n<p>J\u00e1 o Programa de Pagamento por Servi\u00e7os Ambientais (PSA), que remunera em dinheiro os produtores rurais que possuem \u00e1reas com vegeta\u00e7\u00e3o nativa preservada, teve um aumento de 41% no valor que \u00e9 pago aos produtores em 2023. Neste ano, passou para R$ 425,48 por hectare preservado. No ano passado (2022), o valor era de R$ 301,14. O Programa, voltado para a preserva\u00e7\u00e3o de vegeta\u00e7\u00e3o e florestas nativas de Jundia\u00ed, teve o valor pago, em 2023, de R$ 199.009,76, referente a 467 hectares de \u00e1rea beneficiada. O PSA, hoje, tem 96 propriedades inscritas.<\/p>\n\n\n<div class=\"wp-block-image\">\n<figure class=\"aligncenter size-full\"><img loading=\"lazy\" decoding=\"async\" width=\"1280\" height=\"854\" src=\"https:\/\/jundiai.sp.gov.br\/noticias\/wp-content\/uploads\/sites\/32\/2023\/12\/psa6220-1280x854-1.jpg\" alt=\"\" class=\"wp-image-334944\" srcset=\"https:\/\/jundiai.sp.gov.br\/noticias\/wp-content\/uploads\/sites\/32\/2023\/12\/psa6220-1280x854-1.jpg 1280w, https:\/\/jundiai.sp.gov.br\/noticias\/wp-content\/uploads\/sites\/32\/2023\/12\/psa6220-1280x854-1-300x200.jpg 300w, https:\/\/jundiai.sp.gov.br\/noticias\/wp-content\/uploads\/sites\/32\/2023\/12\/psa6220-1280x854-1-768x512.jpg 768w, https:\/\/jundiai.sp.gov.br\/noticias\/wp-content\/uploads\/sites\/32\/2023\/12\/psa6220-1280x854-1-450x300.jpg 450w\" sizes=\"auto, (max-width: 1280px) 100vw, 1280px\" \/><figcaption class=\"wp-element-caption\">Programa de Pagamento por Servi\u00e7os Ambientais, que remunera os produtores rurais que possuem \u00e1reas com vegeta\u00e7\u00e3o nativa preservada, teve um aumento de 41%<\/figcaption><\/figure>\n<\/div>\n\n\n<p><strong>Assessoria de Imprensa<br>Fotos: Fot\u00f3grafos PMJ<\/strong><\/p>\n","protected":false},"excerpt":{"rendered":"<p>O investimento no Agroneg\u00f3cio consolidou o ano de 2023 com o maior aporte de recursos empregado pela Prefeitura de Jundia\u00ed no setor na hist\u00f3ria da cidade. Programas de incentivo ao agricultor foram criados e outros mais do que dobraram o investimento. Nos \u00faltimos seis anos, entre 2017 e 2023, a Prefeitura ampliou em 474% os [&hellip;]<\/p>\n","protected":false},"author":100,"featured_media":334122,"comment_status":"closed","ping_status":"0","sticky":false,"template":"","format":"standard","meta":{"footnotes":""},"categories":[2],"tags":[974,2885,4394,1193],"ods":[4231,4232,4233],"class_list":["post-334894","post","type-post","status-publish","format-standard","has-post-thumbnail","hentry","category-noticias","tag-agronegocio-abastecimento-e-turismo","tag-cultivo-protegido","tag-retrospectiva-2023","tag-ugaat","ods-ods-11","ods-ods-12","ods-ods-13"],"_links":{"self":[{"href":"https:\/\/jundiai.sp.gov.br\/noticias\/wp-json\/wp\/v2\/posts\/334894","targetHints":{"allow":["GET"]}}],"collection":[{"href":"https:\/\/jundiai.sp.gov.br\/noticias\/wp-json\/wp\/v2\/posts"}],"about":[{"href":"https:\/\/jundiai.sp.gov.br\/noticias\/wp-json\/wp\/v2\/types\/post"}],"author":[{"embeddable":true,"href":"https:\/\/jundiai.sp.gov.br\/noticias\/wp-json\/wp\/v2\/users\/100"}],"replies":[{"embeddable":true,"href":"https:\/\/jundiai.sp.gov.br\/noticias\/wp-json\/wp\/v2\/comments?post=334894"}],"version-history":[{"count":18,"href":"https:\/\/jundiai.sp.gov.br\/noticias\/wp-json\/wp\/v2\/posts\/334894\/revisions"}],"predecessor-version":[{"id":334988,"href":"https:\/\/jundiai.sp.gov.br\/noticias\/wp-json\/wp\/v2\/posts\/334894\/revisions\/334988"}],"wp:featuredmedia":[{"embeddable":true,"href":"https:\/\/jundiai.sp.gov.br\/noticias\/wp-json\/wp\/v2\/media\/334122"}],"wp:attachment":[{"href":"https:\/\/jundiai.sp.gov.br\/noticias\/wp-json\/wp\/v2\/media?parent=334894"}],"wp:term":[{"taxonomy":"category","embeddable":true,"href":"https:\/\/jundiai.sp.gov.br\/noticias\/wp-json\/wp\/v2\/categories?post=334894"},{"taxonomy":"post_tag","embeddable":true,"href":"https:\/\/jundiai.sp.gov.br\/noticias\/wp-json\/wp\/v2\/tags?post=334894"},{"taxonomy":"ods","embeddable":true,"href":"https:\/\/jundiai.sp.gov.br\/noticias\/wp-json\/wp\/v2\/ods?post=334894"}],"curies":[{"name":"wp","href":"https:\/\/api.w.org\/{rel}","templated":true}]}}