{"id":336392,"date":"2024-01-23T09:57:48","date_gmt":"2024-01-23T12:57:48","guid":{"rendered":"https:\/\/jundiai.sp.gov.br\/noticias\/?p=336392"},"modified":"2024-01-23T09:57:48","modified_gmt":"2024-01-23T12:57:48","slug":"ferias-na-cultura-ultima-semana-das-acoes-gratuitas-para-a-garotada","status":"publish","type":"post","link":"https:\/\/jundiai.sp.gov.br\/noticias\/2024\/01\/23\/ferias-na-cultura-ultima-semana-das-acoes-gratuitas-para-a-garotada\/","title":{"rendered":"F\u00e9rias na Cultura: \u00daltima semana das a\u00e7\u00f5es gratuitas para a garotada"},"content":{"rendered":"\n<p>Final de f\u00e9rias chegando, mas ainda d\u00e1 tempo da garotada de Jundia\u00ed se divertir nos equipamentos culturais da cidade, onde a programa\u00e7\u00e3o \u00e9 totalmente gratuita e elaborada pela Unidade de Gest\u00e3o de Cultura (UGC).<\/p>\n\n\n\n<p>Al\u00e9m das oficinas j\u00e1 em andamento na F\u00e1brica das Inf\u00e2ncias Japy, na Biblioteca Municipal Professor Nelson Foot e na Pracinha da Cultura do Vista Alegre as a\u00e7\u00f5es do programa Cidade das Crian\u00e7as, voltadas para o p\u00fablico infantojuvenil continuam.<\/p>\n\n\n\n<figure class=\"wp-block-image size-large\"><img loading=\"lazy\" decoding=\"async\" width=\"1280\" height=\"960\" src=\"https:\/\/jundiai.sp.gov.br\/noticias\/wp-content\/uploads\/sites\/32\/2024\/01\/feriasbnf2-1280x960.jpeg\" alt=\"\" class=\"wp-image-336393\" srcset=\"https:\/\/jundiai.sp.gov.br\/noticias\/wp-content\/uploads\/sites\/32\/2024\/01\/feriasbnf2-1280x960.jpeg 1280w, https:\/\/jundiai.sp.gov.br\/noticias\/wp-content\/uploads\/sites\/32\/2024\/01\/feriasbnf2-300x225.jpeg 300w, https:\/\/jundiai.sp.gov.br\/noticias\/wp-content\/uploads\/sites\/32\/2024\/01\/feriasbnf2-768x576.jpeg 768w, https:\/\/jundiai.sp.gov.br\/noticias\/wp-content\/uploads\/sites\/32\/2024\/01\/feriasbnf2-1536x1152.jpeg 1536w, https:\/\/jundiai.sp.gov.br\/noticias\/wp-content\/uploads\/sites\/32\/2024\/01\/feriasbnf2.jpeg 1600w\" sizes=\"auto, (max-width: 1280px) 100vw, 1280px\" \/><figcaption class=\"wp-element-caption\">Na Biblioteca a programa\u00e7\u00e3o de f\u00e9rias prossegue at\u00e9 s\u00e1bado (27)<\/figcaption><\/figure>\n\n\n\n<p>S\u00e3o diversas as atra\u00e7\u00f5es programadas, como conta\u00e7\u00f5es de hist\u00f3rias, apresenta\u00e7\u00f5es teatrais, espet\u00e1culos circenses e muitas brincadeiras.<\/p>\n\n\n\n<p>Na Biblioteca Municipal (avenida Dr. Cavalcanti, 396 \u2013 Complexo Argos), a programa\u00e7\u00e3o est\u00e1 assim definida:<\/p>\n\n\n\n<p><strong>23\/01 (Ter\u00e7a) \u00e0s 16h, Alegria N\u00e3o Para (Trupe Trolas): <\/strong>Espet\u00e1culo de palha\u00e7o que leva alegria e divers\u00e3o, utilizando diversos recursos, c\u00eanicos e circense. Com esquetes de palha\u00e7os, boneco ventr\u00edloquo, show de monociclos, malabarismo, brincadeiras e muita palha\u00e7ada<\/p>\n\n\n\n<p><strong>24\/01 (Quarta), \u00e0s 16h, Aventuras na Floresta &#8211; O Mist\u00e9rio da Pinta da Dona On\u00e7a (Cia Uni Verso &amp; Prosa):<\/strong> O projeto consiste na conta\u00e7\u00e3o da hist\u00f3ria pela escritora e contadora de hist\u00f3rias Sueli Patelli e pelo ator e musicista Rodrigo Moraes. A apresenta\u00e7\u00e3o ter\u00e1 dura\u00e7\u00e3o de 30 minutos e contar\u00e1 com a intera\u00e7\u00e3o das crian\u00e7as, por meio de brincadeiras que complementar\u00e3o a hist\u00f3ria e estimular\u00e3o a imagina\u00e7\u00e3o dos pequenos.<\/p>\n\n\n\n<p><strong>25\/01 (Quinta) \u00e0s16h, O Fruto Sem Nome (Cia Ca\u00e7a Vento de Artes): <\/strong>Com bonecos manipulados e jogos com o p\u00fablico, os atores recriam hist\u00f3rias do repert\u00f3rio infantil, tendo como base na lenda popular &#8220;A Fruta Sem Nome&#8221; relida por autores como Clarice Lispector e Monteiro Lobato<\/p>\n\n\n\n<p><strong>26\/01 (Sexta) \u00e0s 16h, Conta Cantando: Achados e N\u00e3o Perdidos (Pedro Cavallaro e B\u00e1rbara Brunelli): <\/strong>Uma tampa de caneta, um molho de chaves, um p\u00e9 de meia, um controle remoto e um documento de identidade estavam perdidos de seus donos e desesperados para voltar aos seus lugares de origem.<\/p>\n\n\n\n<p><strong>27\/01 (S\u00e1bado), \u00e0s 11h, Casas da Floresta (Ateli\u00eara): A<\/strong>s casas s\u00e3o grandes bonecos, da altura das atrizes acopladas ao seu corpo feitos, em sua maior parte, de tecido. As casas possuem pernas e bra\u00e7os articulados que andam pelo espa\u00e7o de forma curiosa, imitando os gestos das suas manipuladoras e chamando a aten\u00e7\u00e3o dos presentes no espa\u00e7o.<\/p>\n\n\n\n<p>J\u00e1 a programa\u00e7\u00e3o na Pracinha da Cultura no Vista Alegre (rua Cabo Edvaldo Quirino Santana s\/n\u00ba) est\u00e1 assim definida:<\/p>\n\n\n\n<p><strong>23\/01 (Ter\u00e7a) \u00e0s 16h, Riscos e Rabiscos Coloridos (Cia Uni Verso &amp; Prosa): <\/strong>Se por meio de desenhos a crian\u00e7a cria e recria formas expressivas, estimulando a imagina\u00e7\u00e3o, o projeto Contando hist\u00f3rias com riscos e rabiscos coloridos facilita despertar a fantasia, atrav\u00e9s de hist\u00f3rias contadas com riscos e rabiscos coloridos.<\/p>\n\n\n\n<figure class=\"wp-block-image size-full\"><img loading=\"lazy\" decoding=\"async\" width=\"1280\" height=\"853\" src=\"https:\/\/jundiai.sp.gov.br\/noticias\/wp-content\/uploads\/sites\/32\/2024\/01\/uni-verso-e-prosa-4.jpg\" alt=\"\" class=\"wp-image-336394\" srcset=\"https:\/\/jundiai.sp.gov.br\/noticias\/wp-content\/uploads\/sites\/32\/2024\/01\/uni-verso-e-prosa-4.jpg 1280w, https:\/\/jundiai.sp.gov.br\/noticias\/wp-content\/uploads\/sites\/32\/2024\/01\/uni-verso-e-prosa-4-300x200.jpg 300w, https:\/\/jundiai.sp.gov.br\/noticias\/wp-content\/uploads\/sites\/32\/2024\/01\/uni-verso-e-prosa-4-768x512.jpg 768w, https:\/\/jundiai.sp.gov.br\/noticias\/wp-content\/uploads\/sites\/32\/2024\/01\/uni-verso-e-prosa-4-450x300.jpg 450w\" sizes=\"auto, (max-width: 1280px) 100vw, 1280px\" \/><figcaption class=\"wp-element-caption\">Cia Uni Verso &amp; prosa se apresenta na Pracinha do Vista Alegre<\/figcaption><\/figure>\n\n\n\n<p><strong>24\/01 (Quarta), \u00e0s 16h, Contos Assombrosos de arrepiar a espinha (Roseli Elisabeth Arl Schnell Pizarro): <\/strong>Contos assombrosos s\u00e3o de arrepiar a espinha. Foram preparados para divertir e assustar causando aquele friozinho na barriga e fazendo o cora\u00e7\u00e3o acelerar&#8230; Ai! que medo.<\/p>\n\n\n\n<p>25\/01 (Quinta), \u00e0s16h, Conta\u00e7\u00e3o de hist\u00f3ria: Entre mares e rios (Cia Alya).&nbsp; Entre mares e rios&#8221; traz memorias de tr\u00eas contos que passeiam por pa\u00edses do continente africano que foram col\u00f4nias de Portugal e por conta disso t\u00eam o portugu\u00eas como uma de suas l\u00ednguas al\u00e9m dos dialetos locais de cada pa\u00eds. Os contos presentes nesse espet\u00e1culo v\u00e3o ao encontro de assuntos universais que s\u00e3o essenciais para o resgate, valoriza\u00e7\u00e3o, preserva\u00e7\u00e3o e forma\u00e7\u00e3o cultural de crian\u00e7as, jovens e adultos, pois esses pa\u00edses africanos, influenciaram e ainda influenciam o mundo&#8230;<\/p>\n\n\n\n<p><strong>26\/01 (Sexta), \u00e0s 16h, O buraco assobiador &#8211; Cia Inspirarte:\u00a0<\/strong> O buraco assobiador: Porunga e Poranga s\u00e3o irm\u00e3os curumins que vivem em um lugar encantador, em uma aldeia bem no meio da floresta amaz\u00f4nica. Ap\u00f3s os conselhos de sua m\u00e3e, para que os dois tomem cuidado e n\u00e3o se aproximem do buraco assobiador, os dois ind\u00edgenas vivem um misto de curiosidade e aventura sobre esse mist\u00e9rio da floresta.<\/p>\n\n\n\n<p>E na F\u00e1brica das Inf\u00e2ncias Japy (rua Lacerda Franco, 175 \u2013 Vila Arens), a programa\u00e7\u00e3o de oficinas gratuitas continuam de ter\u00e7a a sexta-feira, at\u00e9 o dia 26 de janeiro. S\u00e3o oficinas de Torres de Bambu, Conta\u00e7\u00e3o de Hist\u00f3ria Viva, Capoeira e de confec\u00e7\u00e3o de tintas naturais, come\u00e7ando sempre \u00e0s 14h, uma oficina por dia.<\/p>\n\n\n\n<figure class=\"wp-block-image size-large\"><img loading=\"lazy\" decoding=\"async\" width=\"960\" height=\"960\" src=\"https:\/\/jundiai.sp.gov.br\/noticias\/wp-content\/uploads\/sites\/32\/2024\/01\/capoeira3-1-960x960.jpeg\" alt=\"\" class=\"wp-image-336395\" srcset=\"https:\/\/jundiai.sp.gov.br\/noticias\/wp-content\/uploads\/sites\/32\/2024\/01\/capoeira3-1-960x960.jpeg 960w, https:\/\/jundiai.sp.gov.br\/noticias\/wp-content\/uploads\/sites\/32\/2024\/01\/capoeira3-1-300x300.jpeg 300w, https:\/\/jundiai.sp.gov.br\/noticias\/wp-content\/uploads\/sites\/32\/2024\/01\/capoeira3-1-100x100.jpeg 100w, https:\/\/jundiai.sp.gov.br\/noticias\/wp-content\/uploads\/sites\/32\/2024\/01\/capoeira3-1-768x768.jpeg 768w, https:\/\/jundiai.sp.gov.br\/noticias\/wp-content\/uploads\/sites\/32\/2024\/01\/capoeira3-1.jpeg 1280w\" sizes=\"auto, (max-width: 960px) 100vw, 960px\" \/><figcaption class=\"wp-element-caption\">E a oficina de Capoeira acontece na quinta-feira, dia 25<\/figcaption><\/figure>\n\n\n\n<p>As oficinas acontecer\u00e3o sempre a partir das 14h, dentro do seguinte esquema:<\/p>\n\n\n\n<p>Torres de Bambu, com Ricardo Duran, dia 23 de janeiro, para crian\u00e7as de 04 a 09 anos;<\/p>\n\n\n\n<p>Cria\u00e7\u00e3o de Hist\u00f3rias em Movimento, com Tom Will, dia 24 de janeiro, para crian\u00e7as de 05 a 09 anos;<\/p>\n\n\n\n<p>Capoeira, com Wesley Dorta, dia 25 de janeiro, para crian\u00e7as de 05 a 12 anos;<\/p>\n\n\n\n<p>Natureza Colorida, com Juliana Fernandes, dia 26 de janeiro, para crian\u00e7as de 05 a 12 anos.<\/p>\n\n\n\n<p>Aos s\u00e1bados e domingos, como de costume, tem ainda as conta\u00e7\u00f5es de hist\u00f3rias, a partir das 10h30.<\/p>\n\n\n\n<p>Dia 27 \u2013 Ancestrahist\u00f3rias \u2013 conta\u00e7\u00e3o de hist\u00f3ria \u2013 N\u00facleo de Artes AJEUM;<\/p>\n\n\n\n<p>Dia 28 \u2013 F\u00e1bulas do Disquinho \u2013 conta\u00e7\u00e3o de hist\u00f3ria \u2013 Cia. Ca\u00e7a Vento de Artes.<\/p>\n\n\n\n<p><strong>Assessoria de Imprensa<br>Fotos: Divulga\u00e7\u00e3o<\/strong><\/p>\n","protected":false},"excerpt":{"rendered":"<p>Final de f\u00e9rias chegando, mas ainda d\u00e1 tempo da garotada de Jundia\u00ed se divertir nos equipamentos culturais da cidade, onde a programa\u00e7\u00e3o \u00e9 totalmente gratuita e elaborada pela Unidade de Gest\u00e3o de Cultura (UGC). Al\u00e9m das oficinas j\u00e1 em andamento na F\u00e1brica das Inf\u00e2ncias Japy, na Biblioteca Municipal Professor Nelson Foot e na Pracinha da [&hellip;]<\/p>\n","protected":false},"author":83,"featured_media":336397,"comment_status":"closed","ping_status":"0","sticky":false,"template":"","format":"standard","meta":{"footnotes":""},"categories":[2],"tags":[505,894,29,2251],"ods":[],"class_list":["post-336392","post","type-post","status-publish","format-standard","has-post-thumbnail","hentry","category-noticias","tag-biblioteca-municipal-professor-nelson-foot","tag-ceu-das-artes-do-vista-alegre","tag-cultura","tag-fabrica-das-infancias-japy"],"_links":{"self":[{"href":"https:\/\/jundiai.sp.gov.br\/noticias\/wp-json\/wp\/v2\/posts\/336392","targetHints":{"allow":["GET"]}}],"collection":[{"href":"https:\/\/jundiai.sp.gov.br\/noticias\/wp-json\/wp\/v2\/posts"}],"about":[{"href":"https:\/\/jundiai.sp.gov.br\/noticias\/wp-json\/wp\/v2\/types\/post"}],"author":[{"embeddable":true,"href":"https:\/\/jundiai.sp.gov.br\/noticias\/wp-json\/wp\/v2\/users\/83"}],"replies":[{"embeddable":true,"href":"https:\/\/jundiai.sp.gov.br\/noticias\/wp-json\/wp\/v2\/comments?post=336392"}],"version-history":[{"count":3,"href":"https:\/\/jundiai.sp.gov.br\/noticias\/wp-json\/wp\/v2\/posts\/336392\/revisions"}],"predecessor-version":[{"id":336405,"href":"https:\/\/jundiai.sp.gov.br\/noticias\/wp-json\/wp\/v2\/posts\/336392\/revisions\/336405"}],"wp:featuredmedia":[{"embeddable":true,"href":"https:\/\/jundiai.sp.gov.br\/noticias\/wp-json\/wp\/v2\/media\/336397"}],"wp:attachment":[{"href":"https:\/\/jundiai.sp.gov.br\/noticias\/wp-json\/wp\/v2\/media?parent=336392"}],"wp:term":[{"taxonomy":"category","embeddable":true,"href":"https:\/\/jundiai.sp.gov.br\/noticias\/wp-json\/wp\/v2\/categories?post=336392"},{"taxonomy":"post_tag","embeddable":true,"href":"https:\/\/jundiai.sp.gov.br\/noticias\/wp-json\/wp\/v2\/tags?post=336392"},{"taxonomy":"ods","embeddable":true,"href":"https:\/\/jundiai.sp.gov.br\/noticias\/wp-json\/wp\/v2\/ods?post=336392"}],"curies":[{"name":"wp","href":"https:\/\/api.w.org\/{rel}","templated":true}]}}