{"id":336409,"date":"2024-01-23T16:44:20","date_gmt":"2024-01-23T19:44:20","guid":{"rendered":"https:\/\/jundiai.sp.gov.br\/noticias\/?p=336409"},"modified":"2024-01-25T09:45:48","modified_gmt":"2024-01-25T12:45:48","slug":"7a-sap-sera-nos-dias-01-e-02-de-fevereiro-com-o-tema-desemparedamento-da-escola","status":"publish","type":"post","link":"https:\/\/jundiai.sp.gov.br\/noticias\/2024\/01\/23\/7a-sap-sera-nos-dias-01-e-02-de-fevereiro-com-o-tema-desemparedamento-da-escola\/","title":{"rendered":"VII SAP ser\u00e1 nos dias 01 e 02 de fevereiro, com o tema \u2018Desemparedamento da Escola\u2019"},"content":{"rendered":"\n<p>Com extensa programa\u00e7\u00e3o nos dias 01 e 02 de fevereiro, a Semana de Atualiza\u00e7\u00e3o Pedag\u00f3gica (SAP) da Unidade de Gest\u00e3o de Educa\u00e7\u00e3o (UGE) chega em 2024 \u00e0 sua 7\u00aa edi\u00e7\u00e3o, com o tema \u201cDesemparedamento da Escola: a qualidade do ensino nos contextos do Programa Escola Inovadora\u201d.<\/p>\n\n\n\n<p>\u201cUma pr\u00e1tica da gest\u00e3o desde 2018, como forma de iniciar o semestre letivo pela forma\u00e7\u00e3o dos nossos educadores e permitir que eles tenham contato com profissionais renomados dos diversos segmentos, a SAP de 2024 ter\u00e1 um gosto especial. Ap\u00f3s uma constru\u00e7\u00e3o conjunta e intersetorial, esta edi\u00e7\u00e3o ir\u00e1 marcar o lan\u00e7amento do \u2018Desemparedamento da Escola\u2019 enquanto metodologia fundamentada e sustentada em marcos legais e te\u00f3ricos, como uma importante ferramenta para a nossa equipe de educadores da nossa rede\u201d, comentou a gestora de Educa\u00e7\u00e3o, Vast\u00ed Ferrari Marques.<\/p>\n\n\n\n<p><a href=\"https:\/\/www.viisapjundiai.com.br\/\" target=\"_blank\" rel=\"noreferrer noopener\">CONFIRA OS DETALHES DA VII SAP<\/a><\/p>\n\n\n\n<figure class=\"wp-block-image size-large\"><img loading=\"lazy\" decoding=\"async\" width=\"1280\" height=\"854\" src=\"https:\/\/jundiai.sp.gov.br\/noticias\/wp-content\/uploads\/sites\/32\/2024\/01\/abertura_sap_teatro_polytheama_pa-16-1280x854.jpg\" alt=\"\" class=\"wp-image-336411\" srcset=\"https:\/\/jundiai.sp.gov.br\/noticias\/wp-content\/uploads\/sites\/32\/2024\/01\/abertura_sap_teatro_polytheama_pa-16-1280x854.jpg 1280w, https:\/\/jundiai.sp.gov.br\/noticias\/wp-content\/uploads\/sites\/32\/2024\/01\/abertura_sap_teatro_polytheama_pa-16-300x200.jpg 300w, https:\/\/jundiai.sp.gov.br\/noticias\/wp-content\/uploads\/sites\/32\/2024\/01\/abertura_sap_teatro_polytheama_pa-16-768x512.jpg 768w, https:\/\/jundiai.sp.gov.br\/noticias\/wp-content\/uploads\/sites\/32\/2024\/01\/abertura_sap_teatro_polytheama_pa-16-1536x1024.jpg 1536w, https:\/\/jundiai.sp.gov.br\/noticias\/wp-content\/uploads\/sites\/32\/2024\/01\/abertura_sap_teatro_polytheama_pa-16-450x300.jpg 450w, https:\/\/jundiai.sp.gov.br\/noticias\/wp-content\/uploads\/sites\/32\/2024\/01\/abertura_sap_teatro_polytheama_pa-16.jpg 1900w\" sizes=\"auto, (max-width: 1280px) 100vw, 1280px\" \/><figcaption class=\"wp-element-caption\">Cerim\u00f4nia de abertura ser\u00e1 realizada no Teatro Polytheama, com transmiss\u00e3o ao vivo pela TVTEC <\/figcaption><\/figure>\n\n\n\n<p>Silvia Magalh\u00e3es, diretora do Departamento de Forma\u00e7\u00e3o da UGE, respons\u00e1vel pela organiza\u00e7\u00e3o da SAP, falou do impacto da iniciativa. \u201cTamb\u00e9m como iniciativa do programa Escola Inovadora, a SAP comp\u00f5e a forma\u00e7\u00e3o continuada dos mais de quatro mil servidores da UGE, universo que engloba n\u00e3o somente os professores, mas tamb\u00e9m os demais profissionais que atuam nas unidades escolares, como os agentes de servi\u00e7os operacionais, assistentes de administra\u00e7\u00e3o, cozinheiros, educadores infantis, profissionais de apoio e zeladores, coordena\u00e7\u00e3o e dire\u00e7\u00e3o\u201d.<\/p>\n\n\n\n<p><strong>Programa\u00e7\u00e3o<br><\/strong>A abertura desta edi\u00e7\u00e3o da SAP acontecer\u00e1 no dia 01 de fevereiro (quinta-feira), com cerim\u00f4nia marcada para as 8h, no Teatro Polytheama (rua Bar\u00e3o de Jundia\u00ed, 176 \u2013 Centro). Com as presen\u00e7as do prefeito Luiz Fernando Machado e da gestora de Educa\u00e7\u00e3o, Vast\u00ed Ferrari Marques, e participa\u00e7\u00e3o exclusiva da rede por conta do n\u00famero limitado de assentos, a abertura contar\u00e1 com transmiss\u00e3o ao vivo pelos canais da TVTEC Jundia\u00ed no <a href=\"https:\/\/www.facebook.com\/tvtecjundiai\/?locale=pt_BR\" target=\"_blank\" rel=\"noreferrer noopener\">Facebook<\/a> e <a href=\"http:\/\/www.youtube.com\/@TVTECJundiai\" target=\"_blank\" rel=\"noreferrer noopener\">YouTube<\/a> para os demais interessados.<\/p>\n\n\n\n<p>Para a cerim\u00f4nia, al\u00e9m de apresenta\u00e7\u00f5es culturais e convidados surpresas, est\u00e3o confirmadas ainda as participa\u00e7\u00f5es de Ana Carol Thom\u00e9, Beatriz Ferraz, Eliane Reame, Fernando Trevisani, Gandhy Piorski, Karine Ramos, Levindo Diniz Carvalho, Paula Mendon\u00e7a, Severino Ant\u00f4nio e Valther Maestro, profissionais que despontam no cen\u00e1rio brasileiro da educa\u00e7\u00e3o e que atuaram como autores da publica\u00e7\u00e3o da metodologia do \u201cDesemparedamento da Escola\u201d.<\/p>\n\n\n\n<p>J\u00e1 na sexta-feira (02), segundo dia da SAP, a programa\u00e7\u00e3o ser\u00e1 composta por socializa\u00e7\u00f5es de pr\u00e1ticas do \u201cDesemparedamento da Escola\u201d pela rede municipal. Cada uma das mais de cem unidades escolares ir\u00e1 apresentar suas pr\u00e1ticas vinculadas ao tema, selecionadas para demonstra\u00e7\u00e3o da metodologia para os educadores da rede j\u00e1 inscritos. Haver\u00e1 apresenta\u00e7\u00f5es das pr\u00e1ticas tanto no per\u00edodo da manh\u00e3 \u2013 com in\u00edcio \u00e0s 8h -, quanto da tarde \u2013 a partir das 14h, tamb\u00e9m para educadores da rede j\u00e1 inscritos.<\/p>\n\n\n\n<p>A VII SAP conta, para sua realiza\u00e7\u00e3o, com os apoios da Unidade de Gest\u00e3o de Cultura (UGC), da TVTEC Jundia\u00ed, da Solu\u00e7\u00f5es Moderna e da Ateal.<\/p>\n\n\n\n<figure class=\"wp-block-image size-large\"><img loading=\"lazy\" decoding=\"async\" width=\"1280\" height=\"854\" src=\"https:\/\/jundiai.sp.gov.br\/noticias\/wp-content\/uploads\/sites\/32\/2024\/01\/emeb-professora-aparecida-bernardi-do-amaral-atividade-de-socializacao-entre-familias_fm_-97-1280x854.jpg\" alt=\"\" class=\"wp-image-336415\" srcset=\"https:\/\/jundiai.sp.gov.br\/noticias\/wp-content\/uploads\/sites\/32\/2024\/01\/emeb-professora-aparecida-bernardi-do-amaral-atividade-de-socializacao-entre-familias_fm_-97-1280x854.jpg 1280w, https:\/\/jundiai.sp.gov.br\/noticias\/wp-content\/uploads\/sites\/32\/2024\/01\/emeb-professora-aparecida-bernardi-do-amaral-atividade-de-socializacao-entre-familias_fm_-97-300x200.jpg 300w, https:\/\/jundiai.sp.gov.br\/noticias\/wp-content\/uploads\/sites\/32\/2024\/01\/emeb-professora-aparecida-bernardi-do-amaral-atividade-de-socializacao-entre-familias_fm_-97-768x512.jpg 768w, https:\/\/jundiai.sp.gov.br\/noticias\/wp-content\/uploads\/sites\/32\/2024\/01\/emeb-professora-aparecida-bernardi-do-amaral-atividade-de-socializacao-entre-familias_fm_-97-1536x1024.jpg 1536w, https:\/\/jundiai.sp.gov.br\/noticias\/wp-content\/uploads\/sites\/32\/2024\/01\/emeb-professora-aparecida-bernardi-do-amaral-atividade-de-socializacao-entre-familias_fm_-97-450x300.jpg 450w, https:\/\/jundiai.sp.gov.br\/noticias\/wp-content\/uploads\/sites\/32\/2024\/01\/emeb-professora-aparecida-bernardi-do-amaral-atividade-de-socializacao-entre-familias_fm_-97.jpg 1900w\" sizes=\"auto, (max-width: 1280px) 100vw, 1280px\" \/><figcaption class=\"wp-element-caption\">Segundo dia da programa\u00e7\u00e3o contar\u00e1 com a apresenta\u00e7\u00e3o de pr\u00e1ticas, como o projeto \u201cComidinhas com elementos da natureza\u201d, na Emeb Professora Aparecida Bernardi do Amaral<\/figcaption><\/figure>\n\n\n\n<p><strong>Assessoria de Imprensa<br>Foto: Arquivo PMJ<\/strong><\/p>\n","protected":false},"excerpt":{"rendered":"<p>Com extensa programa\u00e7\u00e3o nos dias 01 e 02 de fevereiro, a Semana de Atualiza\u00e7\u00e3o Pedag\u00f3gica (SAP) da Unidade de Gest\u00e3o de Educa\u00e7\u00e3o (UGE) chega em 2024 \u00e0 sua 7\u00aa edi\u00e7\u00e3o, com o tema \u201cDesemparedamento da Escola: a qualidade do ensino nos contextos do Programa Escola Inovadora\u201d. \u201cUma pr\u00e1tica da gest\u00e3o desde 2018, como forma de [&hellip;]<\/p>\n","protected":false},"author":14,"featured_media":336411,"comment_status":"closed","ping_status":"0","sticky":false,"template":"","format":"standard","meta":{"footnotes":""},"categories":[2],"tags":[29,2348,6,630,1061,3748,98,1035,4418],"ods":[],"class_list":["post-336409","post","type-post","status-publish","format-standard","has-post-thumbnail","hentry","category-noticias","tag-cultura","tag-desemparedamento-da-escola","tag-educacao","tag-emeb","tag-escola-inovadora","tag-semana-de-atualizacao-pedagogica-sap","tag-teatro-polytheama","tag-tvtec","tag-vii-sap"],"_links":{"self":[{"href":"https:\/\/jundiai.sp.gov.br\/noticias\/wp-json\/wp\/v2\/posts\/336409","targetHints":{"allow":["GET"]}}],"collection":[{"href":"https:\/\/jundiai.sp.gov.br\/noticias\/wp-json\/wp\/v2\/posts"}],"about":[{"href":"https:\/\/jundiai.sp.gov.br\/noticias\/wp-json\/wp\/v2\/types\/post"}],"author":[{"embeddable":true,"href":"https:\/\/jundiai.sp.gov.br\/noticias\/wp-json\/wp\/v2\/users\/14"}],"replies":[{"embeddable":true,"href":"https:\/\/jundiai.sp.gov.br\/noticias\/wp-json\/wp\/v2\/comments?post=336409"}],"version-history":[{"count":9,"href":"https:\/\/jundiai.sp.gov.br\/noticias\/wp-json\/wp\/v2\/posts\/336409\/revisions"}],"predecessor-version":[{"id":336574,"href":"https:\/\/jundiai.sp.gov.br\/noticias\/wp-json\/wp\/v2\/posts\/336409\/revisions\/336574"}],"wp:featuredmedia":[{"embeddable":true,"href":"https:\/\/jundiai.sp.gov.br\/noticias\/wp-json\/wp\/v2\/media\/336411"}],"wp:attachment":[{"href":"https:\/\/jundiai.sp.gov.br\/noticias\/wp-json\/wp\/v2\/media?parent=336409"}],"wp:term":[{"taxonomy":"category","embeddable":true,"href":"https:\/\/jundiai.sp.gov.br\/noticias\/wp-json\/wp\/v2\/categories?post=336409"},{"taxonomy":"post_tag","embeddable":true,"href":"https:\/\/jundiai.sp.gov.br\/noticias\/wp-json\/wp\/v2\/tags?post=336409"},{"taxonomy":"ods","embeddable":true,"href":"https:\/\/jundiai.sp.gov.br\/noticias\/wp-json\/wp\/v2\/ods?post=336409"}],"curies":[{"name":"wp","href":"https:\/\/api.w.org\/{rel}","templated":true}]}}