{"id":336483,"date":"2024-01-24T12:06:40","date_gmt":"2024-01-24T15:06:40","guid":{"rendered":"https:\/\/jundiai.sp.gov.br\/noticias\/?p=336483"},"modified":"2024-01-24T12:06:40","modified_gmt":"2024-01-24T15:06:40","slug":"primeira-reuniao-de-monitoramento-do-ano-foca-em-entregas-previstas-para-2024","status":"publish","type":"post","link":"https:\/\/jundiai.sp.gov.br\/noticias\/2024\/01\/24\/primeira-reuniao-de-monitoramento-do-ano-foca-em-entregas-previstas-para-2024\/","title":{"rendered":"Primeira reuni\u00e3o de monitoramento do ano foca em entregas previstas para 2024"},"content":{"rendered":"\n<p>O gestor de Governo e Finan\u00e7as, Jos\u00e9 Antonio Parimoschi, comandou, nesta semana, a primeira reuni\u00e3o de monitoramento de projetos de 2024. O encontrou, que reuniu os demais gestores e seus respectivos gerentes de projetos, foi focado nas principais entregas a serem realizadas para a popula\u00e7\u00e3o neste ano. Este modelo foi implantado em 2017 e visa solucionar as pend\u00eancias e dar celeridade aos processos.<\/p>\n\n\n\n<p>Entre as obras destacadas foram citadas a Cl\u00ednica da Fam\u00edlia e o Pronto Atendimento da Ponte S\u00e3o Jo\u00e3o; o Pronto Atendimento e o Centro de Especialidades M\u00e9dicas da Vila Progresso; o Centro Integrado de Emerg\u00eancia e Seguran\u00e7a (CIES); a Pra\u00e7a Dom Pedro, como parte do processo de revitaliza\u00e7\u00e3o da regi\u00e3o central; o Complexo Vi\u00e1rio da Regi\u00e3o Sul; al\u00e9m do reservat\u00f3rio de \u00e1gua no Ivoturucaia e adutoras e boosters nos bairros Champirra e Mato Dentro.<\/p>\n\n\n\n<figure class=\"wp-block-image size-large\"><img loading=\"lazy\" decoding=\"async\" width=\"1280\" height=\"854\" src=\"https:\/\/jundiai.sp.gov.br\/noticias\/wp-content\/uploads\/sites\/32\/2024\/01\/31-rodada-de-reunioes-de-monitoramento_fm_-64-1280x854.jpg\" alt=\"\" class=\"wp-image-336484\" srcset=\"https:\/\/jundiai.sp.gov.br\/noticias\/wp-content\/uploads\/sites\/32\/2024\/01\/31-rodada-de-reunioes-de-monitoramento_fm_-64-1280x854.jpg 1280w, https:\/\/jundiai.sp.gov.br\/noticias\/wp-content\/uploads\/sites\/32\/2024\/01\/31-rodada-de-reunioes-de-monitoramento_fm_-64-300x200.jpg 300w, https:\/\/jundiai.sp.gov.br\/noticias\/wp-content\/uploads\/sites\/32\/2024\/01\/31-rodada-de-reunioes-de-monitoramento_fm_-64-768x512.jpg 768w, https:\/\/jundiai.sp.gov.br\/noticias\/wp-content\/uploads\/sites\/32\/2024\/01\/31-rodada-de-reunioes-de-monitoramento_fm_-64-1536x1024.jpg 1536w, https:\/\/jundiai.sp.gov.br\/noticias\/wp-content\/uploads\/sites\/32\/2024\/01\/31-rodada-de-reunioes-de-monitoramento_fm_-64-450x300.jpg 450w, https:\/\/jundiai.sp.gov.br\/noticias\/wp-content\/uploads\/sites\/32\/2024\/01\/31-rodada-de-reunioes-de-monitoramento_fm_-64.jpg 1900w\" sizes=\"auto, (max-width: 1280px) 100vw, 1280px\" \/><figcaption class=\"wp-element-caption\">Representantes de todas as Unidades de Gest\u00e3o atualizaram o andamento dos projetos para 2024<\/figcaption><\/figure>\n\n\n\n<p>\u201cA participa\u00e7\u00e3o de representantes das plataformas de governo garante mais agilidade ao trabalho e efetividade na resolu\u00e7\u00e3o dos gargalos existentes em cada um dos projetos. Em 2024, temos mais uma s\u00e9rie de entregas programadas para diversas \u00e1reas, que ir\u00e3o melhorar a qualidade do servi\u00e7o p\u00fablico prestado e a qualidade de vida do cidad\u00e3o\u201d, comenta Parimoschi.<\/p>\n\n\n\n<p>Todos os projetos s\u00e3o acompanhados diariamente pelo Escrit\u00f3rio Central de Projetos (ECP), estrutura implantada ainda em 2017 pela gest\u00e3o\u00a0com o intuito de otimizar os recursos p\u00fablicos e agilizar as entregas.\u00a0Eles est\u00e3o dispon\u00edveis para acompanhamento do mun\u00edcipe pelo <a href=\"https:\/\/observatorio.jundiai.sp.gov.br\/\" data-type=\"link\" data-id=\"https:\/\/observatorio.jundiai.sp.gov.br\/\" target=\"_blank\" rel=\"noreferrer noopener\">Observat\u00f3rio Jundia\u00ed.<\/a><\/p>\n\n\n\n<p><strong>Assessoria de Imprensa<br>Foto: Fot\u00f3grafo PMJ<\/strong><\/p>\n","protected":false},"excerpt":{"rendered":"<p>O gestor de Governo e Finan\u00e7as, Jos\u00e9 Antonio Parimoschi, comandou, nesta semana, a primeira reuni\u00e3o de monitoramento de projetos de 2024. O encontrou, que reuniu os demais gestores e seus respectivos gerentes de projetos, foi focado nas principais entregas a serem realizadas para a popula\u00e7\u00e3o neste ano. Este modelo foi implantado em 2017 e visa [&hellip;]<\/p>\n","protected":false},"author":90,"featured_media":336484,"comment_status":"closed","ping_status":"0","sticky":false,"template":"","format":"standard","meta":{"footnotes":""},"categories":[2],"tags":[2663,4290],"ods":[],"class_list":["post-336483","post","type-post","status-publish","format-standard","has-post-thumbnail","hentry","category-noticias","tag-reuniao-de-monitoramento","tag-uggf"],"_links":{"self":[{"href":"https:\/\/jundiai.sp.gov.br\/noticias\/wp-json\/wp\/v2\/posts\/336483","targetHints":{"allow":["GET"]}}],"collection":[{"href":"https:\/\/jundiai.sp.gov.br\/noticias\/wp-json\/wp\/v2\/posts"}],"about":[{"href":"https:\/\/jundiai.sp.gov.br\/noticias\/wp-json\/wp\/v2\/types\/post"}],"author":[{"embeddable":true,"href":"https:\/\/jundiai.sp.gov.br\/noticias\/wp-json\/wp\/v2\/users\/90"}],"replies":[{"embeddable":true,"href":"https:\/\/jundiai.sp.gov.br\/noticias\/wp-json\/wp\/v2\/comments?post=336483"}],"version-history":[{"count":1,"href":"https:\/\/jundiai.sp.gov.br\/noticias\/wp-json\/wp\/v2\/posts\/336483\/revisions"}],"predecessor-version":[{"id":336485,"href":"https:\/\/jundiai.sp.gov.br\/noticias\/wp-json\/wp\/v2\/posts\/336483\/revisions\/336485"}],"wp:featuredmedia":[{"embeddable":true,"href":"https:\/\/jundiai.sp.gov.br\/noticias\/wp-json\/wp\/v2\/media\/336484"}],"wp:attachment":[{"href":"https:\/\/jundiai.sp.gov.br\/noticias\/wp-json\/wp\/v2\/media?parent=336483"}],"wp:term":[{"taxonomy":"category","embeddable":true,"href":"https:\/\/jundiai.sp.gov.br\/noticias\/wp-json\/wp\/v2\/categories?post=336483"},{"taxonomy":"post_tag","embeddable":true,"href":"https:\/\/jundiai.sp.gov.br\/noticias\/wp-json\/wp\/v2\/tags?post=336483"},{"taxonomy":"ods","embeddable":true,"href":"https:\/\/jundiai.sp.gov.br\/noticias\/wp-json\/wp\/v2\/ods?post=336483"}],"curies":[{"name":"wp","href":"https:\/\/api.w.org\/{rel}","templated":true}]}}