{"id":336735,"date":"2024-01-26T18:25:20","date_gmt":"2024-01-26T21:25:20","guid":{"rendered":"https:\/\/jundiai.sp.gov.br\/noticias\/?p=336735"},"modified":"2024-01-26T18:25:20","modified_gmt":"2024-01-26T21:25:20","slug":"cultura-reabre-museu-com-exposicao-inovadora-sobre-suas-instalacoes","status":"publish","type":"post","link":"https:\/\/jundiai.sp.gov.br\/noticias\/2024\/01\/26\/cultura-reabre-museu-com-exposicao-inovadora-sobre-suas-instalacoes\/","title":{"rendered":"Cultura reabre Museu com exposi\u00e7\u00e3o inovadora sobre suas instala\u00e7\u00f5es"},"content":{"rendered":"\n<p>Depois do sucesso de p\u00fablico e de cr\u00edtica com as exposi\u00e7\u00f5es sobre o Holocausto e de Pres\u00e9pios, o Museu Hist\u00f3rico e Cultural \u2013 Solar do Bar\u00e3o reabre neste s\u00e1bado (27), a partir das 10h, com uma proposta inovadora e disruptiva. Para a reabertura, a exposi\u00e7\u00e3o programada pela Unidade de Gest\u00e3o de Cultura (UGC) consiste em permitir ao p\u00fablico percorrer todas as salas do Museu sem uma exposi\u00e7\u00e3o montada, mas sim pelas instala\u00e7\u00f5es e ambi\u00eancias do pr\u00e9dio hist\u00f3rico.<\/p>\n\n\n\n<p>\u201cTrata-se de uma proposta inovadora e metalingu\u00edstica, que ressalta o patrim\u00f4nio enquanto motivo da visita, e permite que o p\u00fablico observe a sua arquitetura, reflita sobre as suas instala\u00e7\u00f5es e analise os reflexos do passado estampados em suas paredes, teto e pavimento\u201d, explicou o gestor de Cultura, Marcelo Peroni.<\/p>\n\n\n\n<figure class=\"wp-block-image size-large\"><img loading=\"lazy\" decoding=\"async\" width=\"1280\" height=\"813\" src=\"https:\/\/jundiai.sp.gov.br\/noticias\/wp-content\/uploads\/sites\/32\/2024\/01\/solar-do_barao_interno_vazio-1280x813.jpg\" alt=\"\" class=\"wp-image-336737\" srcset=\"https:\/\/jundiai.sp.gov.br\/noticias\/wp-content\/uploads\/sites\/32\/2024\/01\/solar-do_barao_interno_vazio-1280x813.jpg 1280w, https:\/\/jundiai.sp.gov.br\/noticias\/wp-content\/uploads\/sites\/32\/2024\/01\/solar-do_barao_interno_vazio-300x191.jpg 300w, https:\/\/jundiai.sp.gov.br\/noticias\/wp-content\/uploads\/sites\/32\/2024\/01\/solar-do_barao_interno_vazio-768x488.jpg 768w, https:\/\/jundiai.sp.gov.br\/noticias\/wp-content\/uploads\/sites\/32\/2024\/01\/solar-do_barao_interno_vazio-1536x976.jpg 1536w, https:\/\/jundiai.sp.gov.br\/noticias\/wp-content\/uploads\/sites\/32\/2024\/01\/solar-do_barao_interno_vazio.jpg 1900w\" sizes=\"auto, (max-width: 1280px) 100vw, 1280px\" \/><figcaption class=\"wp-element-caption\">Visitante poder\u00e1 percorrer e conferir os detalhes do pr\u00e9dio hist\u00f3rico<\/figcaption><\/figure>\n\n\n\n<p>Peroni explica ainda que a proposta integra um cronograma previsto pela UGC para este ano. \u201cNeste momento, o visitante que for ao Museu poder\u00e1 ser acompanhado pela equipe do Departamento de Museus para esclarecimentos. Em seguida, a ideia \u00e9 que o receptivo da visita seja feito por elenco com figurino de \u00e9poca, aprimorando ainda mais a experi\u00eancia do visitante. At\u00e9 que, ainda no primeiro semestre, o espa\u00e7o receba a exposi\u00e7\u00e3o que ficar\u00e1 em cartaz ao longo de todo o ano, sobre os per\u00edodos Colonial e Imperial do Munic\u00edpio\u201d, concluiu.<\/p>\n\n\n\n<p>O Solar do Bar\u00e3o, pr\u00e9dio onde fica instalado o Museu Hist\u00f3rico e Cultural, teve sua constru\u00e7\u00e3o iniciada na d\u00e9cada de 1790 e serviu de resid\u00eancia para os Queiroz Telles, expoente fam\u00edlia da aristocracia cafeeira e canavieira do interior paulista. Sua fachada e estrutura atuais resultam de reforma na d\u00e9cada de 1860 e, desde 1970, o espa\u00e7o \u00e9 tombado pelo Conselho de Defesa do Patrim\u00f4nio Hist\u00f3rico, Arqueol\u00f3gico, Art\u00edstico e Tur\u00edstico (Condephaat).<\/p>\n\n\n\n<p>O Museu fica na rua Bar\u00e3o de Jundia\u00ed, 762 \u2013 Centro e seu hor\u00e1rio de funcionamento \u00e9 de ter\u00e7a-feira a domingo, das 10h \u00e0s 17h. Mais informa\u00e7\u00f5es podem ser obtidas pelo telefone 4521-6259.<\/p>\n\n\n\n<p><strong>Assessoria de Imprensa<br>Fotos: Arquivo PMJ <\/strong><\/p>\n","protected":false},"excerpt":{"rendered":"<p>Depois do sucesso de p\u00fablico e de cr\u00edtica com as exposi\u00e7\u00f5es sobre o Holocausto e de Pres\u00e9pios, o Museu Hist\u00f3rico e Cultural \u2013 Solar do Bar\u00e3o reabre neste s\u00e1bado (27), a partir das 10h, com uma proposta inovadora e disruptiva. Para a reabertura, a exposi\u00e7\u00e3o programada pela Unidade de Gest\u00e3o de Cultura (UGC) consiste em [&hellip;]<\/p>\n","protected":false},"author":14,"featured_media":336736,"comment_status":"closed","ping_status":"0","sticky":false,"template":"","format":"standard","meta":{"footnotes":""},"categories":[2],"tags":[29,423,290],"ods":[],"class_list":["post-336735","post","type-post","status-publish","format-standard","has-post-thumbnail","hentry","category-noticias","tag-cultura","tag-exposicao","tag-museu-historico-e-cultural-solar-do-barao"],"_links":{"self":[{"href":"https:\/\/jundiai.sp.gov.br\/noticias\/wp-json\/wp\/v2\/posts\/336735","targetHints":{"allow":["GET"]}}],"collection":[{"href":"https:\/\/jundiai.sp.gov.br\/noticias\/wp-json\/wp\/v2\/posts"}],"about":[{"href":"https:\/\/jundiai.sp.gov.br\/noticias\/wp-json\/wp\/v2\/types\/post"}],"author":[{"embeddable":true,"href":"https:\/\/jundiai.sp.gov.br\/noticias\/wp-json\/wp\/v2\/users\/14"}],"replies":[{"embeddable":true,"href":"https:\/\/jundiai.sp.gov.br\/noticias\/wp-json\/wp\/v2\/comments?post=336735"}],"version-history":[{"count":1,"href":"https:\/\/jundiai.sp.gov.br\/noticias\/wp-json\/wp\/v2\/posts\/336735\/revisions"}],"predecessor-version":[{"id":336738,"href":"https:\/\/jundiai.sp.gov.br\/noticias\/wp-json\/wp\/v2\/posts\/336735\/revisions\/336738"}],"wp:featuredmedia":[{"embeddable":true,"href":"https:\/\/jundiai.sp.gov.br\/noticias\/wp-json\/wp\/v2\/media\/336736"}],"wp:attachment":[{"href":"https:\/\/jundiai.sp.gov.br\/noticias\/wp-json\/wp\/v2\/media?parent=336735"}],"wp:term":[{"taxonomy":"category","embeddable":true,"href":"https:\/\/jundiai.sp.gov.br\/noticias\/wp-json\/wp\/v2\/categories?post=336735"},{"taxonomy":"post_tag","embeddable":true,"href":"https:\/\/jundiai.sp.gov.br\/noticias\/wp-json\/wp\/v2\/tags?post=336735"},{"taxonomy":"ods","embeddable":true,"href":"https:\/\/jundiai.sp.gov.br\/noticias\/wp-json\/wp\/v2\/ods?post=336735"}],"curies":[{"name":"wp","href":"https:\/\/api.w.org\/{rel}","templated":true}]}}