{"id":337001,"date":"2024-01-31T17:37:49","date_gmt":"2024-01-31T20:37:49","guid":{"rendered":"https:\/\/jundiai.sp.gov.br\/noticias\/?p=337001"},"modified":"2024-02-03T11:49:21","modified_gmt":"2024-02-03T14:49:21","slug":"festa-da-uva-garante-programacao-cultural-especial-para-seu-ultimo-final-de-semana","status":"publish","type":"post","link":"https:\/\/jundiai.sp.gov.br\/noticias\/2024\/01\/31\/festa-da-uva-garante-programacao-cultural-especial-para-seu-ultimo-final-de-semana\/","title":{"rendered":"Festa da Uva garante programa\u00e7\u00e3o cultural especial para seu \u00faltimo final de semana"},"content":{"rendered":"\n<p>A <a href=\"https:\/\/festadauva.jundiai.sp.gov.br\/\" target=\"_blank\" rel=\"noreferrer noopener\">39\u00aa Festa da Uva e 10\u00aa Expo Vinhos<\/a> chega ao seu quarto e \u00faltimo final de semana, com n\u00fameros recordes de p\u00fablico e uma programa\u00e7\u00e3o especial para os futuros visitantes.<\/p>\n\n\n\n<p><a href=\"https:\/\/5by.me\/festadauva\/programacao\/\" target=\"_blank\" rel=\"noreferrer noopener\">CONFIRA A PROGRAMA\u00c7\u00c3O COMPLETA<\/a> <\/p>\n\n\n\n<p>Entre os destaques da programa\u00e7\u00e3o gratuita est\u00e1 a <a href=\"https:\/\/jundiai.sp.gov.br\/noticias\/2024\/01\/30\/eleicao-da-corte-da-alegria-sera-neste-domingo-04-ultimo-dia-de-festa-da-uva\/\">elei\u00e7\u00e3o da Corte da Alegria do Carnaval<\/a>, que ser\u00e1 realizada no Palco do Samba \u2013 Uva Bord\u00f4, no domingo (04), a partir das 15h, com as participa\u00e7\u00f5es das escolas de samba e blocos de rua de Jundia\u00ed.<\/p>\n\n\n\n<figure class=\"wp-block-image size-large\"><img loading=\"lazy\" decoding=\"async\" width=\"1280\" height=\"720\" src=\"https:\/\/jundiai.sp.gov.br\/noticias\/wp-content\/uploads\/sites\/32\/2024\/01\/festa_da_uva_espaco-das-criancas-uva-ribas-1280x720.jpg\" alt=\"\" class=\"wp-image-337016\" srcset=\"https:\/\/jundiai.sp.gov.br\/noticias\/wp-content\/uploads\/sites\/32\/2024\/01\/festa_da_uva_espaco-das-criancas-uva-ribas-1280x720.jpg 1280w, https:\/\/jundiai.sp.gov.br\/noticias\/wp-content\/uploads\/sites\/32\/2024\/01\/festa_da_uva_espaco-das-criancas-uva-ribas-300x169.jpg 300w, https:\/\/jundiai.sp.gov.br\/noticias\/wp-content\/uploads\/sites\/32\/2024\/01\/festa_da_uva_espaco-das-criancas-uva-ribas-768x432.jpg 768w, https:\/\/jundiai.sp.gov.br\/noticias\/wp-content\/uploads\/sites\/32\/2024\/01\/festa_da_uva_espaco-das-criancas-uva-ribas-1536x864.jpg 1536w, https:\/\/jundiai.sp.gov.br\/noticias\/wp-content\/uploads\/sites\/32\/2024\/01\/festa_da_uva_espaco-das-criancas-uva-ribas.jpg 1900w\" sizes=\"auto, (max-width: 1280px) 100vw, 1280px\" \/><figcaption class=\"wp-element-caption\">Espa\u00e7o das Crian\u00e7as \u2013 Uva Ribas, no coreto pr\u00f3ximo ao Fundo Social de Solidariedade, \u00e9 um dos palcos da Festa <\/figcaption><\/figure>\n\n\n\n<p>Este fim de semana ter\u00e1 ainda a participa\u00e7\u00e3o especial dos corpos art\u00edsticos municipais, que se apresentar\u00e3o no Palco Interno \u2013 Uva Niagara Rosada de Jundiahy: no s\u00e1bado (03) o Coral Infantojuvenil Cidade das Crian\u00e7as e o Coral Municipal (adulto) apresentam-se a partir das 16h; e, no domingo (04), a Cia. Jovem de Dan\u00e7a apresenta, \u00e0s 11h, uma vers\u00e3o adaptada de <a href=\"https:\/\/jundiai.sp.gov.br\/noticias\/2024\/01\/31\/cia-jovem-de-danca-vence-mais-um-premio-apca-desta-vez-como-melhor-espetaculo\/\">\u201cDan\u00e7a pra Lua\u201d, coreografia com a qual acaba de ganhar o renomado Pr\u00eamio APCA<\/a>.<\/p>\n\n\n\n<p>Sem falar das programa\u00e7\u00f5es que ao longo dos \u00faltimos tr\u00eas finais de semana t\u00eam agradado os cerca de 170 mil visitantes que j\u00e1 estiveram no Parque, que s\u00e3o: aos s\u00e1bados e domingos, o show dos I Cantanti d\u2019Italia, \u00e0s 12h30; a Pisa da Uva, com as participa\u00e7\u00f5es especiais da Corte da Uva e do Grupo Folklor\u00edstico Stella Bianca, a partir das 14h30; o Cortejo da Uva, a partir das 16h30; e o Brinde ao P\u00f4r do Sol, \u00e0s 17h15.<\/p>\n\n\n\n<p><strong>Programa\u00e7\u00e3o musical<\/strong><br>Para esta sexta-feira (02), a programa\u00e7\u00e3o especial ser\u00e1 composta por Big Chico Blues Band (Blues), Boxx80 (Pop Rock), escola de samba Caprichosos de Jundia\u00ed, Serelepe (Forr\u00f3 P\u00e9 de Serra), Reprise In\u00e9dita (Rock) e Musikando Kids (M\u00fasicas Infantis).<\/p>\n\n\n\n<figure class=\"wp-block-image size-large\"><img loading=\"lazy\" decoding=\"async\" width=\"1280\" height=\"854\" src=\"https:\/\/jundiai.sp.gov.br\/noticias\/wp-content\/uploads\/sites\/32\/2024\/01\/festa-da-uva-39o-edicao_2o-final-de-semana-74-1-1280x854.jpg\" alt=\"\" class=\"wp-image-337017\" srcset=\"https:\/\/jundiai.sp.gov.br\/noticias\/wp-content\/uploads\/sites\/32\/2024\/01\/festa-da-uva-39o-edicao_2o-final-de-semana-74-1-1280x854.jpg 1280w, https:\/\/jundiai.sp.gov.br\/noticias\/wp-content\/uploads\/sites\/32\/2024\/01\/festa-da-uva-39o-edicao_2o-final-de-semana-74-1-300x200.jpg 300w, https:\/\/jundiai.sp.gov.br\/noticias\/wp-content\/uploads\/sites\/32\/2024\/01\/festa-da-uva-39o-edicao_2o-final-de-semana-74-1-768x512.jpg 768w, https:\/\/jundiai.sp.gov.br\/noticias\/wp-content\/uploads\/sites\/32\/2024\/01\/festa-da-uva-39o-edicao_2o-final-de-semana-74-1-1536x1024.jpg 1536w, https:\/\/jundiai.sp.gov.br\/noticias\/wp-content\/uploads\/sites\/32\/2024\/01\/festa-da-uva-39o-edicao_2o-final-de-semana-74-1-450x300.jpg 450w, https:\/\/jundiai.sp.gov.br\/noticias\/wp-content\/uploads\/sites\/32\/2024\/01\/festa-da-uva-39o-edicao_2o-final-de-semana-74-1.jpg 1900w\" sizes=\"auto, (max-width: 1280px) 100vw, 1280px\" \/><figcaption class=\"wp-element-caption\">Aos s\u00e1bados e domingos, a Pisa da Uva no Palco Interno &#8211; Uva Niagara Rosada de Jundiahy come\u00e7a \u00e0s 14h30 <\/figcaption><\/figure>\n\n\n\n<p>J\u00e1 neste s\u00e1bado (03), sobem aos palcos da Festa as seguintes bandas: Oxidade (Pop, Rock e MPB), F\u00e1bio Rog\u00e9rio 105 FM (Samba Rock e Black Music), Estado Imagin\u00e1rio (Rock), bloco de rua Carne com Queijo, Ladies of Rock (Pop Rock), A Bandinha da Cotonete Maria (Circenses, Jazz e Infantil), Corais Municipais de Jundia\u00ed, Montuno (M\u00fasica Latina), Maria P\u00e9rola (M\u00fasica Nordestina), Samba da Minha Terra, 288 &#8211; Projeto Hip Hop Kids (Rap Infantil), The Fers Rock Band (Classic e Pop Rock), Luiza Miana (Jazz, Bossa Nova e Samba), escola de samba Le\u00f5es da Hortol\u00e2ndia e Hollyband (Rock anos 80).<\/p>\n\n\n\n<p>\u00c0s 15h, no Palco do Samba, tamb\u00e9m faz parte da programa\u00e7\u00e3o como convidada a escola de samba Mocidade Alegre, campe\u00e3 do Carnaval de S\u00e3o Paulo em 2023, e que trar\u00e1 a Jundia\u00ed sua bateria, passistas e casal de mestre sala e porta bandeira.<\/p>\n\n\n\n<p><a href=\"https:\/\/www.flickr.com\/photos\/prefeituradejundiai\/albums\/72177720314428077\" target=\"_blank\" rel=\"noreferrer noopener\">CONFIRA AS FOTOS DO 3\u00ba FINAL DE SEMANA DA FESTA<\/a> <\/p>\n\n\n\n<p>E no domingo (04), para fechar com chave de ouro uma das festas mais tradicionais da cidade, as apresenta\u00e7\u00f5es ficar\u00e3o a cargo de: Johnny Faria Trio (Blues Rock), escola de samba Uni\u00e3o do Povo, Firebird (Pop Rock), Bateria Show Reis Do Samba, Quatro Caras e Meio (Classic Rock), Sess\u00e3o Alternativa (Soul), Shelly Simon &amp; Banda (Tributo a Amy Winehouse e Janis Joplin), \u201cBlokids\u201d com a 4 Banda (M\u00fasicas de Carnaval), Old Chevy (Vintage Rock), Studio 54 com a Fam\u00edlia Flashback, e a escola de samba Arco \u00cdris.<\/p>\n\n\n\n<p><strong>Interven\u00e7\u00f5es e brincadeiras &nbsp;<\/strong><br>Entre apresenta\u00e7\u00f5es nos cinco palcos e as diversas ruas do Parque, as interven\u00e7\u00f5es art\u00edsticas, conta\u00e7\u00f5es de hist\u00f3rias, espet\u00e1culos teatrais, apresenta\u00e7\u00f5es de dan\u00e7a, shows e brincadeiras do encerramento da Festa ficar\u00e3o por conta de: T\u00e1 na hora das Lendas Ind\u00edgenas, Cia. Ca\u00e7a Vento de Artes, Cortejo de Los Muertos, Fora da Casinha, A Fuga dos Bonecos da Cia. Casulo, Cortejo do N\u00facleo Preto de Artes Afro-Diasp\u00f3ricas, Amorah, Coletivo Contactus, IOA Dan\u00e7a, Academia Dance Company, Baillare Est\u00fadio de Dan\u00e7a, Cia. Alya, Improvisamba, O Canga\u00e7o, Eventos A.G.P., Cortejo da Claquete Cia. Teatral, Poesias Vivas, Coletivo #PretaEU, Cortejo da Povoada Ajeum N\u00facleo de Artes, Palavras Doces, Itan Irun (cortejo de tran\u00e7as), Nas Trilhas do Vinho, Banda dos Palha\u00e7os Rick Kelly (Infantil), Ricordare, Cortejo Ind\u00edgena Cia. Clio Evo\u00e9, Cortejo Saia do Mar &#8211; Venha Brincar na Areia e Poesias Vivas.<\/p>\n\n\n\n<p>No Palco Externo &#8211; Uva Isabel, est\u00e3o ainda programadas as chegadas dos passeios do Encontro de Fuscas, no s\u00e1bado (03), e do Encontro de Carros Antigos, no domingo (04). Os participantes saem do Pa\u00e7o Municipal \u00e0s 10h e, uma vez no Parque, ficam estacionados na \u00e1rea do Palco Externo at\u00e9 as 15h, para intera\u00e7\u00e3o do p\u00fablico.<\/p>\n\n\n\n<figure class=\"wp-block-image size-large\"><img loading=\"lazy\" decoding=\"async\" width=\"1280\" height=\"854\" src=\"https:\/\/jundiai.sp.gov.br\/noticias\/wp-content\/uploads\/sites\/32\/2024\/01\/39o-festa-da-uva-3o-final-de-semama-105-1280x854.jpg\" alt=\"\" class=\"wp-image-337018\" srcset=\"https:\/\/jundiai.sp.gov.br\/noticias\/wp-content\/uploads\/sites\/32\/2024\/01\/39o-festa-da-uva-3o-final-de-semama-105-1280x854.jpg 1280w, https:\/\/jundiai.sp.gov.br\/noticias\/wp-content\/uploads\/sites\/32\/2024\/01\/39o-festa-da-uva-3o-final-de-semama-105-300x200.jpg 300w, https:\/\/jundiai.sp.gov.br\/noticias\/wp-content\/uploads\/sites\/32\/2024\/01\/39o-festa-da-uva-3o-final-de-semama-105-768x512.jpg 768w, https:\/\/jundiai.sp.gov.br\/noticias\/wp-content\/uploads\/sites\/32\/2024\/01\/39o-festa-da-uva-3o-final-de-semama-105-1536x1024.jpg 1536w, https:\/\/jundiai.sp.gov.br\/noticias\/wp-content\/uploads\/sites\/32\/2024\/01\/39o-festa-da-uva-3o-final-de-semama-105-450x300.jpg 450w, https:\/\/jundiai.sp.gov.br\/noticias\/wp-content\/uploads\/sites\/32\/2024\/01\/39o-festa-da-uva-3o-final-de-semama-105.jpg 1900w\" sizes=\"auto, (max-width: 1280px) 100vw, 1280px\" \/><figcaption class=\"wp-element-caption\">Elei\u00e7\u00e3o da Corte da Alegria do Carnaval 2024 ser\u00e1 feira no Palco do Samba \u2013 Uva Bord\u00f4<\/figcaption><\/figure>\n\n\n\n<p><strong>A Festa<\/strong><br>O Parque da Uva fica na avenida Jundia\u00ed, s\/n \u2013 Anhangaba\u00fa e a entrada \u00e9 gratuita, com os seguintes hor\u00e1rios de funcionamento sexta-feira (02), das 18h \u00e0s 22h; este s\u00e1bado (03), das 10h \u00e0s 22h; e este domingo (04), das 10h \u00e0s 21h. Como a\u00e7\u00e3o solid\u00e1ria, o visitante poder\u00e1 fazer a doa\u00e7\u00e3o de alimentos n\u00e3o perec\u00edveis logo na entrada do Parque e que ser\u00e3o revertidos para o Fundo Social de Solidariedade (Funss).<\/p>\n\n\n\n<p>Os detalhes da programa\u00e7\u00e3o completa podem ser conferidos no <a href=\"https:\/\/festadauva.jundiai.sp.gov.br\/\" target=\"_blank\" rel=\"noreferrer noopener\">site da Festa<\/a>.<\/p>\n\n\n\n<figure class=\"wp-block-gallery has-nested-images columns-default is-cropped wp-block-gallery-1 is-layout-flex wp-block-gallery-is-layout-flex\">\n<figure class=\"wp-block-image size-large\"><a href=\"https:\/\/jundiai.sp.gov.br\/noticias\/wp-content\/uploads\/sites\/32\/2024\/01\/sala-gloria-rocha_poesia-em-canto_coral-municipal-de-jundiai-20.jpg\"><img loading=\"lazy\" decoding=\"async\" width=\"1280\" height=\"854\" data-id=\"337021\" src=\"https:\/\/jundiai.sp.gov.br\/noticias\/wp-content\/uploads\/sites\/32\/2024\/01\/sala-gloria-rocha_poesia-em-canto_coral-municipal-de-jundiai-20-1280x854.jpg\" alt=\"\" class=\"wp-image-337021\" srcset=\"https:\/\/jundiai.sp.gov.br\/noticias\/wp-content\/uploads\/sites\/32\/2024\/01\/sala-gloria-rocha_poesia-em-canto_coral-municipal-de-jundiai-20-1280x854.jpg 1280w, https:\/\/jundiai.sp.gov.br\/noticias\/wp-content\/uploads\/sites\/32\/2024\/01\/sala-gloria-rocha_poesia-em-canto_coral-municipal-de-jundiai-20-300x200.jpg 300w, https:\/\/jundiai.sp.gov.br\/noticias\/wp-content\/uploads\/sites\/32\/2024\/01\/sala-gloria-rocha_poesia-em-canto_coral-municipal-de-jundiai-20-768x512.jpg 768w, https:\/\/jundiai.sp.gov.br\/noticias\/wp-content\/uploads\/sites\/32\/2024\/01\/sala-gloria-rocha_poesia-em-canto_coral-municipal-de-jundiai-20-1536x1024.jpg 1536w, https:\/\/jundiai.sp.gov.br\/noticias\/wp-content\/uploads\/sites\/32\/2024\/01\/sala-gloria-rocha_poesia-em-canto_coral-municipal-de-jundiai-20-450x300.jpg 450w, https:\/\/jundiai.sp.gov.br\/noticias\/wp-content\/uploads\/sites\/32\/2024\/01\/sala-gloria-rocha_poesia-em-canto_coral-municipal-de-jundiai-20.jpg 1900w\" sizes=\"auto, (max-width: 1280px) 100vw, 1280px\" \/><\/a><\/figure>\n\n\n\n<figure class=\"wp-block-image size-large\"><a href=\"https:\/\/jundiai.sp.gov.br\/noticias\/wp-content\/uploads\/sites\/32\/2024\/01\/danca_pra_lua_cia_jovem_de_danca.jpg\"><img loading=\"lazy\" decoding=\"async\" width=\"1280\" height=\"854\" data-id=\"337022\" src=\"https:\/\/jundiai.sp.gov.br\/noticias\/wp-content\/uploads\/sites\/32\/2024\/01\/danca_pra_lua_cia_jovem_de_danca-1280x854.jpg\" alt=\"\" class=\"wp-image-337022\" srcset=\"https:\/\/jundiai.sp.gov.br\/noticias\/wp-content\/uploads\/sites\/32\/2024\/01\/danca_pra_lua_cia_jovem_de_danca-1280x854.jpg 1280w, https:\/\/jundiai.sp.gov.br\/noticias\/wp-content\/uploads\/sites\/32\/2024\/01\/danca_pra_lua_cia_jovem_de_danca-300x200.jpg 300w, https:\/\/jundiai.sp.gov.br\/noticias\/wp-content\/uploads\/sites\/32\/2024\/01\/danca_pra_lua_cia_jovem_de_danca-768x512.jpg 768w, https:\/\/jundiai.sp.gov.br\/noticias\/wp-content\/uploads\/sites\/32\/2024\/01\/danca_pra_lua_cia_jovem_de_danca-1536x1024.jpg 1536w, https:\/\/jundiai.sp.gov.br\/noticias\/wp-content\/uploads\/sites\/32\/2024\/01\/danca_pra_lua_cia_jovem_de_danca-450x300.jpg 450w, https:\/\/jundiai.sp.gov.br\/noticias\/wp-content\/uploads\/sites\/32\/2024\/01\/danca_pra_lua_cia_jovem_de_danca.jpg 1900w\" sizes=\"auto, (max-width: 1280px) 100vw, 1280px\" \/><\/a><\/figure>\n<figcaption class=\"blocks-gallery-caption wp-element-caption\">Corais municipais e Cia. Jovem de Dan\u00e7a tamb\u00e9m fazem parte da programa\u00e7\u00e3o especial do final de semana<\/figcaption><\/figure>\n\n\n\n<p><strong>Assessoria de Imprensa<br>Fotos: Fot\u00f3grafos PMJ <\/strong><\/p>\n","protected":false},"excerpt":{"rendered":"<p>A 39\u00aa Festa da Uva e 10\u00aa Expo Vinhos chega ao seu quarto e \u00faltimo final de semana, com n\u00fameros recordes de p\u00fablico e uma programa\u00e7\u00e3o especial para os futuros visitantes. CONFIRA A PROGRAMA\u00c7\u00c3O COMPLETA Entre os destaques da programa\u00e7\u00e3o gratuita est\u00e1 a elei\u00e7\u00e3o da Corte da Alegria do Carnaval, que ser\u00e1 realizada no Palco [&hellip;]<\/p>\n","protected":false},"author":14,"featured_media":337025,"comment_status":"closed","ping_status":"0","sticky":false,"template":"","format":"standard","meta":{"footnotes":""},"categories":[2],"tags":[4137,974,13,4389,1130,1246,275,20,29,276],"ods":[],"class_list":["post-337001","post","type-post","status-publish","format-standard","has-post-thumbnail","hentry","category-noticias","tag-39a-festa-da-uva-e-10a-expo-vinhos","tag-agronegocio-abastecimento-e-turismo","tag-carnaval","tag-carnaval-2024","tag-cia-jovem-de-danca","tag-coral-infantojuvenil-cidade-das-criancas","tag-coral-municipal-de-jundiai","tag-corte-da-alegria","tag-cultura","tag-parque-da-uva"],"_links":{"self":[{"href":"https:\/\/jundiai.sp.gov.br\/noticias\/wp-json\/wp\/v2\/posts\/337001","targetHints":{"allow":["GET"]}}],"collection":[{"href":"https:\/\/jundiai.sp.gov.br\/noticias\/wp-json\/wp\/v2\/posts"}],"about":[{"href":"https:\/\/jundiai.sp.gov.br\/noticias\/wp-json\/wp\/v2\/types\/post"}],"author":[{"embeddable":true,"href":"https:\/\/jundiai.sp.gov.br\/noticias\/wp-json\/wp\/v2\/users\/14"}],"replies":[{"embeddable":true,"href":"https:\/\/jundiai.sp.gov.br\/noticias\/wp-json\/wp\/v2\/comments?post=337001"}],"version-history":[{"count":8,"href":"https:\/\/jundiai.sp.gov.br\/noticias\/wp-json\/wp\/v2\/posts\/337001\/revisions"}],"predecessor-version":[{"id":337350,"href":"https:\/\/jundiai.sp.gov.br\/noticias\/wp-json\/wp\/v2\/posts\/337001\/revisions\/337350"}],"wp:featuredmedia":[{"embeddable":true,"href":"https:\/\/jundiai.sp.gov.br\/noticias\/wp-json\/wp\/v2\/media\/337025"}],"wp:attachment":[{"href":"https:\/\/jundiai.sp.gov.br\/noticias\/wp-json\/wp\/v2\/media?parent=337001"}],"wp:term":[{"taxonomy":"category","embeddable":true,"href":"https:\/\/jundiai.sp.gov.br\/noticias\/wp-json\/wp\/v2\/categories?post=337001"},{"taxonomy":"post_tag","embeddable":true,"href":"https:\/\/jundiai.sp.gov.br\/noticias\/wp-json\/wp\/v2\/tags?post=337001"},{"taxonomy":"ods","embeddable":true,"href":"https:\/\/jundiai.sp.gov.br\/noticias\/wp-json\/wp\/v2\/ods?post=337001"}],"curies":[{"name":"wp","href":"https:\/\/api.w.org\/{rel}","templated":true}]}}