{"id":337478,"date":"2024-02-05T17:59:41","date_gmt":"2024-02-05T20:59:41","guid":{"rendered":"https:\/\/jundiai.sp.gov.br\/noticias\/?p=337478"},"modified":"2024-02-05T17:59:41","modified_gmt":"2024-02-05T20:59:41","slug":"prefeitura-inicia-capacitacao-no-espaco-jundiai-empreendedora-para-potencializar-vendas","status":"publish","type":"post","link":"https:\/\/jundiai.sp.gov.br\/noticias\/2024\/02\/05\/prefeitura-inicia-capacitacao-no-espaco-jundiai-empreendedora-para-potencializar-vendas\/","title":{"rendered":"Prefeitura inicia capacita\u00e7\u00e3o no Espa\u00e7o Jundia\u00ed Empreendedora para potencializar vendas"},"content":{"rendered":"\n<p>Os empreendedores de Jundia\u00ed t\u00eam \u00e0 disposi\u00e7\u00e3o, a partir de agora, mais uma ferramenta para alavancar as vendas e otimizar os servi\u00e7os prestados \u00e0 popula\u00e7\u00e3o. Por meio do programa Jundia\u00ed Empreendedora, ser\u00e3o oferecidos cursos de capacita\u00e7\u00e3o gratuitos, especialmente voltados ao empreendedorismo.<\/p>\n\n\n\n<p>\u201cCidade boa \u00e9 aquela que gera emprego e renda para as pessoas que vivem aqui e ajudam no crescimento do nosso PIB, fortalecendo nossa economia. Estamos falando de uma importante ferramenta para o empreendedorismo e mais investimentos para nossa cidade, aproximando popula\u00e7\u00e3o, empresas e poder p\u00fablico\u201d, destacou o prefeito Luiz Fernando Machado.<\/p>\n\n\n\n<p>A participa\u00e7\u00e3o \u00e9 aberta a todos os empreendedores de Jundia\u00ed, mas priorizar\u00e1 inicialmente os expositores da pr\u00f3xima FENS nos Bairros.&#8221;Por se tratar de temas que t\u00eam a ver com a participa\u00e7\u00e3o neste tipo de evento. As vagas remanescentes ser\u00e3o abertas para o p\u00fablico em geral, por isso \u00e9 importante fazer a inscri\u00e7\u00e3o pelo formul\u00e1rio on-line \u201d, explicou o gestor de <a href=\"https:\/\/jundiai.sp.gov.br\/desenvolvimento-economico\/\">Desenvolvimento Econ\u00f4mico, Ci\u00eancia e Tecnologia (UGDECT)<\/a>, Sami Mansour.<\/p>\n\n\n\n<figure class=\"wp-block-image size-full\"><img loading=\"lazy\" decoding=\"async\" width=\"1280\" height=\"853\" src=\"https:\/\/jundiai.sp.gov.br\/noticias\/wp-content\/uploads\/sites\/32\/2024\/02\/jundiai-empreendedora-carteia-de-trabalho_fm_-34-1280x853-1.jpg\" alt=\"Local conhecido como Jundia\u00ed Empreendedora, paredes brancas, com logo, cadeiras azuis. Al\u00e9m disso, pessoas sentadas aguardando atendimento\" class=\"wp-image-337481\" srcset=\"https:\/\/jundiai.sp.gov.br\/noticias\/wp-content\/uploads\/sites\/32\/2024\/02\/jundiai-empreendedora-carteia-de-trabalho_fm_-34-1280x853-1.jpg 1280w, https:\/\/jundiai.sp.gov.br\/noticias\/wp-content\/uploads\/sites\/32\/2024\/02\/jundiai-empreendedora-carteia-de-trabalho_fm_-34-1280x853-1-300x200.jpg 300w, https:\/\/jundiai.sp.gov.br\/noticias\/wp-content\/uploads\/sites\/32\/2024\/02\/jundiai-empreendedora-carteia-de-trabalho_fm_-34-1280x853-1-768x512.jpg 768w, https:\/\/jundiai.sp.gov.br\/noticias\/wp-content\/uploads\/sites\/32\/2024\/02\/jundiai-empreendedora-carteia-de-trabalho_fm_-34-1280x853-1-450x300.jpg 450w\" sizes=\"auto, (max-width: 1280px) 100vw, 1280px\" \/><figcaption class=\"wp-element-caption\">Capacita\u00e7\u00e3o para vendas ser\u00e1 nova ferramenta oferecida pelo Jundia\u00ed Empreendedora<\/figcaption><\/figure>\n\n\n\n<p>De acordo com Wagner da Silva Soares, gestor Adjunto de Empreendedorismo, os dois primeiros temas escolhidos s\u00e3o \u201cForma\u00e7\u00e3o de Pre\u00e7os e Gest\u00e3o Financeira\u201d e \u201cComo abordar clientes e vender mais em feiras e eventos\u201d. Eles ocorrem nos dias 19 e 20 de fevereiro, respectivamente, para turmas com at\u00e9 32 inscritos, em hor\u00e1rios alternativos (das 15h \u00e0s 17h e das 19h \u00e0s 21h), na sala de treinamento do Espa\u00e7o Jundia\u00ed Empreendedora (Maxi Shopping &#8211; Piso G3).<\/p>\n\n\n\n<p>Al\u00e9m disso, conforme explica o Gestor de Projetos do Sebrae Jundia\u00ed, Samuel Aguiar de Castro, \u00e9 fundamental que o empreendedor saiba como abordar o cliente. &#8220;Que ele saiba como aproveitar essa oportunidade para aumentar sua carteira de relacionamento, a gente vai falar justamente sobre isso, como abordar o cliente, como estabelecer relacionamento com o cliente no momento da venda, mas tamb\u00e9m um relacionamento p\u00f3s-venda ou p\u00f3s-evento. Ent\u00e3o, n\u00f3s convidamos todos os empreendedores, al\u00e9m dos que participar\u00e3o da 2\u00aa FENS nos Bairros, para que possam estar conosco neste encontro\u201d.<\/p>\n\n\n\n<p><strong>Para fazer a inscri\u00e7\u00e3o, <a href=\"https:\/\/docs.google.com\/forms\/d\/1Ne5hId9stB1Hfbg2Jis6fE_UqQCim9qLhGxMInYoTJ8\/viewform?edit_requested=true#settings\" data-type=\"link\" data-id=\"https:\/\/docs.google.com\/forms\/d\/1Ne5hId9stB1Hfbg2Jis6fE_UqQCim9qLhGxMInYoTJ8\/viewform?edit_requested=true#settings\">clique neste link<\/a>.<\/strong><\/p>\n\n\n\n<p><strong>Segunda edi\u00e7\u00e3o<\/strong><br>A <a href=\"https:\/\/jundiai.sp.gov.br\/fensnosbairros\/\">2\u00aa FENS nos Bairros &#8211; Regi\u00f5es Leste e Nordeste<\/a> acontece entre os dias 23 e 25 de fevereiro, no sal\u00e3o da Par\u00f3quia Sagrado Cora\u00e7\u00e3o de Jesus, no bairro Col\u00f4nia. No local, al\u00e9m da venda de produtos e servi\u00e7os com descontos e promo\u00e7\u00f5es exclusivas, haver\u00e1 pra\u00e7a de alimenta\u00e7\u00e3o com pratos t\u00edpicos da Festa Italiana. A entrada e o estacionamento s\u00e3o gratuitos. Mais informa\u00e7\u00f5es no <a href=\"https:\/\/negocios.jundiai.sp.gov.br\/\" data-type=\"link\" data-id=\"https:\/\/negocios.jundiai.sp.gov.br\/\">portal Jundia\u00ed Empreendedora<\/a>.<\/p>\n\n\n\n<p><strong>Assessoria de Imprensa<\/strong><\/p>\n","protected":false},"excerpt":{"rendered":"<p>Os empreendedores de Jundia\u00ed t\u00eam \u00e0 disposi\u00e7\u00e3o, a partir de agora, mais uma ferramenta para alavancar as vendas e otimizar os servi\u00e7os prestados \u00e0 popula\u00e7\u00e3o. Por meio do programa Jundia\u00ed Empreendedora, ser\u00e3o oferecidos cursos de capacita\u00e7\u00e3o gratuitos, especialmente voltados ao empreendedorismo. \u201cCidade boa \u00e9 aquela que gera emprego e renda para as pessoas que vivem [&hellip;]<\/p>\n","protected":false},"author":97,"featured_media":336960,"comment_status":"closed","ping_status":"0","sticky":false,"template":"","format":"standard","meta":{"footnotes":""},"categories":[2],"tags":[365,2736],"ods":[],"class_list":["post-337478","post","type-post","status-publish","format-standard","has-post-thumbnail","hentry","category-noticias","tag-desenvolvimento-economico-ciencia-e-tecnologia","tag-jundiai-empreendedora-2"],"_links":{"self":[{"href":"https:\/\/jundiai.sp.gov.br\/noticias\/wp-json\/wp\/v2\/posts\/337478","targetHints":{"allow":["GET"]}}],"collection":[{"href":"https:\/\/jundiai.sp.gov.br\/noticias\/wp-json\/wp\/v2\/posts"}],"about":[{"href":"https:\/\/jundiai.sp.gov.br\/noticias\/wp-json\/wp\/v2\/types\/post"}],"author":[{"embeddable":true,"href":"https:\/\/jundiai.sp.gov.br\/noticias\/wp-json\/wp\/v2\/users\/97"}],"replies":[{"embeddable":true,"href":"https:\/\/jundiai.sp.gov.br\/noticias\/wp-json\/wp\/v2\/comments?post=337478"}],"version-history":[{"count":11,"href":"https:\/\/jundiai.sp.gov.br\/noticias\/wp-json\/wp\/v2\/posts\/337478\/revisions"}],"predecessor-version":[{"id":337547,"href":"https:\/\/jundiai.sp.gov.br\/noticias\/wp-json\/wp\/v2\/posts\/337478\/revisions\/337547"}],"wp:featuredmedia":[{"embeddable":true,"href":"https:\/\/jundiai.sp.gov.br\/noticias\/wp-json\/wp\/v2\/media\/336960"}],"wp:attachment":[{"href":"https:\/\/jundiai.sp.gov.br\/noticias\/wp-json\/wp\/v2\/media?parent=337478"}],"wp:term":[{"taxonomy":"category","embeddable":true,"href":"https:\/\/jundiai.sp.gov.br\/noticias\/wp-json\/wp\/v2\/categories?post=337478"},{"taxonomy":"post_tag","embeddable":true,"href":"https:\/\/jundiai.sp.gov.br\/noticias\/wp-json\/wp\/v2\/tags?post=337478"},{"taxonomy":"ods","embeddable":true,"href":"https:\/\/jundiai.sp.gov.br\/noticias\/wp-json\/wp\/v2\/ods?post=337478"}],"curies":[{"name":"wp","href":"https:\/\/api.w.org\/{rel}","templated":true}]}}