{"id":337676,"date":"2024-02-07T10:01:25","date_gmt":"2024-02-07T13:01:25","guid":{"rendered":"https:\/\/jundiai.sp.gov.br\/noticias\/?p=337676"},"modified":"2024-02-07T10:01:25","modified_gmt":"2024-02-07T13:01:25","slug":"proesc-seguem-as-inscricoes-de-edital-da-cultura-para-desenvolvimento-de-projetos","status":"publish","type":"post","link":"https:\/\/jundiai.sp.gov.br\/noticias\/2024\/02\/07\/proesc-seguem-as-inscricoes-de-edital-da-cultura-para-desenvolvimento-de-projetos\/","title":{"rendered":"PROESC: seguem as inscri\u00e7\u00f5es de edital da Cultura para desenvolvimento de projetos"},"content":{"rendered":"\n<p>Os artistas e demais profissionais de Cultura de Jundia\u00ed t\u00eam at\u00e9 o dia 01 de mar\u00e7o para se inscrever no edital do Programa de Est\u00edmulo \u00e0 Cultura (PROESC), lan\u00e7ado pela Unidade de Gest\u00e3o de Cultura (UGC) em dezembro do ano passado. Com R$ 420 mil em investimentos, o edital \u00e9 voltado \u00e0 sele\u00e7\u00e3o de at\u00e9 cerca de 30 projetos culturais de proponentes exclusivamente do Munic\u00edpio.<\/p>\n\n\n\n<p><a href=\"https:\/\/docs.google.com\/forms\/d\/e\/1FAIpQLSf6hiyyzgiis54ay1ZiNeyZz1DJHMdDS9kNw0LS_QCf74BTHQ\/viewform\">FA\u00c7A SUA INSCRI\u00c7\u00c3O<\/a><\/p>\n\n\n\n<p>\u201cDiferente dos demais editais lan\u00e7ados pela Unidade, que, por conta da legisla\u00e7\u00e3o, devem ter abrang\u00eancia nacional, o PROESC se trata de uma pol\u00edtica p\u00fablica municipal restrita a contemplar proponentes daqui e fomentar a atividade art\u00edstica local. Ele tamb\u00e9m traz como diferencial um prazo estendido de inscri\u00e7\u00f5es, pois, de modo diverso do que acontece com os demais editais, voltados \u00e0 contrata\u00e7\u00e3o de propostas j\u00e1 existentes, o PROESC tem um per\u00edodo maior destinado \u00e0s inscri\u00e7\u00f5es, pois seu foco \u00e9 na elabora\u00e7\u00e3o de novos projetos por seus proponentes\u201d, comentou o gestor de Cultura, Marcelo Peroni.<\/p>\n\n\n\n<figure class=\"wp-block-image size-large\"><img loading=\"lazy\" decoding=\"async\" width=\"1280\" height=\"854\" src=\"https:\/\/jundiai.sp.gov.br\/noticias\/wp-content\/uploads\/sites\/32\/2024\/02\/espetaculo_osmj_cia_jovem_de_danca_ws-83-1280x854.jpg\" alt=\"\" class=\"wp-image-337691\" srcset=\"https:\/\/jundiai.sp.gov.br\/noticias\/wp-content\/uploads\/sites\/32\/2024\/02\/espetaculo_osmj_cia_jovem_de_danca_ws-83-1280x854.jpg 1280w, https:\/\/jundiai.sp.gov.br\/noticias\/wp-content\/uploads\/sites\/32\/2024\/02\/espetaculo_osmj_cia_jovem_de_danca_ws-83-300x200.jpg 300w, https:\/\/jundiai.sp.gov.br\/noticias\/wp-content\/uploads\/sites\/32\/2024\/02\/espetaculo_osmj_cia_jovem_de_danca_ws-83-768x512.jpg 768w, https:\/\/jundiai.sp.gov.br\/noticias\/wp-content\/uploads\/sites\/32\/2024\/02\/espetaculo_osmj_cia_jovem_de_danca_ws-83-1536x1024.jpg 1536w, https:\/\/jundiai.sp.gov.br\/noticias\/wp-content\/uploads\/sites\/32\/2024\/02\/espetaculo_osmj_cia_jovem_de_danca_ws-83-450x300.jpg 450w, https:\/\/jundiai.sp.gov.br\/noticias\/wp-content\/uploads\/sites\/32\/2024\/02\/espetaculo_osmj_cia_jovem_de_danca_ws-83.jpg 1900w\" sizes=\"auto, (max-width: 1280px) 100vw, 1280px\" \/><figcaption class=\"wp-element-caption\">Investimento \u00e9 voltado \u00e0 sele\u00e7\u00e3o de projetos desenvolvidos em diversas linguagens, como M\u00fasica, Teatro, Dan\u00e7a e outros  <\/figcaption><\/figure>\n\n\n\n<p>No total, s\u00e3o nove as diferentes categorias ou linguagens art\u00edsticas, com foco em propostas que v\u00e3o desde a publica\u00e7\u00e3o de conte\u00fados in\u00e9ditos, realiza\u00e7\u00e3o de atividades culturais presenciais e preserva\u00e7\u00e3o e resgate patrimoniais. S\u00e3o eles:<\/p>\n\n\n\n<ul class=\"wp-block-list\">\n<li>Artes Visuais: Produ\u00e7\u00e3o e exposi\u00e7\u00e3o de obras de artes, Interven\u00e7\u00e3o Urbana ou publica\u00e7\u00e3o de livro;<\/li>\n\n\n\n<li>Audiovisual: produ\u00e7\u00e3o de curta-metragem profissional;<\/li>\n\n\n\n<li>Circo: produ\u00e7\u00e3o de espet\u00e1culos in\u00e9ditos ou circula\u00e7\u00e3o e difus\u00e3o de espet\u00e1culos;<\/li>\n\n\n\n<li>Dan\u00e7a: produ\u00e7\u00e3o de espet\u00e1culos in\u00e9ditos ou circula\u00e7\u00e3o e difus\u00e3o de espet\u00e1culos;<\/li>\n\n\n\n<li>Literatura: publica\u00e7\u00e3o de obra liter\u00e1ria in\u00e9dita ou Difus\u00e3o Liter\u00e1ria (realiza\u00e7\u00e3o de cursos, oficinas, conta\u00e7\u00e3o de hist\u00f3rias, rodas de leitura, feira de troca de livros, palestras e recita\u00e7\u00f5es po\u00e9ticas);<\/li>\n\n\n\n<li>Manifesta\u00e7\u00f5es Populares: realiza\u00e7\u00e3o de interven\u00e7\u00e3o c\u00eanica, cortejo ou Cultura Popular Urbana;<\/li>\n\n\n\n<li>M\u00fasica: grava\u00e7\u00e3o de \u00e1lbum (CD ou DVD in\u00e9dito) ou circula\u00e7\u00e3o de espet\u00e1culos musicais;<\/li>\n\n\n\n<li>Patrim\u00f4nio Cultural: preserva\u00e7\u00e3o e resgate de patrim\u00f4nios culturais materiais ou imateriais;<\/li>\n\n\n\n<li>Teatro: produ\u00e7\u00e3o de espet\u00e1culos in\u00e9ditos ou circula\u00e7\u00e3o e difus\u00e3o de espet\u00e1culos.<\/li>\n<\/ul>\n\n\n\n<p>Os interessados devem residir comprovadamente em Jundia\u00ed h\u00e1, pelo menos, dois anos e devem se <a href=\"https:\/\/docs.google.com\/forms\/d\/e\/1FAIpQLSf6hiyyzgiis54ay1ZiNeyZz1DJHMdDS9kNw0LS_QCf74BTHQ\/viewform\" target=\"_blank\" rel=\"noreferrer noopener\">inscrever por meio de formul\u00e1rio on-line<\/a>, anexando tamb\u00e9m a documenta\u00e7\u00e3o exigida.<\/p>\n\n\n\n<p>A avalia\u00e7\u00e3o dos projetos inscritos levar\u00e1 em conta suas: criatividade, originalidade, viabilidade de execu\u00e7\u00e3o, planejamento e cronograma, qualifica\u00e7\u00e3o dos proponentes e contrapartida proposta para integra\u00e7\u00e3o comunit\u00e1ria e inclus\u00e3o.<\/p>\n\n\n\n<p>Mais informa\u00e7\u00f5es podem ser obtidas pelo <a href=\"https:\/\/cultura.jundiai.sp.gov.br\/wp-content\/uploads\/2023\/12\/Edital-PROESC-2023.pdf\" target=\"_blank\" rel=\"noreferrer noopener\">edital n\u00ba 26\/2023<\/a>, na <a href=\"https:\/\/imprensaoficial.jundiai.sp.gov.br\/wp-content\/uploads\/2023\/12\/95aa75af-a385-49bf-91c3-5fb3ccbcb87a_Edicao-5385-26-12-2023.pdf\" target=\"_blank\" rel=\"noreferrer noopener\">p\u00e1gina 03 da Edi\u00e7\u00e3o Extra 5385 da Imprensa Oficial<\/a>, no <a href=\"https:\/\/cultura.jundiai.sp.gov.br\/editais-e-regulamentos\/\" target=\"_blank\" rel=\"noreferrer noopener\">site da Cultura<\/a>, pelo e-mail <a href=\"mailto:proesc@jundiai.sp.gov.br\" target=\"_blank\" rel=\"noreferrer noopener\">proesc@jundiai.sp.gov.br<\/a> ou pelo telefone (11) 4589-6800.<\/p>\n\n\n\n<p><strong>Assessoria de Imprensa<br>Fotos: Arquivo PMJ <\/strong><\/p>\n","protected":false},"excerpt":{"rendered":"<p>Os artistas e demais profissionais de Cultura de Jundia\u00ed t\u00eam at\u00e9 o dia 01 de mar\u00e7o para se inscrever no edital do Programa de Est\u00edmulo \u00e0 Cultura (PROESC), lan\u00e7ado pela Unidade de Gest\u00e3o de Cultura (UGC) em dezembro do ano passado. Com R$ 420 mil em investimentos, o edital \u00e9 voltado \u00e0 sele\u00e7\u00e3o de at\u00e9 [&hellip;]<\/p>\n","protected":false},"author":14,"featured_media":337692,"comment_status":"closed","ping_status":"0","sticky":false,"template":"","format":"standard","meta":{"footnotes":""},"categories":[2],"tags":[29,439,399,4400,400],"ods":[],"class_list":["post-337676","post","type-post","status-publish","format-standard","has-post-thumbnail","hentry","category-noticias","tag-cultura","tag-danca","tag-musica","tag-programa-municipal-de-estimulo-a-cultura-proesc","tag-teatro"],"_links":{"self":[{"href":"https:\/\/jundiai.sp.gov.br\/noticias\/wp-json\/wp\/v2\/posts\/337676","targetHints":{"allow":["GET"]}}],"collection":[{"href":"https:\/\/jundiai.sp.gov.br\/noticias\/wp-json\/wp\/v2\/posts"}],"about":[{"href":"https:\/\/jundiai.sp.gov.br\/noticias\/wp-json\/wp\/v2\/types\/post"}],"author":[{"embeddable":true,"href":"https:\/\/jundiai.sp.gov.br\/noticias\/wp-json\/wp\/v2\/users\/14"}],"replies":[{"embeddable":true,"href":"https:\/\/jundiai.sp.gov.br\/noticias\/wp-json\/wp\/v2\/comments?post=337676"}],"version-history":[{"count":2,"href":"https:\/\/jundiai.sp.gov.br\/noticias\/wp-json\/wp\/v2\/posts\/337676\/revisions"}],"predecessor-version":[{"id":337693,"href":"https:\/\/jundiai.sp.gov.br\/noticias\/wp-json\/wp\/v2\/posts\/337676\/revisions\/337693"}],"wp:featuredmedia":[{"embeddable":true,"href":"https:\/\/jundiai.sp.gov.br\/noticias\/wp-json\/wp\/v2\/media\/337692"}],"wp:attachment":[{"href":"https:\/\/jundiai.sp.gov.br\/noticias\/wp-json\/wp\/v2\/media?parent=337676"}],"wp:term":[{"taxonomy":"category","embeddable":true,"href":"https:\/\/jundiai.sp.gov.br\/noticias\/wp-json\/wp\/v2\/categories?post=337676"},{"taxonomy":"post_tag","embeddable":true,"href":"https:\/\/jundiai.sp.gov.br\/noticias\/wp-json\/wp\/v2\/tags?post=337676"},{"taxonomy":"ods","embeddable":true,"href":"https:\/\/jundiai.sp.gov.br\/noticias\/wp-json\/wp\/v2\/ods?post=337676"}],"curies":[{"name":"wp","href":"https:\/\/api.w.org\/{rel}","templated":true}]}}