{"id":337899,"date":"2024-02-11T08:00:00","date_gmt":"2024-02-11T11:00:00","guid":{"rendered":"https:\/\/jundiai.sp.gov.br\/noticias\/?p=337899"},"modified":"2024-02-09T15:21:11","modified_gmt":"2024-02-09T18:21:11","slug":"execucao-do-plano-de-governo-avanca-e-chega-a-106-iniciativas-entregues-ate-2023","status":"publish","type":"post","link":"https:\/\/jundiai.sp.gov.br\/noticias\/2024\/02\/11\/execucao-do-plano-de-governo-avanca-e-chega-a-106-iniciativas-entregues-ate-2023\/","title":{"rendered":"Execu\u00e7\u00e3o do Plano de Governo avan\u00e7a e chega a 106 iniciativas entregues at\u00e9 2023"},"content":{"rendered":"\n<p>A Gest\u00e3o do Prefeito Luiz Fernando Machado entra no \u00faltimo ano com 106 iniciativas (68,4%), das 155 do Plano de Governo 2021-2024, entregues \u00e0 popula\u00e7\u00e3o. Os n\u00fameros indicam um aumento de 140% em rela\u00e7\u00e3o a 2022, quando 44 propostas (28,4%) haviam sido conclu\u00eddas. Al\u00e9m disso, est\u00e3o em andamento outras 46 e apenas tr\u00eas n\u00e3o foram iniciadas. O Plano de Governo est\u00e1 representado nos programas e a\u00e7\u00f5es estabelecidas no Plano Plurianual (PPA) do munic\u00edpio.<\/p>\n\n\n\n<p>\u201cO avan\u00e7o na execu\u00e7\u00e3o do Plano \u00e9 reflexo de uma administra\u00e7\u00e3o pautada no planejamento e na responsabilidade fiscal. S\u00e3o mais de 100 iniciativas, compostas por um n\u00famero ainda maior de a\u00e7\u00f5es, conclu\u00eddas e que melhoram a vida da popula\u00e7\u00e3o, al\u00e9m de tornarem Jundia\u00ed uma cidade mais desenvolvida e preparada para os desafios futuros\u201d, comenta o Prefeito Luiz Fernando Machado.<\/p>\n\n\n\n<figure class=\"wp-block-image size-large\"><img loading=\"lazy\" decoding=\"async\" width=\"1280\" height=\"854\" src=\"https:\/\/jundiai.sp.gov.br\/noticias\/wp-content\/uploads\/sites\/32\/2024\/02\/visita-jose-antonio-parimoschi-e-vasti-ferreira-ma-38-1280x854.jpg\" alt=\"\" class=\"wp-image-337901\" srcset=\"https:\/\/jundiai.sp.gov.br\/noticias\/wp-content\/uploads\/sites\/32\/2024\/02\/visita-jose-antonio-parimoschi-e-vasti-ferreira-ma-38-1280x854.jpg 1280w, https:\/\/jundiai.sp.gov.br\/noticias\/wp-content\/uploads\/sites\/32\/2024\/02\/visita-jose-antonio-parimoschi-e-vasti-ferreira-ma-38-300x200.jpg 300w, https:\/\/jundiai.sp.gov.br\/noticias\/wp-content\/uploads\/sites\/32\/2024\/02\/visita-jose-antonio-parimoschi-e-vasti-ferreira-ma-38-768x512.jpg 768w, https:\/\/jundiai.sp.gov.br\/noticias\/wp-content\/uploads\/sites\/32\/2024\/02\/visita-jose-antonio-parimoschi-e-vasti-ferreira-ma-38-1536x1024.jpg 1536w, https:\/\/jundiai.sp.gov.br\/noticias\/wp-content\/uploads\/sites\/32\/2024\/02\/visita-jose-antonio-parimoschi-e-vasti-ferreira-ma-38-450x300.jpg 450w, https:\/\/jundiai.sp.gov.br\/noticias\/wp-content\/uploads\/sites\/32\/2024\/02\/visita-jose-antonio-parimoschi-e-vasti-ferreira-ma-38.jpg 1900w\" sizes=\"auto, (max-width: 1280px) 100vw, 1280px\" \/><figcaption class=\"wp-element-caption\">Desemparedamento \u00e9 uma das premissas do programa Escola Inovadora<\/figcaption><\/figure>\n\n\n\n<p>A Sa\u00fade e a Educa\u00e7\u00e3o, duas das pastas com mais investimentos previstos pela Lei Or\u00e7ament\u00e1ria Anual (LOA), est\u00e3o com as a\u00e7\u00f5es avan\u00e7adas. Em andamento, destaque para as entregas da Cl\u00ednica da Fam\u00edlia (CF) e Pronto Atendimento (PA) da Ponte S\u00e3o Jo\u00e3o, e PA e Centro de Especialidades M\u00e9dicas da Vila Progresso; al\u00e9m da constru\u00e7\u00e3o e melhorias de ambi\u00eancia nas escolas, dentro do conceito Escola Inovadora. As a\u00e7\u00f5es voltadas ao Programa Cidade das Crian\u00e7as, tamb\u00e9m tiveram avan\u00e7os.<\/p>\n\n\n\n<p>\u201cEm 2017 implantamos um modelo de governan\u00e7a baseado em resultados. Todos os meses as plataformas de governo se re\u00fanem para monitorar tudo o que est\u00e1 sendo planejado e executado na cidade. Esse m\u00e9todo potencializa as entregas dos projetos priorit\u00e1rios e a qualidade do servi\u00e7o prestado \u00e0 nossa popula\u00e7\u00e3o\u201d, avalia o Gestor de Governo e Finan\u00e7as, Jos\u00e9 Antonio Parimoschi.<\/p>\n\n\n\n<p>J\u00e1 o Desenvolvimento Econ\u00f4mico avan\u00e7ou com a realiza\u00e7\u00e3o das Feiras do Empreendedor, Neg\u00f3cios e Servi\u00e7os (FENS). O Desenvolvimento sustent\u00e1vel tem em andamento grandes obras de mobilidade, como a constru\u00e7\u00e3o do Complexo Vi\u00e1rio da Regi\u00e3o Sul e o prolongamento da avenida Antonio Frederico Ozanan.<\/p>\n\n\n\n<figure class=\"wp-block-image size-large\"><img loading=\"lazy\" decoding=\"async\" width=\"1280\" height=\"922\" src=\"https:\/\/jundiai.sp.gov.br\/noticias\/wp-content\/uploads\/sites\/32\/2024\/02\/aereas-obras-do-complexo-viario-da-regiao-sul-samuel-martins_fm_-3-1280x922.jpg\" alt=\"\" class=\"wp-image-337902\" srcset=\"https:\/\/jundiai.sp.gov.br\/noticias\/wp-content\/uploads\/sites\/32\/2024\/02\/aereas-obras-do-complexo-viario-da-regiao-sul-samuel-martins_fm_-3-1280x922.jpg 1280w, https:\/\/jundiai.sp.gov.br\/noticias\/wp-content\/uploads\/sites\/32\/2024\/02\/aereas-obras-do-complexo-viario-da-regiao-sul-samuel-martins_fm_-3-300x216.jpg 300w, https:\/\/jundiai.sp.gov.br\/noticias\/wp-content\/uploads\/sites\/32\/2024\/02\/aereas-obras-do-complexo-viario-da-regiao-sul-samuel-martins_fm_-3-768x553.jpg 768w, https:\/\/jundiai.sp.gov.br\/noticias\/wp-content\/uploads\/sites\/32\/2024\/02\/aereas-obras-do-complexo-viario-da-regiao-sul-samuel-martins_fm_-3-1536x1106.jpg 1536w, https:\/\/jundiai.sp.gov.br\/noticias\/wp-content\/uploads\/sites\/32\/2024\/02\/aereas-obras-do-complexo-viario-da-regiao-sul-samuel-martins_fm_-3.jpg 1900w\" sizes=\"auto, (max-width: 1280px) 100vw, 1280px\" \/><figcaption class=\"wp-element-caption\">Complexo Vi\u00e1rio da Regi\u00e3o Sul \u00e9 uma das obras de mobilidade em andamento<\/figcaption><\/figure>\n\n\n\n<p><strong>PPA<br><\/strong>A gest\u00e3o entra em 2024 com um \u00cdndice M\u00e9dio de Efic\u00e1cia de 74,29% no Plano Plurianual (PPA) 2022-2025. O montante \u00e9 considerado adequado, segundo a metodologia aplicada pela Unidade Central de Planejamento e Governan\u00e7a (UCPG).<br><br>O PPA \u00e9 um planejamento de m\u00e9dio prazo, aprovado por lei, que define as prioridades e o foco dos investimentos mais robustos a serem realizados pelo Governo.<\/p>\n\n\n\n<p><strong>Transpar\u00eancia<br><\/strong>Todas essas informa\u00e7\u00f5es constam na Mensagem \u00e0 C\u00e2mara Municipal, relat\u00f3rio da gest\u00e3o entregue ao poder legislativo na primeira sess\u00e3o do ano, realizada em 6 de fevereiro. A popula\u00e7\u00e3o pode acompanhar o desenvolvimento e detalhes do Plano de Governo <a href=\"https:\/\/jundiai.sp.gov.br\/planodegoverno\/2021-2024\/\" data-type=\"link\" data-id=\"https:\/\/jundiai.sp.gov.br\/planodegoverno\/2021-2024\/\" target=\"_blank\" rel=\"noreferrer noopener\">neste link<\/a>, do PPA <a href=\"https:\/\/jundiai.sp.gov.br\/ppa\/#conheca\" data-type=\"link\" data-id=\"https:\/\/jundiai.sp.gov.br\/ppa\/#conheca\" target=\"_blank\" rel=\"noreferrer noopener\">neste link<\/a>, e o andamento das principais obras e indicadores da cidade no <a href=\"https:\/\/observatorio.jundiai.sp.gov.br\/\" data-type=\"link\" data-id=\"https:\/\/observatorio.jundiai.sp.gov.br\/\" target=\"_blank\" rel=\"noreferrer noopener\">Observat\u00f3rio Jundia\u00ed<\/a>.<\/p>\n\n\n\n<p><strong>Assessoria de Imprensa<br>Fotos: Fot\u00f3grafo PMJ<\/strong><\/p>\n","protected":false},"excerpt":{"rendered":"<p>A Gest\u00e3o do Prefeito Luiz Fernando Machado entra no \u00faltimo ano com 106 iniciativas (68,4%), das 155 do Plano de Governo 2021-2024, entregues \u00e0 popula\u00e7\u00e3o. Os n\u00fameros indicam um aumento de 140% em rela\u00e7\u00e3o a 2022, quando 44 propostas (28,4%) haviam sido conclu\u00eddas. Al\u00e9m disso, est\u00e3o em andamento outras 46 e apenas tr\u00eas n\u00e3o foram [&hellip;]<\/p>\n","protected":false},"author":90,"featured_media":337902,"comment_status":"closed","ping_status":"0","sticky":false,"template":"","format":"standard","meta":{"footnotes":""},"categories":[2],"tags":[940,1883,4290],"ods":[],"class_list":["post-337899","post","type-post","status-publish","format-standard","has-post-thumbnail","hentry","category-noticias","tag-plano-de-governo","tag-plano-plurianual-ppa-2022-2025","tag-uggf"],"_links":{"self":[{"href":"https:\/\/jundiai.sp.gov.br\/noticias\/wp-json\/wp\/v2\/posts\/337899","targetHints":{"allow":["GET"]}}],"collection":[{"href":"https:\/\/jundiai.sp.gov.br\/noticias\/wp-json\/wp\/v2\/posts"}],"about":[{"href":"https:\/\/jundiai.sp.gov.br\/noticias\/wp-json\/wp\/v2\/types\/post"}],"author":[{"embeddable":true,"href":"https:\/\/jundiai.sp.gov.br\/noticias\/wp-json\/wp\/v2\/users\/90"}],"replies":[{"embeddable":true,"href":"https:\/\/jundiai.sp.gov.br\/noticias\/wp-json\/wp\/v2\/comments?post=337899"}],"version-history":[{"count":1,"href":"https:\/\/jundiai.sp.gov.br\/noticias\/wp-json\/wp\/v2\/posts\/337899\/revisions"}],"predecessor-version":[{"id":337905,"href":"https:\/\/jundiai.sp.gov.br\/noticias\/wp-json\/wp\/v2\/posts\/337899\/revisions\/337905"}],"wp:featuredmedia":[{"embeddable":true,"href":"https:\/\/jundiai.sp.gov.br\/noticias\/wp-json\/wp\/v2\/media\/337902"}],"wp:attachment":[{"href":"https:\/\/jundiai.sp.gov.br\/noticias\/wp-json\/wp\/v2\/media?parent=337899"}],"wp:term":[{"taxonomy":"category","embeddable":true,"href":"https:\/\/jundiai.sp.gov.br\/noticias\/wp-json\/wp\/v2\/categories?post=337899"},{"taxonomy":"post_tag","embeddable":true,"href":"https:\/\/jundiai.sp.gov.br\/noticias\/wp-json\/wp\/v2\/tags?post=337899"},{"taxonomy":"ods","embeddable":true,"href":"https:\/\/jundiai.sp.gov.br\/noticias\/wp-json\/wp\/v2\/ods?post=337899"}],"curies":[{"name":"wp","href":"https:\/\/api.w.org\/{rel}","templated":true}]}}