{"id":337918,"date":"2024-02-11T08:41:00","date_gmt":"2024-02-11T11:41:00","guid":{"rendered":"https:\/\/jundiai.sp.gov.br\/noticias\/?p=337918"},"modified":"2024-02-09T15:59:45","modified_gmt":"2024-02-09T18:59:45","slug":"cadastro-unico-com-central-de-atendimento-telefonico-servico-ganha-em-agilidade","status":"publish","type":"post","link":"https:\/\/jundiai.sp.gov.br\/noticias\/2024\/02\/11\/cadastro-unico-com-central-de-atendimento-telefonico-servico-ganha-em-agilidade\/","title":{"rendered":"Cadastro \u00danico: com central de atendimento telef\u00f4nico, servi\u00e7o ganha em agilidade"},"content":{"rendered":"\n<p>Respons\u00e1vel pelo gerenciamento de dados de benefici\u00e1rios de programas como Bolsa Fam\u00edlia, Benef\u00edcio de Presta\u00e7\u00e3o Continuada (BPC), o Cadastro \u00danico passar\u00e1 a atender, a partir da pr\u00f3xima quarta-feira (14), por meio de uma central telef\u00f4nica, mais atendentes, o que reflete em mais agilidade. <\/p>\n\n\n\n<p>Benefici\u00e1rios que t\u00eam d\u00favidas, que est\u00e3o aguardando aprova\u00e7\u00e3o de benef\u00edcios ou est\u00e3o em situa\u00e7\u00e3o de averigua\u00e7\u00e3o cadastral realizada pelo Governo Federal podem procurar atendimento exclusivamente por telefone, atrav\u00e9s do n\u00fameros (11) 4522-4568 (fixo) e pelo WhatsApp pelos telefones: (11) 94033-0084 e 91711-8421, das 8h \u00e0s 17h, de segunda a sexta.<\/p>\n\n\n<div class=\"wp-block-image\">\n<figure class=\"aligncenter size-large\"><img loading=\"lazy\" decoding=\"async\" width=\"1280\" height=\"812\" src=\"https:\/\/jundiai.sp.gov.br\/noticias\/wp-content\/uploads\/sites\/32\/2024\/02\/ugads-central-atendimento-cadastro-unico_fm_-32-1280x812.jpg\" alt=\"\" class=\"wp-image-337974\" srcset=\"https:\/\/jundiai.sp.gov.br\/noticias\/wp-content\/uploads\/sites\/32\/2024\/02\/ugads-central-atendimento-cadastro-unico_fm_-32-1280x812.jpg 1280w, https:\/\/jundiai.sp.gov.br\/noticias\/wp-content\/uploads\/sites\/32\/2024\/02\/ugads-central-atendimento-cadastro-unico_fm_-32-300x190.jpg 300w, https:\/\/jundiai.sp.gov.br\/noticias\/wp-content\/uploads\/sites\/32\/2024\/02\/ugads-central-atendimento-cadastro-unico_fm_-32-768x487.jpg 768w, https:\/\/jundiai.sp.gov.br\/noticias\/wp-content\/uploads\/sites\/32\/2024\/02\/ugads-central-atendimento-cadastro-unico_fm_-32-1536x974.jpg 1536w, https:\/\/jundiai.sp.gov.br\/noticias\/wp-content\/uploads\/sites\/32\/2024\/02\/ugads-central-atendimento-cadastro-unico_fm_-32.jpg 1900w\" sizes=\"auto, (max-width: 1280px) 100vw, 1280px\" \/><figcaption class=\"wp-element-caption\">Com 60% de amplia\u00e7\u00e3o, Cadastro \u00danico modifica atendimento ao p\u00fablico<\/figcaption><\/figure>\n<\/div>\n\n\n<p>J\u00e1 os atendimentos presenciais ser\u00e3o agendados via central telef\u00f4nica do Cadastro \u00danico. Ap\u00f3s o agendamento, os atendimentos ser\u00e3o realizados diretamente nos equipamentos de refer\u00eancia dos usu\u00e1rios, que s\u00e3o as Unidades dos Centros de Refer\u00eancia de Assist\u00eancia Social (CRAS), Centro de Refer\u00eancia Especializado de Assist\u00eancia Social (CREAS) e Centro Pop. O servi\u00e7o da nova central do Cadastro \u00danico \u00e9 vinculado \u00e0 Unidade de Gest\u00e3o de Assist\u00eancia e Desenvolvimento Social (UGADS) e ser\u00e1 operado pela OSC Instituto Nacional de Desenvolvimento Social e Cultural (Indesc).<\/p>\n\n\n\n<p>&#8220;Essa mudan\u00e7a de atendimento vai proporcionar maior conforto e tamb\u00e9m comodidade aos benefici\u00e1rios nas solicita\u00e7\u00f5es de novos benef\u00edcios e tamb\u00e9m daqueles que est\u00e3o em situa\u00e7\u00e3o de averigua\u00e7\u00e3o, j\u00e1 que eles n\u00e3o ter\u00e3o que se deslocar at\u00e9 o Centro. Com o incremento do n\u00famero de atendentes, vamos ter mais celeridade no servi\u00e7o&#8221;, disse a gestora de Assist\u00eancia e Desenvolvimento Social, Maria Brant.<\/p>\n\n\n\n<p>A diretora do Departamento de Vigil\u00e2ncia Social da UGADS, Renata Mangieri, explica ainda que as equipes j\u00e1 t\u00eam realizado contato com os benefici\u00e1rios para novos agendamentos e visitas domiciliares. \u201c\u00c9 sempre importante frisar que o sistema do Cadastro exige uma s\u00e9rie de dados e documenta\u00e7\u00f5es e que, a aus\u00eancia de um s\u00f3 deles, de todos os moradores da resid\u00eancia, impede a conclus\u00e3o das informa\u00e7\u00f5es. Como \u00e9 um sistema complexo, implementamos o atendimento por telefone e por WhatsApp, o que vai proporcionar essa agilidade&#8221;, comentou.<\/p>\n\n\n\n<p>O Cadastro \u00danico \u00e9 um servi\u00e7o vinculado ao Minist\u00e9rio do Desenvolvimento e Assist\u00eancia Social, Fam\u00edlia e Combate \u00e0 Fome, por meio do qual, entre outros servi\u00e7os, s\u00e3o realizadas as atualiza\u00e7\u00f5es cadastrais da popula\u00e7\u00e3o, entre elas, do p\u00fablico em situa\u00e7\u00e3o de vulnerabilidade social para inclus\u00e3o em programas de transfer\u00eancia de renda e outros benef\u00edcios, como o Bolsa Fam\u00edlia e o Benef\u00edcio de Presta\u00e7\u00e3o Continuada (BPC).<\/p>\n\n\n\n<p><strong>Assessoria de Imprensa<br>Foto: Fot\u00f3grafos PMJ<\/strong><\/p>\n","protected":false},"excerpt":{"rendered":"<p>Respons\u00e1vel pelo gerenciamento de dados de benefici\u00e1rios de programas como Bolsa Fam\u00edlia, Benef\u00edcio de Presta\u00e7\u00e3o Continuada (BPC), o Cadastro \u00danico passar\u00e1 a atender, a partir da pr\u00f3xima quarta-feira (14), por meio de uma central telef\u00f4nica, mais atendentes, o que reflete em mais agilidade. Benefici\u00e1rios que t\u00eam d\u00favidas, que est\u00e3o aguardando aprova\u00e7\u00e3o de benef\u00edcios ou est\u00e3o [&hellip;]<\/p>\n","protected":false},"author":100,"featured_media":337974,"comment_status":"closed","ping_status":"0","sticky":false,"template":"","format":"standard","meta":{"footnotes":""},"categories":[2],"tags":[980,1520,1406,2687],"ods":[4221,4230],"class_list":["post-337918","post","type-post","status-publish","format-standard","has-post-thumbnail","hentry","category-noticias","tag-assistencia-e-desenvolvimento-social","tag-cadastro-unico","tag-ugads","tag-unidade-de-gestao-de-desenvolvimento-e-assistencia-social-ugads","ods-ods-01","ods-ods-10"],"_links":{"self":[{"href":"https:\/\/jundiai.sp.gov.br\/noticias\/wp-json\/wp\/v2\/posts\/337918","targetHints":{"allow":["GET"]}}],"collection":[{"href":"https:\/\/jundiai.sp.gov.br\/noticias\/wp-json\/wp\/v2\/posts"}],"about":[{"href":"https:\/\/jundiai.sp.gov.br\/noticias\/wp-json\/wp\/v2\/types\/post"}],"author":[{"embeddable":true,"href":"https:\/\/jundiai.sp.gov.br\/noticias\/wp-json\/wp\/v2\/users\/100"}],"replies":[{"embeddable":true,"href":"https:\/\/jundiai.sp.gov.br\/noticias\/wp-json\/wp\/v2\/comments?post=337918"}],"version-history":[{"count":16,"href":"https:\/\/jundiai.sp.gov.br\/noticias\/wp-json\/wp\/v2\/posts\/337918\/revisions"}],"predecessor-version":[{"id":338033,"href":"https:\/\/jundiai.sp.gov.br\/noticias\/wp-json\/wp\/v2\/posts\/337918\/revisions\/338033"}],"wp:featuredmedia":[{"embeddable":true,"href":"https:\/\/jundiai.sp.gov.br\/noticias\/wp-json\/wp\/v2\/media\/337974"}],"wp:attachment":[{"href":"https:\/\/jundiai.sp.gov.br\/noticias\/wp-json\/wp\/v2\/media?parent=337918"}],"wp:term":[{"taxonomy":"category","embeddable":true,"href":"https:\/\/jundiai.sp.gov.br\/noticias\/wp-json\/wp\/v2\/categories?post=337918"},{"taxonomy":"post_tag","embeddable":true,"href":"https:\/\/jundiai.sp.gov.br\/noticias\/wp-json\/wp\/v2\/tags?post=337918"},{"taxonomy":"ods","embeddable":true,"href":"https:\/\/jundiai.sp.gov.br\/noticias\/wp-json\/wp\/v2\/ods?post=337918"}],"curies":[{"name":"wp","href":"https:\/\/api.w.org\/{rel}","templated":true}]}}