{"id":338804,"date":"2024-02-22T09:43:11","date_gmt":"2024-02-22T12:43:11","guid":{"rendered":"https:\/\/jundiai.sp.gov.br\/noticias\/?p=338804"},"modified":"2024-02-22T09:43:11","modified_gmt":"2024-02-22T12:43:11","slug":"agenda-cultural-confira-a-programacao-do-ultimo-final-de-semana-de-fevereiro","status":"publish","type":"post","link":"https:\/\/jundiai.sp.gov.br\/noticias\/2024\/02\/22\/agenda-cultural-confira-a-programacao-do-ultimo-final-de-semana-de-fevereiro\/","title":{"rendered":"Agenda Cultural: confira a programa\u00e7\u00e3o do \u00faltimo final de semana de fevereiro"},"content":{"rendered":"\n<p>Fevereiro est\u00e1 na reta final e para esse \u00faltimo final de semana, a Unidade de Gest\u00e3o de Cultura (UGC) programou a\u00e7\u00f5es e atra\u00e7\u00f5es culturais que contemplam diversos p\u00fablicos e v\u00e1rias com entrada gratuita.<\/p>\n\n\n\n<p>Confira a programa\u00e7\u00e3o de cada equipamento cultural para o final de semana:<\/p>\n\n\n\n<p><strong><a href=\"https:\/\/cultura.jundiai.sp.gov.br\/espacos-culturais\/fabrica-das-infancias-japy\/\">F\u00e1brica das Inf\u00e2ncias Japy<\/a><\/strong><\/p>\n\n\n\n<p>As atra\u00e7\u00f5es aos finais de semana come\u00e7am sempre \u00e0s 10h30. \u00a0No s\u00e1bado (24), conta\u00e7\u00e3o de hist\u00f3ria com &#8220;Bicicletas Voadoras \u2013 O Poder das Hist\u00f3rias&#8221;, um espet\u00e1culo de narrativa que busca interagir com o p\u00fablico. Na primeira parte \u00e9 levantada a quest\u00e3o sobre os poderes das hist\u00f3rias. Ser\u00e1 que elas t\u00eam? Poder \u00e9 s\u00f3 for\u00e7a? Dinheiro?<\/p>\n\n\n\n<figure class=\"wp-block-gallery has-nested-images columns-default is-cropped wp-block-gallery-1 is-layout-flex wp-block-gallery-is-layout-flex\">\n<figure class=\"wp-block-image size-large\"><img loading=\"lazy\" decoding=\"async\" width=\"892\" height=\"960\" data-id=\"338806\" src=\"https:\/\/jundiai.sp.gov.br\/noticias\/wp-content\/uploads\/sites\/32\/2024\/02\/bicicletasvoadoras-892x960.jpeg\" alt=\"\" class=\"wp-image-338806\" srcset=\"https:\/\/jundiai.sp.gov.br\/noticias\/wp-content\/uploads\/sites\/32\/2024\/02\/bicicletasvoadoras-892x960.jpeg 892w, https:\/\/jundiai.sp.gov.br\/noticias\/wp-content\/uploads\/sites\/32\/2024\/02\/bicicletasvoadoras-300x323.jpeg 300w, https:\/\/jundiai.sp.gov.br\/noticias\/wp-content\/uploads\/sites\/32\/2024\/02\/bicicletasvoadoras-768x827.jpeg 768w, https:\/\/jundiai.sp.gov.br\/noticias\/wp-content\/uploads\/sites\/32\/2024\/02\/bicicletasvoadoras.jpeg 1189w\" sizes=\"auto, (max-width: 892px) 100vw, 892px\" \/><figcaption class=\"wp-element-caption\">O poder das hist\u00f3rias ser\u00e1 apresentado no s\u00e1bado (24)<\/figcaption><\/figure>\n\n\n\n<figure class=\"wp-block-image size-large\"><img loading=\"lazy\" decoding=\"async\" width=\"717\" height=\"654\" data-id=\"338805\" src=\"https:\/\/jundiai.sp.gov.br\/noticias\/wp-content\/uploads\/sites\/32\/2024\/02\/disquinho-1.jpeg\" alt=\"\" class=\"wp-image-338805\" srcset=\"https:\/\/jundiai.sp.gov.br\/noticias\/wp-content\/uploads\/sites\/32\/2024\/02\/disquinho-1.jpeg 717w, https:\/\/jundiai.sp.gov.br\/noticias\/wp-content\/uploads\/sites\/32\/2024\/02\/disquinho-1-300x274.jpeg 300w\" sizes=\"auto, (max-width: 717px) 100vw, 717px\" \/><figcaption class=\"wp-element-caption\">F\u00e1bulas do Disquinho \u00e9 a atra\u00e7\u00e3o do domingo (25)<\/figcaption><\/figure>\n<\/figure>\n\n\n\n<p>O narrador vai trazendo o som, as palavras, o movimento, a imagina\u00e7\u00e3o, o contar quem somos, a mem\u00f3ria da humanidade, como poderes. Nessa introdu\u00e7\u00e3o, eles nos ligam ao crescimento da imagina\u00e7\u00e3o e da possibilidade dessa imagina\u00e7\u00e3o se transformar em realidade.<\/p>\n\n\n\n<p>\u00a0J\u00e1 no domingo (25), &#8220;F\u00e1bulas do Disquinho &#8211; Conta\u00e7\u00e3o Hist\u00f3ria&#8221; &#8211; Quem foi crian\u00e7a nas d\u00e9cadas de 60 e 70 h\u00e1 de se lembrar da \u201cCole\u00e7\u00e3o Disquinho\u201d. Eram super coloridos e com hist\u00f3rias baseadas nos contos de fada, f\u00e1bulas, cultura popular, cantigas de roda e festas t\u00edpicas. Edu e Helo descobriram essa cole\u00e7\u00e3o e est\u00e3o resgatando e trazendo os contos em uma nova roupagem e super divertida.<\/p>\n\n\n\n<p>A programa\u00e7\u00e3o gratuita voltada para o p\u00fablico infantojuvenil integra o programa municipal Cidade das Crian\u00e7as e pode ser apreciada por todas as fam\u00edlias.<\/p>\n\n\n\n<p>A F\u00e1brica Japy est\u00e1 localizada na rua Lacerda Franco, 175, Vila Arens. Hor\u00e1rio de funcionamento no s\u00e1bado e domingo \u00e9 das 9h \u00e0s 13h.<\/p>\n\n\n\n<p><strong><a href=\"https:\/\/cultura.jundiai.sp.gov.br\/espacos-culturais\/biblioteca-municipal-professor-nelson-foot\/\">Biblioteca Nelson Foot (BNF)<\/a><\/strong><\/p>\n\n\n\n<p>Na Biblioteca, a partir das 11h, no s\u00e1bado (24) a Cia. Conta Cantando apresenta a hist\u00f3ria &#8220;Achados e n\u00e3o Perdidos&#8221;. Conta Cantando  apresenta conta\u00e7\u00e3o de hist\u00f3rias musicada, onde as melodias de cantigas de roda populares parodiadas em novas vers\u00f5es ajudam a construir hist\u00f3rias autorais. Nessa apresenta\u00e7\u00e3o os atores contar\u00e3o a hist\u00f3ria dos objetos que se perdem facilmente de seus donos, e a busca para o caminho de volta com a ajuda de uma figura popularmente conhecida. Acompanhado de m\u00fasica ac\u00fastica ao vivo e sonoplastia autoral, as crian\u00e7as s\u00e3o convidadas para entrar nessa aventura de m\u00fasica e hist\u00f3rias m\u00e1gicas.<\/p>\n\n\n\n<figure class=\"wp-block-image size-large\"><img loading=\"lazy\" decoding=\"async\" width=\"1000\" height=\"625\" src=\"https:\/\/jundiai.sp.gov.br\/noticias\/wp-content\/uploads\/sites\/32\/2024\/02\/conta-cantando-achados-e-nao-perdidos-edited.png\" alt=\"\" class=\"wp-image-338819\" srcset=\"https:\/\/jundiai.sp.gov.br\/noticias\/wp-content\/uploads\/sites\/32\/2024\/02\/conta-cantando-achados-e-nao-perdidos-edited.png 1000w, https:\/\/jundiai.sp.gov.br\/noticias\/wp-content\/uploads\/sites\/32\/2024\/02\/conta-cantando-achados-e-nao-perdidos-edited-300x188.png 300w, https:\/\/jundiai.sp.gov.br\/noticias\/wp-content\/uploads\/sites\/32\/2024\/02\/conta-cantando-achados-e-nao-perdidos-edited-768x480.png 768w\" sizes=\"auto, (max-width: 1000px) 100vw, 1000px\" \/><figcaption class=\"wp-element-caption\">Apresenta\u00e7\u00e3o acontece na biblioteca no s\u00e1bado (24)  e a entrada \u00e9 gratuita<\/figcaption><\/figure>\n\n\n\n<p>A Biblioteca fica dentro do Complexo Argos, localizado na avenida Dr. Cavalcanti, 396 \u2013 Vila Arens.<\/p>\n\n\n\n<p><strong><a href=\"https:\/\/cultura.jundiai.sp.gov.br\/espacos-culturais\/centro-das-artes\/\">Centro das Artes Prefeito Pedro F\u00e1varo<\/a><\/strong><\/p>\n\n\n\n<p>O Centro das Artes Prefeito Pedro F\u00e1varo segue aberto para visita\u00e7\u00e3o do p\u00fablico para conferir as suas novas instala\u00e7\u00f5es e a Mostra Coletiva da Galeria de Exposi\u00e7\u00f5es Olga de Brito, o mais novo espa\u00e7o expositivo da cidade, e que conta nesta estreia com as obras de mais de quarenta artista locais e nas mais diversas t\u00e9cnicas, como quadros, esculturas e instala\u00e7\u00f5es art\u00edsticas diversas.<\/p>\n\n\n\n<figure class=\"wp-block-image size-large\"><img loading=\"lazy\" decoding=\"async\" width=\"1280\" height=\"854\" src=\"https:\/\/jundiai.sp.gov.br\/noticias\/wp-content\/uploads\/sites\/32\/2024\/02\/entregas_de_aniversario_jundiai_367_centro_das_artes_pa-65-1-1280x854.jpg\" alt=\"\" class=\"wp-image-338808\" srcset=\"https:\/\/jundiai.sp.gov.br\/noticias\/wp-content\/uploads\/sites\/32\/2024\/02\/entregas_de_aniversario_jundiai_367_centro_das_artes_pa-65-1-1280x854.jpg 1280w, https:\/\/jundiai.sp.gov.br\/noticias\/wp-content\/uploads\/sites\/32\/2024\/02\/entregas_de_aniversario_jundiai_367_centro_das_artes_pa-65-1-300x200.jpg 300w, https:\/\/jundiai.sp.gov.br\/noticias\/wp-content\/uploads\/sites\/32\/2024\/02\/entregas_de_aniversario_jundiai_367_centro_das_artes_pa-65-1-768x512.jpg 768w, https:\/\/jundiai.sp.gov.br\/noticias\/wp-content\/uploads\/sites\/32\/2024\/02\/entregas_de_aniversario_jundiai_367_centro_das_artes_pa-65-1-1536x1024.jpg 1536w, https:\/\/jundiai.sp.gov.br\/noticias\/wp-content\/uploads\/sites\/32\/2024\/02\/entregas_de_aniversario_jundiai_367_centro_das_artes_pa-65-1-450x300.jpg 450w, https:\/\/jundiai.sp.gov.br\/noticias\/wp-content\/uploads\/sites\/32\/2024\/02\/entregas_de_aniversario_jundiai_367_centro_das_artes_pa-65-1.jpg 1900w\" sizes=\"auto, (max-width: 1280px) 100vw, 1280px\" \/><figcaption class=\"wp-element-caption\">A mostra re\u00fane obras de 40 artistas de Jundia\u00ed<\/figcaption><\/figure>\n\n\n\n<p>O Centro das Artes est\u00e1 localizado na rua Bar\u00e3o de Jundia\u00ed, 1.093 \u2013 Centro e seu hor\u00e1rio de funcionamento aos s\u00e1bados e domingos \u00e9 das 10h \u00e0s 18h.<\/p>\n\n\n\n<p><a href=\"https:\/\/cultura.jundiai.sp.gov.br\/espacos-culturais\/teatropolytheama\/\"><strong>Teatro Polytheama<\/strong><\/a><\/p>\n\n\n\n<p>No palco do Polytheama neste final de semana, o destaque fica para o espet\u00e1culo de teatro infantil, \u201dOs tr\u00eas porquinhos e o lobo atrapalhado\u201d, no domingo (25), a partir das 16h, com os atores da Cia. Teatral Rick Kelly. Classifica\u00e7\u00e3o indicativa para crian\u00e7as a partir de dois anos. Ingressos para plateia e frisas a R$ 60. Comprados antecipadamente at\u00e9 s\u00e1bado (24), os valores para inteira saem por R$ 40 e meia entrada por R$ 30.<\/p>\n\n\n\n<figure class=\"wp-block-image size-full\"><img loading=\"lazy\" decoding=\"async\" width=\"1240\" height=\"879\" src=\"https:\/\/jundiai.sp.gov.br\/noticias\/wp-content\/uploads\/sites\/32\/2024\/02\/rick-e-kelly.jpg\" alt=\"\" class=\"wp-image-338809\" srcset=\"https:\/\/jundiai.sp.gov.br\/noticias\/wp-content\/uploads\/sites\/32\/2024\/02\/rick-e-kelly.jpg 1240w, https:\/\/jundiai.sp.gov.br\/noticias\/wp-content\/uploads\/sites\/32\/2024\/02\/rick-e-kelly-300x213.jpg 300w, https:\/\/jundiai.sp.gov.br\/noticias\/wp-content\/uploads\/sites\/32\/2024\/02\/rick-e-kelly-768x544.jpg 768w\" sizes=\"auto, (max-width: 1240px) 100vw, 1240px\" \/><figcaption class=\"wp-element-caption\">Rick e Kelly se apresentam no domingo (25), com o espet\u00e1culo Os tr\u00eas porquinhos e o lobo atrapalhado<\/figcaption><\/figure>\n\n\n\n<p>O Teatro Polytheama est\u00e1 localizado na rua Bar\u00e3o de Jundia\u00ed, 176, Centro.<\/p>\n\n\n\n<p><a href=\"https:\/\/cultura.jundiai.sp.gov.br\/espacos-culturais\/museu-historico-e-cultural-de-jundiai\/\"><strong>Museu Hist\u00f3rico e Cultural de Jundia\u00ed<\/strong><\/a><\/p>\n\n\n\n<p>O Museu Hist\u00f3rico e Cultural \u2013 Solar do Bar\u00e3o, bem como seu jardim, s\u00e3o uma excelente op\u00e7\u00e3o de lazer e cultura.<\/p>\n\n\n\n<figure class=\"wp-block-gallery has-nested-images columns-default is-cropped wp-block-gallery-2 is-layout-flex wp-block-gallery-is-layout-flex\">\n<figure class=\"wp-block-image size-large\"><img loading=\"lazy\" decoding=\"async\" width=\"1280\" height=\"813\" data-id=\"338810\" src=\"https:\/\/jundiai.sp.gov.br\/noticias\/wp-content\/uploads\/sites\/32\/2024\/02\/solar-do_barao_interno_vazio-1280x813-2.jpg\" alt=\"\" class=\"wp-image-338810\" srcset=\"https:\/\/jundiai.sp.gov.br\/noticias\/wp-content\/uploads\/sites\/32\/2024\/02\/solar-do_barao_interno_vazio-1280x813-2.jpg 1280w, https:\/\/jundiai.sp.gov.br\/noticias\/wp-content\/uploads\/sites\/32\/2024\/02\/solar-do_barao_interno_vazio-1280x813-2-300x191.jpg 300w, https:\/\/jundiai.sp.gov.br\/noticias\/wp-content\/uploads\/sites\/32\/2024\/02\/solar-do_barao_interno_vazio-1280x813-2-768x488.jpg 768w\" sizes=\"auto, (max-width: 1280px) 100vw, 1280px\" \/><figcaption class=\"wp-element-caption\">A hist\u00f3ria do Solar pode ser conhecida durante a visita<\/figcaption><\/figure>\n\n\n\n<figure class=\"wp-block-image size-large\"><img loading=\"lazy\" decoding=\"async\" width=\"1280\" height=\"854\" data-id=\"338811\" src=\"https:\/\/jundiai.sp.gov.br\/noticias\/wp-content\/uploads\/sites\/32\/2024\/02\/museu-solar-do-barao-jardim-florido_fm_-77-1280x854.jpg\" alt=\"\" class=\"wp-image-338811\" srcset=\"https:\/\/jundiai.sp.gov.br\/noticias\/wp-content\/uploads\/sites\/32\/2024\/02\/museu-solar-do-barao-jardim-florido_fm_-77-1280x854.jpg 1280w, https:\/\/jundiai.sp.gov.br\/noticias\/wp-content\/uploads\/sites\/32\/2024\/02\/museu-solar-do-barao-jardim-florido_fm_-77-300x200.jpg 300w, https:\/\/jundiai.sp.gov.br\/noticias\/wp-content\/uploads\/sites\/32\/2024\/02\/museu-solar-do-barao-jardim-florido_fm_-77-768x512.jpg 768w, https:\/\/jundiai.sp.gov.br\/noticias\/wp-content\/uploads\/sites\/32\/2024\/02\/museu-solar-do-barao-jardim-florido_fm_-77-1536x1024.jpg 1536w, https:\/\/jundiai.sp.gov.br\/noticias\/wp-content\/uploads\/sites\/32\/2024\/02\/museu-solar-do-barao-jardim-florido_fm_-77-450x300.jpg 450w, https:\/\/jundiai.sp.gov.br\/noticias\/wp-content\/uploads\/sites\/32\/2024\/02\/museu-solar-do-barao-jardim-florido_fm_-77.jpg 1900w\" sizes=\"auto, (max-width: 1280px) 100vw, 1280px\" \/><figcaption class=\"wp-element-caption\">O jardim do Solar \u00e9 uma das atra\u00e7\u00f5es para o visitante<\/figcaption><\/figure>\n<\/figure>\n\n\n\n<p>Com uma proposta inovadora e metalingu\u00edstica, que ressalta o patrim\u00f4nio enquanto motivo da visita, permitindo que o p\u00fablico observe a arquitetura do local e reflita sobre as suas instala\u00e7\u00f5es e analise os reflexos do passado estampados em suas paredes, teto e pavimento \u00e9 a exposi\u00e7\u00e3o programada pela Unidade de Gest\u00e3o de Cultura (UGC) consiste em permitir ao p\u00fablico percorrer todas as salas do Museu sem uma exposi\u00e7\u00e3o montada, mas sim, pelas instala\u00e7\u00f5es e ambi\u00eancias do pr\u00e9dio hist\u00f3rico.<\/p>\n\n\n\n<p>O Solar do Bar\u00e3o est\u00e1 localizado na rua Bar\u00e3o de Jundia\u00ed, 762, Centro. Aberto s\u00e1bado e domingo, das 10h \u00e0s 17h.<\/p>\n\n\n\n<p><strong><a href=\"https:\/\/cultura.jundiai.sp.gov.br\/espacos-culturais\/museu-dos-ferroviarios\/\">Museu Ferrovi\u00e1rio<\/a><\/strong><\/p>\n\n\n\n<p>No local o visitante poder\u00e1 conferir a exposi\u00e7\u00e3o: \u201cFerrovias\u2026 muito al\u00e9m dos trilhos\u201d, que, dividida em duas salas, \u00e9 uma homenagem \u00e0s contribui\u00e7\u00f5es da ferrovia e dos ferrovi\u00e1rios, tanto no mundo, como no Brasil e em Jundia\u00ed.<\/p>\n\n\n\n<figure class=\"wp-block-image size-large\"><img loading=\"lazy\" decoding=\"async\" width=\"1280\" height=\"853\" src=\"https:\/\/jundiai.sp.gov.br\/noticias\/wp-content\/uploads\/sites\/32\/2024\/02\/museu-ferroviario_fm_-94-1-1280x853.jpg\" alt=\"\" class=\"wp-image-338812\" srcset=\"https:\/\/jundiai.sp.gov.br\/noticias\/wp-content\/uploads\/sites\/32\/2024\/02\/museu-ferroviario_fm_-94-1-1280x853.jpg 1280w, https:\/\/jundiai.sp.gov.br\/noticias\/wp-content\/uploads\/sites\/32\/2024\/02\/museu-ferroviario_fm_-94-1-300x200.jpg 300w, https:\/\/jundiai.sp.gov.br\/noticias\/wp-content\/uploads\/sites\/32\/2024\/02\/museu-ferroviario_fm_-94-1-768x512.jpg 768w, https:\/\/jundiai.sp.gov.br\/noticias\/wp-content\/uploads\/sites\/32\/2024\/02\/museu-ferroviario_fm_-94-1-450x300.jpg 450w, https:\/\/jundiai.sp.gov.br\/noticias\/wp-content\/uploads\/sites\/32\/2024\/02\/museu-ferroviario_fm_-94-1.jpg 1323w\" sizes=\"auto, (max-width: 1280px) 100vw, 1280px\" \/><figcaption class=\"wp-element-caption\">A hist\u00f3ria da ferrovia paulista ao alcance do visitante<\/figcaption><\/figure>\n\n\n\n<p>Por meio de documentos, fotos, r\u00e9plicas e pain\u00e9is interativos, a exposi\u00e7\u00e3o visa narrar n\u00e3o s\u00f3 a import\u00e2ncia da ferrovia para o desenvolvimento local e mundial, como tamb\u00e9m a import\u00e2ncia de seus trabalhadores e trabalhadoras.<\/p>\n\n\n\n<p>O Museu Ferrovi\u00e1rio est\u00e1 localizado na avenida Uni\u00e3o dos Ferrovi\u00e1rios, 1.760 \u2013 Espa\u00e7o Expressa (antigo Complexo Fepasa). O hor\u00e1rio de visita \u00e9 das 10h \u00e0s 17h.<\/p>\n\n\n\n<p><a href=\"https:\/\/cultura.jundiai.sp.gov.br\/espacos-culturais\/centro-jundiaiense-de-cultura-jorosil\/pinacoteca-diogenes-duarte-paes\/\"><strong>Pinacoteca Municipal Di\u00f3genes Duarte Paes<\/strong><\/a><\/p>\n\n\n\n<p>Com entrada gratuita o p\u00fablico poder\u00e1 visitar a exposi\u00e7\u00e3o: \u201cDois Mundos entre n\u00f3s\u201d mostra coletiva das artistas: S\u00edlvia Rocha, Cris Suiter e Regina Satori.<\/p>\n\n\n\n<p>\u201cO mundo que acolhe e o que pede socorro\u201d Esta \u00e9 a s\u00edntese da exposi\u00e7\u00e3o Dois Mundos entre n\u00f3s. Atrav\u00e9s da observa\u00e7\u00e3o, das t\u00e9cnicas, cores, e cria\u00e7\u00e3o, as artistas apresentam 30 obras in\u00e9ditas realizadas com t\u00e9cnicas mistas: \u00f3leo sobre tela, acr\u00edlica, aquarela e nanquim.&nbsp;<\/p>\n\n\n\n<figure class=\"wp-block-image size-large\"><img loading=\"lazy\" decoding=\"async\" width=\"1280\" height=\"854\" src=\"https:\/\/jundiai.sp.gov.br\/noticias\/wp-content\/uploads\/sites\/32\/2024\/02\/pinacoteca-exposicao-dois-mundos-entre-nos_fm_-40-2-1280x854.jpg\" alt=\"\" class=\"wp-image-338813\" srcset=\"https:\/\/jundiai.sp.gov.br\/noticias\/wp-content\/uploads\/sites\/32\/2024\/02\/pinacoteca-exposicao-dois-mundos-entre-nos_fm_-40-2-1280x854.jpg 1280w, https:\/\/jundiai.sp.gov.br\/noticias\/wp-content\/uploads\/sites\/32\/2024\/02\/pinacoteca-exposicao-dois-mundos-entre-nos_fm_-40-2-300x200.jpg 300w, https:\/\/jundiai.sp.gov.br\/noticias\/wp-content\/uploads\/sites\/32\/2024\/02\/pinacoteca-exposicao-dois-mundos-entre-nos_fm_-40-2-768x512.jpg 768w, https:\/\/jundiai.sp.gov.br\/noticias\/wp-content\/uploads\/sites\/32\/2024\/02\/pinacoteca-exposicao-dois-mundos-entre-nos_fm_-40-2-1536x1024.jpg 1536w, https:\/\/jundiai.sp.gov.br\/noticias\/wp-content\/uploads\/sites\/32\/2024\/02\/pinacoteca-exposicao-dois-mundos-entre-nos_fm_-40-2-450x300.jpg 450w, https:\/\/jundiai.sp.gov.br\/noticias\/wp-content\/uploads\/sites\/32\/2024\/02\/pinacoteca-exposicao-dois-mundos-entre-nos_fm_-40-2.jpg 1900w\" sizes=\"auto, (max-width: 1280px) 100vw, 1280px\" \/><figcaption class=\"wp-element-caption\">Uma exposi\u00e7\u00e3o que mostra o mundo que acolhe e o que pede socorro na vis\u00e3o de tr\u00eas artistas<\/figcaption><\/figure>\n\n\n\n<p>Outra possibilidade ser\u00e1 a de conferir as exposi\u00e7\u00f5es montadas com as obras da reserva t\u00e9cnica da Pinacoteca, como as obras de&nbsp;Di\u00f3genes Duarte Paes, \u00c9lvio Santiago e&nbsp;Inos Corradin.<\/p>\n\n\n\n<p>A Pinacoteca est\u00e1 localizada na rua Bar\u00e3o de Jundia\u00ed, 109, Centro e est\u00e1 aberta das 10h \u00e0s 17h.<\/p>\n\n\n\n<p><strong>Assessoria de Imprensa<\/strong><br><strong>Fotos: Fot\u00f3grafos PMJ\/Divulga\u00e7\u00e3o<\/strong><\/p>\n","protected":false},"excerpt":{"rendered":"<p>Fevereiro est\u00e1 na reta final e para esse \u00faltimo final de semana, a Unidade de Gest\u00e3o de Cultura (UGC) programou a\u00e7\u00f5es e atra\u00e7\u00f5es culturais que contemplam diversos p\u00fablicos e v\u00e1rias com entrada gratuita. Confira a programa\u00e7\u00e3o de cada equipamento cultural para o final de semana: F\u00e1brica das Inf\u00e2ncias Japy As atra\u00e7\u00f5es aos finais de semana [&hellip;]<\/p>\n","protected":false},"author":83,"featured_media":338810,"comment_status":"closed","ping_status":"0","sticky":false,"template":"","format":"standard","meta":{"footnotes":""},"categories":[2],"tags":[505,718,29,2251,450,290,370,3165,1488],"ods":[],"class_list":["post-338804","post","type-post","status-publish","format-standard","has-post-thumbnail","hentry","category-noticias","tag-biblioteca-municipal-professor-nelson-foot","tag-centro-das-artes-prefeito-pedro-favaro","tag-cultura","tag-fabrica-das-infancias-japy","tag-museu-dos-ferroviarios","tag-museu-historico-e-cultural-solar-do-barao","tag-pinacoteca-municipal-diogenes-duarte-paes","tag-polytheama","tag-solar-do-barao"],"_links":{"self":[{"href":"https:\/\/jundiai.sp.gov.br\/noticias\/wp-json\/wp\/v2\/posts\/338804","targetHints":{"allow":["GET"]}}],"collection":[{"href":"https:\/\/jundiai.sp.gov.br\/noticias\/wp-json\/wp\/v2\/posts"}],"about":[{"href":"https:\/\/jundiai.sp.gov.br\/noticias\/wp-json\/wp\/v2\/types\/post"}],"author":[{"embeddable":true,"href":"https:\/\/jundiai.sp.gov.br\/noticias\/wp-json\/wp\/v2\/users\/83"}],"replies":[{"embeddable":true,"href":"https:\/\/jundiai.sp.gov.br\/noticias\/wp-json\/wp\/v2\/comments?post=338804"}],"version-history":[{"count":4,"href":"https:\/\/jundiai.sp.gov.br\/noticias\/wp-json\/wp\/v2\/posts\/338804\/revisions"}],"predecessor-version":[{"id":338817,"href":"https:\/\/jundiai.sp.gov.br\/noticias\/wp-json\/wp\/v2\/posts\/338804\/revisions\/338817"}],"wp:featuredmedia":[{"embeddable":true,"href":"https:\/\/jundiai.sp.gov.br\/noticias\/wp-json\/wp\/v2\/media\/338810"}],"wp:attachment":[{"href":"https:\/\/jundiai.sp.gov.br\/noticias\/wp-json\/wp\/v2\/media?parent=338804"}],"wp:term":[{"taxonomy":"category","embeddable":true,"href":"https:\/\/jundiai.sp.gov.br\/noticias\/wp-json\/wp\/v2\/categories?post=338804"},{"taxonomy":"post_tag","embeddable":true,"href":"https:\/\/jundiai.sp.gov.br\/noticias\/wp-json\/wp\/v2\/tags?post=338804"},{"taxonomy":"ods","embeddable":true,"href":"https:\/\/jundiai.sp.gov.br\/noticias\/wp-json\/wp\/v2\/ods?post=338804"}],"curies":[{"name":"wp","href":"https:\/\/api.w.org\/{rel}","templated":true}]}}