{"id":338832,"date":"2024-02-22T13:20:23","date_gmt":"2024-02-22T16:20:23","guid":{"rendered":"https:\/\/jundiai.sp.gov.br\/noticias\/?p=338832"},"modified":"2024-02-22T13:33:15","modified_gmt":"2024-02-22T16:33:15","slug":"inscricoes-para-turma-de-beach-tennis2024-serao-no-domingo-03","status":"publish","type":"post","link":"https:\/\/jundiai.sp.gov.br\/noticias\/2024\/02\/22\/inscricoes-para-turma-de-beach-tennis2024-serao-no-domingo-03\/","title":{"rendered":"Inscri\u00e7\u00f5es para turmas de beach tennis\u00b42024 ser\u00e3o no domingo (03)"},"content":{"rendered":"\n<p>A Prefeitura de Jundia\u00ed, a partir da Unidade de Gest\u00e3o de Esporte e Lazer (UGEL), abre inscri\u00e7\u00f5es para os iniciantes na modalidade de t\u00eanis de praia (beach tennis) no domingo (03\/03), como parte das atividades do programa p\u00fablico esportivo Praia T\u00eanis. As inscri\u00e7\u00f5es ser\u00e3o feitas pela plataforma Sympla, a partir das 9h.<br><br>Para este ano, o Praia T\u00eanis traz algumas novidades, como as turmas do &#8220;Prainha&#8221;, voltadas para crian\u00e7as nascidas em 2015 e 2016 (sub-9), al\u00e9m de 2013 e 2014 (sub-11). S\u00e3o 16 vagas por turma, totalizando 160 vagas. As turmas infantis ser\u00e3o em formato de curso, com in\u00edcio em mar\u00e7o e encerramento em dezembro.<\/p>\n\n\n\n<p>Para as turmas de iniciantes +60, ser\u00e3o 12 vagas por turma, totalizando 24 vagas.<\/p>\n\n\n\n<figure class=\"wp-block-image size-large\"><img loading=\"lazy\" decoding=\"async\" width=\"1080\" height=\"675\" src=\"https:\/\/jundiai.sp.gov.br\/noticias\/wp-content\/uploads\/sites\/32\/2024\/02\/tenis-de-praia-quadra-edited.jpg\" alt=\"\" class=\"wp-image-338863\" srcset=\"https:\/\/jundiai.sp.gov.br\/noticias\/wp-content\/uploads\/sites\/32\/2024\/02\/tenis-de-praia-quadra-edited.jpg 1080w, https:\/\/jundiai.sp.gov.br\/noticias\/wp-content\/uploads\/sites\/32\/2024\/02\/tenis-de-praia-quadra-edited-300x188.jpg 300w, https:\/\/jundiai.sp.gov.br\/noticias\/wp-content\/uploads\/sites\/32\/2024\/02\/tenis-de-praia-quadra-edited-768x480.jpg 768w\" sizes=\"auto, (max-width: 1080px) 100vw, 1080px\" \/><figcaption class=\"wp-element-caption\">Aulas ser\u00e3o nas quadras do Mundo das Crian\u00e7as, a partir de 4 de mar\u00e7o, de acordo com os hor\u00e1rios<\/figcaption><\/figure>\n\n\n\n<p>Outra novidade ser\u00e1 a oferta de aulas a partir das 7h para adultos iniciantes. Ser\u00e3o 12 vagas por turma, totalizando 96 vagas em diversos hor\u00e1rios para este grupo. As turmas +60 e adultos funcionar\u00e3o em formato de curso, com in\u00edcio em mar\u00e7o e encerramento em junho.<br><br>As pessoas interessadas devem ler o regulamento e ficar atentas aos crit\u00e9rios de ano de nascimento, dias e hor\u00e1rios escolhidos. Todas as inscri\u00e7\u00f5es ser\u00e3o virtuais pela plataforma Sympla e as vagas ser\u00e3o preenchidas de acordo com a ordem de inscri\u00e7\u00e3o.<\/p>\n\n\n\n<p>Para fazer a inscri\u00e7\u00e3o, basta acessar esse <a href=\"https:\/\/linktr.ee\/praiatenis?utm_source=linktree_admin_share\">link<\/a>, no dia 3 de mar\u00e7o, a partir das 9h.<\/p>\n\n\n\n<p><strong>Turmas do &#8220;Prainha&#8221;  &#8211; <\/strong>Aulas uma vez por semana<br>Local: Parque Mundo das Crian\u00e7as<br>Hor\u00e1rio: das 15h \u00e0s 17h<br>Sub-9 (crian\u00e7as nascidas em 2015 e 2016) &#8211; quadras 1 e 2<br>(segunda, ter\u00e7a, quarta ou quinta)<br>Sub-11 (crian\u00e7as nascidas em 2013 e 2014) &#8211; quadras 5 e 6<br>(segunda, ter\u00e7a, quarta ou quinta)<br><br><strong>&#8220;Dia do Jogo&#8221;<\/strong><br>Todas as sextas-feiras voltado para todas as turmas do &#8220;Prainha&#8221;<br>Hor\u00e1rio: 15h \u00e0s 17h<br><br><strong>Turmas +60:<\/strong><br>Curso para iniciantes<br>Pessoas nascidas at\u00e9 1964<br>(ter\u00e7a ou quinta)<br>Hor\u00e1rio: 8h<br><br><strong>Turmas para adultos<\/strong><br>Curso para iniciantes<br>Pessoas nascidas em 1965 a 2005<br>Ter\u00e7a ou quinta: 7h ou 9h<br>Quarta ou sexta-feira: 9h ou 10h<br><\/p>\n\n\n\n<p><strong>In\u00edcio das aulas<\/strong><br><br>O in\u00edcio das aulas ser\u00e1 na semana seguinte a partir do dia 4. Cada aluna e aluno que fizer a inscri\u00e7\u00e3o receber\u00e1 um e-mail de confirma\u00e7\u00e3o e dever\u00e1 comparecer no dia e hor\u00e1rio em que se matriculou para a confirma\u00e7\u00e3o da sua participa\u00e7\u00e3o\u00a0no\u00a0curso. A falta injustificada no primeiro dia de aula implicar\u00e1 na perda da vaga.<\/p>\n\n\n\n<p>N\u00e3o haver\u00e1 lista&nbsp;de&nbsp;espera.<\/p>\n\n\n\n<figure class=\"wp-block-image size-large\"><img decoding=\"async\" src=\"https:\/\/esporte.jundiai.sp.gov.br\/wp-content\/uploads\/2024\/02\/tenis-de-praia-turmma-1068x950.jpg\" alt=\"\" class=\"wp-image-2007\"\/><figcaption class=\"wp-element-caption\">As inscri\u00e7\u00f5es s\u00e3o para turmas de adultos, +60 e tamb\u00e9m a turma Prainha, para sub-9 e sub-11 <\/figcaption><\/figure>\n\n\n\n<p><strong>Assessoria de Imprensa<\/strong><\/p>\n","protected":false},"excerpt":{"rendered":"<p>A Prefeitura de Jundia\u00ed, a partir da Unidade de Gest\u00e3o de Esporte e Lazer (UGEL), abre inscri\u00e7\u00f5es para os iniciantes na modalidade de t\u00eanis de praia (beach tennis) no domingo (03\/03), como parte das atividades do programa p\u00fablico esportivo Praia T\u00eanis. As inscri\u00e7\u00f5es ser\u00e3o feitas pela plataforma Sympla, a partir das 9h. Para este ano, [&hellip;]<\/p>\n","protected":false},"author":105,"featured_media":338833,"comment_status":"closed","ping_status":"0","sticky":false,"template":"","format":"standard","meta":{"footnotes":""},"categories":[2],"tags":[2887,35,981,2826,1045],"ods":[],"class_list":["post-338832","post","type-post","status-publish","format-standard","has-post-thumbnail","hentry","category-noticias","tag-beach-tennis","tag-esporte-e-lazer","tag-promocao-da-saude","tag-tenis-de-praia","tag-time-jundiai"],"_links":{"self":[{"href":"https:\/\/jundiai.sp.gov.br\/noticias\/wp-json\/wp\/v2\/posts\/338832","targetHints":{"allow":["GET"]}}],"collection":[{"href":"https:\/\/jundiai.sp.gov.br\/noticias\/wp-json\/wp\/v2\/posts"}],"about":[{"href":"https:\/\/jundiai.sp.gov.br\/noticias\/wp-json\/wp\/v2\/types\/post"}],"author":[{"embeddable":true,"href":"https:\/\/jundiai.sp.gov.br\/noticias\/wp-json\/wp\/v2\/users\/105"}],"replies":[{"embeddable":true,"href":"https:\/\/jundiai.sp.gov.br\/noticias\/wp-json\/wp\/v2\/comments?post=338832"}],"version-history":[{"count":3,"href":"https:\/\/jundiai.sp.gov.br\/noticias\/wp-json\/wp\/v2\/posts\/338832\/revisions"}],"predecessor-version":[{"id":338865,"href":"https:\/\/jundiai.sp.gov.br\/noticias\/wp-json\/wp\/v2\/posts\/338832\/revisions\/338865"}],"wp:featuredmedia":[{"embeddable":true,"href":"https:\/\/jundiai.sp.gov.br\/noticias\/wp-json\/wp\/v2\/media\/338833"}],"wp:attachment":[{"href":"https:\/\/jundiai.sp.gov.br\/noticias\/wp-json\/wp\/v2\/media?parent=338832"}],"wp:term":[{"taxonomy":"category","embeddable":true,"href":"https:\/\/jundiai.sp.gov.br\/noticias\/wp-json\/wp\/v2\/categories?post=338832"},{"taxonomy":"post_tag","embeddable":true,"href":"https:\/\/jundiai.sp.gov.br\/noticias\/wp-json\/wp\/v2\/tags?post=338832"},{"taxonomy":"ods","embeddable":true,"href":"https:\/\/jundiai.sp.gov.br\/noticias\/wp-json\/wp\/v2\/ods?post=338832"}],"curies":[{"name":"wp","href":"https:\/\/api.w.org\/{rel}","templated":true}]}}