{"id":338986,"date":"2024-02-23T09:41:08","date_gmt":"2024-02-23T12:41:08","guid":{"rendered":"https:\/\/jundiai.sp.gov.br\/noticias\/?p=338986"},"modified":"2024-02-23T09:41:08","modified_gmt":"2024-02-23T12:41:08","slug":"obras-da-nova-adutora-da-dae-chegam-a-avenida-jundiai-neste-fim-de-semana","status":"publish","type":"post","link":"https:\/\/jundiai.sp.gov.br\/noticias\/2024\/02\/23\/obras-da-nova-adutora-da-dae-chegam-a-avenida-jundiai-neste-fim-de-semana\/","title":{"rendered":"Obras da nova adutora da DAE chegam \u00e0 avenida Jundia\u00ed, neste fim de semana"},"content":{"rendered":"\n<p>Em continuidade \u00e0 implanta\u00e7\u00e3o de uma nova adutora, para modernizar o abastecimento na cidade, neste s\u00e1bado e domingo (dias 24 e 25), a DAE Jundia\u00ed realiza obras na avenida Jundia\u00ed, no trecho entre a rua Bar\u00e3o de Teff\u00e9 e a avenida Dona Manoela Lacerda de Vergueiro. No s\u00e1bado, a avenida Jundia\u00ed ser\u00e1 interditada de forma total, a partir da avenida Engenheiro Jos\u00e9 Maria da Silva Velho, no sentido centro-bairro; j\u00e1 no domingo, a interdi\u00e7\u00e3o ser\u00e1 parcial, no sentido inverso (bairro-centro).<\/p>\n\n\n<div class=\"wp-block-image\">\n<figure class=\"aligncenter size-large\"><a href=\"https:\/\/jundiai.sp.gov.br\/noticias\/wp-content\/uploads\/sites\/32\/2024\/02\/adutora_obra-barao-de-teffe-21.jpg\"><img loading=\"lazy\" decoding=\"async\" width=\"1280\" height=\"853\" src=\"https:\/\/jundiai.sp.gov.br\/noticias\/wp-content\/uploads\/sites\/32\/2024\/02\/adutora_obra-barao-de-teffe-21-1280x853.jpg\" alt=\"\" class=\"wp-image-338987\" srcset=\"https:\/\/jundiai.sp.gov.br\/noticias\/wp-content\/uploads\/sites\/32\/2024\/02\/adutora_obra-barao-de-teffe-21-1280x853.jpg 1280w, https:\/\/jundiai.sp.gov.br\/noticias\/wp-content\/uploads\/sites\/32\/2024\/02\/adutora_obra-barao-de-teffe-21-300x200.jpg 300w, https:\/\/jundiai.sp.gov.br\/noticias\/wp-content\/uploads\/sites\/32\/2024\/02\/adutora_obra-barao-de-teffe-21-768x512.jpg 768w, https:\/\/jundiai.sp.gov.br\/noticias\/wp-content\/uploads\/sites\/32\/2024\/02\/adutora_obra-barao-de-teffe-21-1536x1023.jpg 1536w, https:\/\/jundiai.sp.gov.br\/noticias\/wp-content\/uploads\/sites\/32\/2024\/02\/adutora_obra-barao-de-teffe-21-450x300.jpg 450w, https:\/\/jundiai.sp.gov.br\/noticias\/wp-content\/uploads\/sites\/32\/2024\/02\/adutora_obra-barao-de-teffe-21.jpg 1900w\" sizes=\"auto, (max-width: 1280px) 100vw, 1280px\" \/><\/a><figcaption class=\"wp-element-caption\"><em>Obras atravessam a avenida Jundia\u00ed a partir deste s\u00e1bado (24); interdi\u00e7\u00e3o ser\u00e1 total, das 7 \u00e0s 18 horas<\/em><\/figcaption><\/figure>\n<\/div>\n\n\n<p>Em ambos os dias, os servi\u00e7os ocorrer\u00e3o das 7 \u00e0s 18 horas. Os desvios estar\u00e3o indicados e o local sinalizado.<\/p>\n\n\n\n<p>Na sequ\u00eancia, as obras chegam \u00e0 rua dos Cristais, no Jardim Ana Maria. A via de entrada do bairro ser\u00e1 interditada de forma total, por quadras, durante 30 dias. O acesso dos moradores ser\u00e1 poss\u00edvel pelas demais ruas.<\/p>\n\n\n\n<p>Em caso de d\u00favidas ou sugest\u00f5es, a Central de Relacionamento da empresa est\u00e1 \u00e0 disposi\u00e7\u00e3o pelo telefone 0800 0133 155. A liga\u00e7\u00e3o \u00e9 gratuita e o atendimento 24 horas.<\/p>\n\n\n\n<p><strong>Assessoria de Comunica\u00e7\u00e3o &#8211; DAE Jundia\u00ed<\/strong><\/p>\n\n\n\n<p><strong>Foto: DAE Jundia\u00ed<\/strong><\/p>\n","protected":false},"excerpt":{"rendered":"<p>Em continuidade \u00e0 implanta\u00e7\u00e3o de uma nova adutora, para modernizar o abastecimento na cidade, neste s\u00e1bado e domingo (dias 24 e 25), a DAE Jundia\u00ed realiza obras na avenida Jundia\u00ed, no trecho entre a rua Bar\u00e3o de Teff\u00e9 e a avenida Dona Manoela Lacerda de Vergueiro. No s\u00e1bado, a avenida Jundia\u00ed ser\u00e1 interditada de forma [&hellip;]<\/p>\n","protected":false},"author":51,"featured_media":338987,"comment_status":"closed","ping_status":"0","sticky":false,"template":"","format":"standard","meta":{"footnotes":""},"categories":[2],"tags":[3890,3497,66,1940,1994,4358,4436,1261],"ods":[],"class_list":["post-338986","post","type-post","status-publish","format-standard","has-post-thumbnail","hentry","category-noticias","tag-avenida-dona-manoela-lacerda-de-vergueiro","tag-avenida-jundiai","tag-dae","tag-dae-jundiai","tag-interdicao","tag-jardim-ana-maria","tag-nova-adutora","tag-ugmt"],"_links":{"self":[{"href":"https:\/\/jundiai.sp.gov.br\/noticias\/wp-json\/wp\/v2\/posts\/338986","targetHints":{"allow":["GET"]}}],"collection":[{"href":"https:\/\/jundiai.sp.gov.br\/noticias\/wp-json\/wp\/v2\/posts"}],"about":[{"href":"https:\/\/jundiai.sp.gov.br\/noticias\/wp-json\/wp\/v2\/types\/post"}],"author":[{"embeddable":true,"href":"https:\/\/jundiai.sp.gov.br\/noticias\/wp-json\/wp\/v2\/users\/51"}],"replies":[{"embeddable":true,"href":"https:\/\/jundiai.sp.gov.br\/noticias\/wp-json\/wp\/v2\/comments?post=338986"}],"version-history":[{"count":1,"href":"https:\/\/jundiai.sp.gov.br\/noticias\/wp-json\/wp\/v2\/posts\/338986\/revisions"}],"predecessor-version":[{"id":338988,"href":"https:\/\/jundiai.sp.gov.br\/noticias\/wp-json\/wp\/v2\/posts\/338986\/revisions\/338988"}],"wp:featuredmedia":[{"embeddable":true,"href":"https:\/\/jundiai.sp.gov.br\/noticias\/wp-json\/wp\/v2\/media\/338987"}],"wp:attachment":[{"href":"https:\/\/jundiai.sp.gov.br\/noticias\/wp-json\/wp\/v2\/media?parent=338986"}],"wp:term":[{"taxonomy":"category","embeddable":true,"href":"https:\/\/jundiai.sp.gov.br\/noticias\/wp-json\/wp\/v2\/categories?post=338986"},{"taxonomy":"post_tag","embeddable":true,"href":"https:\/\/jundiai.sp.gov.br\/noticias\/wp-json\/wp\/v2\/tags?post=338986"},{"taxonomy":"ods","embeddable":true,"href":"https:\/\/jundiai.sp.gov.br\/noticias\/wp-json\/wp\/v2\/ods?post=338986"}],"curies":[{"name":"wp","href":"https:\/\/api.w.org\/{rel}","templated":true}]}}