{"id":339037,"date":"2024-02-24T08:46:28","date_gmt":"2024-02-24T11:46:28","guid":{"rendered":"https:\/\/jundiai.sp.gov.br\/noticias\/?p=339037"},"modified":"2024-02-24T08:46:28","modified_gmt":"2024-02-24T11:46:28","slug":"fens-nos-bairros-edicao-na-colonia-promove-economia-local-e-entretenimento-para-toda-familia","status":"publish","type":"post","link":"https:\/\/jundiai.sp.gov.br\/noticias\/2024\/02\/24\/fens-nos-bairros-edicao-na-colonia-promove-economia-local-e-entretenimento-para-toda-familia\/","title":{"rendered":"FENS nos Bairros: edi\u00e7\u00e3o na Col\u00f4nia promove economia local e entretenimento para toda fam\u00edlia"},"content":{"rendered":"\n<p>Est\u00e1 procurando aquela decora\u00e7\u00e3o que falta para sua casa, produtos para os pets, joias e semijoias, artesanato ou doces gourmet? Tudo isso e muito \u00e9 poss\u00edvel encontrar na <a href=\"https:\/\/jundiai.sp.gov.br\/fensnosbairros\/\" data-type=\"link\" data-id=\"https:\/\/jundiai.sp.gov.br\/fensnosbairros\/\">2\u00aa FENS nos Bairros<\/a>, que come\u00e7ou na sexta-feira (23), na Par\u00f3quia Sagrado Cora\u00e7\u00e3o de Jesus, na Col\u00f4nia. O evento prossegue at\u00e9 domingo, com<strong> <\/strong>entrada e o estacionamento s\u00e3o gratuitos.<\/p>\n\n\n\n<p>S\u00e3o aproximadamente 70 estandes com os mais variados produtos, que participam da segunda edi\u00e7\u00e3o da FENS nos Bairros. A a\u00e7\u00e3o teve in\u00edcio em 2023 pela regi\u00e3o Oeste da cidade, que conta com mais de 140 mil habitantes. Foi realizada em outubro, na Par\u00f3quia S\u00e3o Jo\u00e3o Bosco, no Eloy Chaves, e teve um resultado financeiro de R$ 150 mil aos empreendedores em tr\u00eas dias de evento.<\/p>\n\n\n\n<figure class=\"wp-block-image size-large\"><img loading=\"lazy\" decoding=\"async\" width=\"1280\" height=\"854\" src=\"https:\/\/jundiai.sp.gov.br\/noticias\/wp-content\/uploads\/sites\/32\/2024\/02\/gestores_visitam_abertura_fens_nos_bairros_pa-2-1-1280x854.jpg\" alt=\"\" class=\"wp-image-339092\" srcset=\"https:\/\/jundiai.sp.gov.br\/noticias\/wp-content\/uploads\/sites\/32\/2024\/02\/gestores_visitam_abertura_fens_nos_bairros_pa-2-1-1280x854.jpg 1280w, https:\/\/jundiai.sp.gov.br\/noticias\/wp-content\/uploads\/sites\/32\/2024\/02\/gestores_visitam_abertura_fens_nos_bairros_pa-2-1-300x200.jpg 300w, https:\/\/jundiai.sp.gov.br\/noticias\/wp-content\/uploads\/sites\/32\/2024\/02\/gestores_visitam_abertura_fens_nos_bairros_pa-2-1-768x512.jpg 768w, https:\/\/jundiai.sp.gov.br\/noticias\/wp-content\/uploads\/sites\/32\/2024\/02\/gestores_visitam_abertura_fens_nos_bairros_pa-2-1-1536x1024.jpg 1536w, https:\/\/jundiai.sp.gov.br\/noticias\/wp-content\/uploads\/sites\/32\/2024\/02\/gestores_visitam_abertura_fens_nos_bairros_pa-2-1-450x300.jpg 450w, https:\/\/jundiai.sp.gov.br\/noticias\/wp-content\/uploads\/sites\/32\/2024\/02\/gestores_visitam_abertura_fens_nos_bairros_pa-2-1.jpg 1900w\" sizes=\"auto, (max-width: 1280px) 100vw, 1280px\" \/><figcaption class=\"wp-element-caption\">Feira acontece no sal\u00e3o paroquial da Igreja Sagrado Cora\u00e7\u00e3o de Jesus<\/figcaption><\/figure>\n\n\n\n<p>Al\u00e9m das variadas op\u00e7\u00f5es de compras, a feira tem uma pra\u00e7a de alimenta\u00e7\u00e3o com pratos t\u00edpicos da tradicional Festa Italiana, lanches, past\u00e9is e diversas op\u00e7\u00f5es de sobremesas. Como a\u00e7\u00e3o social, quem visitar a 2\u00aa FENS nos Bairros poder\u00e1 ajudar os animais abandonados, fazendo doa\u00e7\u00e3o de ra\u00e7\u00e3o tanto para c\u00e3es como para gatos. <\/p>\n\n\n\n<p>\u201cJ\u00e1 tivemos mais de 1,5 mil fam\u00edlias empreendedoras participando das quatro edi\u00e7\u00f5es da FENS, desde agosto de 2022 no Parque da Uva. Isso gerou um p\u00fablico superior a 100 mil pessoas e uma movimenta\u00e7\u00e3o financeira de mais de R$ 5 milh\u00f5es, o que mostra o sucesso desta proposta de apoio e valoriza\u00e7\u00e3o do com\u00e9rcio local idealizada pelo prefeito Luiz Fernando Machado\u201d, destacou Sami Mansour, gestor de Desenvolvimento Econ\u00f4mico, Ci\u00eancia e Tecnologia (UGDECT).<\/p>\n\n\n\n<p>A FENS nos Bairros \u00e9 uma iniciativa da Prefeitura de Jundia\u00ed, por meio da Unidade de Desenvolvimento Econ\u00f4mico, Ci\u00eancia e Tecnologia (UGDECT), e faz parte das ferramentas do <a href=\"https:\/\/negocios.jundiai.sp.gov.br\/\" data-type=\"link\" data-id=\"https:\/\/negocios.jundiai.sp.gov.br\/\">Programa Jundia\u00ed Empreendedora <\/a>no fomento ao empreendedorismo e apoio aos pequenos e microempreendedores da cidade.<\/p>\n\n\n\n<p>A 2\u00aa edi\u00e7\u00e3o da FENS nos Bairros contemplar\u00e1 as regi\u00f5es Leste e Nordeste, nos dias 23, 24 e 25 de fevereiro, na Par\u00f3quia Sagrado Cora\u00e7\u00e3o de Jesus, na Col\u00f4nia. O objetivo \u00e9 que os empreendedores apresentem produtos e servi\u00e7os \u00e0 popula\u00e7\u00e3o, fa\u00e7am vendas e todo o tipo de networking que puderem para tornar as marcas conhecidas do p\u00fablico consumidor daquelas regi\u00f5es.<\/p>\n\n\n\n<p><strong>Servi\u00e7o \u2013 FENS NOS BAIRROS \u2013 REGI\u00d5ES LESTE E NORDESTE<\/strong><br>Data: 23, 24 e 25 de fevereiro<br>Hor\u00e1rio: sexta das 18h \u00e0s 22h; s\u00e1bado e domingo das 9h \u00e0s 22h<br>Local: sal\u00e3o da Par\u00f3quia Sagrado Cora\u00e7\u00e3o de Jesus \u2013 rua Humberto Primeiro, 103, Col\u00f4nia<br>Entrada e estacionamento: gratuitos<br>Quem participa: pequenos e microempreendedores de produtos e servi\u00e7os da Regi\u00e3o Leste e Nordeste de Jundia\u00ed<\/p>\n\n\n\n<p><strong>Assessoria de Imprensa<br>Foto: Fot\u00f3grafos PMJ<\/strong><\/p>\n","protected":false},"excerpt":{"rendered":"<p>Est\u00e1 procurando aquela decora\u00e7\u00e3o que falta para sua casa, produtos para os pets, joias e semijoias, artesanato ou doces gourmet? Tudo isso e muito \u00e9 poss\u00edvel encontrar na 2\u00aa FENS nos Bairros, que come\u00e7ou na sexta-feira (23), na Par\u00f3quia Sagrado Cora\u00e7\u00e3o de Jesus, na Col\u00f4nia. O evento prossegue at\u00e9 domingo, com entrada e o estacionamento [&hellip;]<\/p>\n","protected":false},"author":97,"featured_media":339092,"comment_status":"closed","ping_status":"0","sticky":false,"template":"","format":"standard","meta":{"footnotes":""},"categories":[2],"tags":[365,3163,1192],"ods":[4228,4229],"class_list":["post-339037","post","type-post","status-publish","format-standard","has-post-thumbnail","hentry","category-noticias","tag-desenvolvimento-economico-ciencia-e-tecnologia","tag-fens","tag-ugdect","ods-ods-08","ods-ods-09"],"_links":{"self":[{"href":"https:\/\/jundiai.sp.gov.br\/noticias\/wp-json\/wp\/v2\/posts\/339037","targetHints":{"allow":["GET"]}}],"collection":[{"href":"https:\/\/jundiai.sp.gov.br\/noticias\/wp-json\/wp\/v2\/posts"}],"about":[{"href":"https:\/\/jundiai.sp.gov.br\/noticias\/wp-json\/wp\/v2\/types\/post"}],"author":[{"embeddable":true,"href":"https:\/\/jundiai.sp.gov.br\/noticias\/wp-json\/wp\/v2\/users\/97"}],"replies":[{"embeddable":true,"href":"https:\/\/jundiai.sp.gov.br\/noticias\/wp-json\/wp\/v2\/comments?post=339037"}],"version-history":[{"count":8,"href":"https:\/\/jundiai.sp.gov.br\/noticias\/wp-json\/wp\/v2\/posts\/339037\/revisions"}],"predecessor-version":[{"id":339094,"href":"https:\/\/jundiai.sp.gov.br\/noticias\/wp-json\/wp\/v2\/posts\/339037\/revisions\/339094"}],"wp:featuredmedia":[{"embeddable":true,"href":"https:\/\/jundiai.sp.gov.br\/noticias\/wp-json\/wp\/v2\/media\/339092"}],"wp:attachment":[{"href":"https:\/\/jundiai.sp.gov.br\/noticias\/wp-json\/wp\/v2\/media?parent=339037"}],"wp:term":[{"taxonomy":"category","embeddable":true,"href":"https:\/\/jundiai.sp.gov.br\/noticias\/wp-json\/wp\/v2\/categories?post=339037"},{"taxonomy":"post_tag","embeddable":true,"href":"https:\/\/jundiai.sp.gov.br\/noticias\/wp-json\/wp\/v2\/tags?post=339037"},{"taxonomy":"ods","embeddable":true,"href":"https:\/\/jundiai.sp.gov.br\/noticias\/wp-json\/wp\/v2\/ods?post=339037"}],"curies":[{"name":"wp","href":"https:\/\/api.w.org\/{rel}","templated":true}]}}