{"id":339221,"date":"2024-02-26T16:33:07","date_gmt":"2024-02-26T19:33:07","guid":{"rendered":"https:\/\/jundiai.sp.gov.br\/noticias\/?p=339221"},"modified":"2024-02-26T16:33:07","modified_gmt":"2024-02-26T19:33:07","slug":"para-obras-dae-interdita-rua-dos-cristais-no-jardim-ana-maria","status":"publish","type":"post","link":"https:\/\/jundiai.sp.gov.br\/noticias\/2024\/02\/26\/para-obras-dae-interdita-rua-dos-cristais-no-jardim-ana-maria\/","title":{"rendered":"Para obras, DAE interdita rua dos Cristais, no Jardim Ana Maria"},"content":{"rendered":"\n<p>Tiveram continuidade, nesta segunda-feira (26), as obras de implanta\u00e7\u00e3o de uma nova adutora da DAE Jundia\u00ed. Os servi\u00e7os est\u00e3o concentrados na rua dos Cristais, via de entrada do Jardim Ana Maria. O local est\u00e1 sinalizado e a previs\u00e3o \u00e9 de que as obras, neste trecho, durem em torno de 30 dias.<\/p>\n\n\n\n<p><\/p>\n\n\n\n<figure class=\"wp-block-image size-large\"><a href=\"https:\/\/jundiai.sp.gov.br\/noticias\/wp-content\/uploads\/sites\/32\/2024\/02\/jardim-ana-maria-3.jpeg\"><img loading=\"lazy\" decoding=\"async\" width=\"1280\" height=\"720\" src=\"https:\/\/jundiai.sp.gov.br\/noticias\/wp-content\/uploads\/sites\/32\/2024\/02\/jardim-ana-maria-3-1280x720.jpeg\" alt=\"\" class=\"wp-image-339222\" srcset=\"https:\/\/jundiai.sp.gov.br\/noticias\/wp-content\/uploads\/sites\/32\/2024\/02\/jardim-ana-maria-3-1280x720.jpeg 1280w, https:\/\/jundiai.sp.gov.br\/noticias\/wp-content\/uploads\/sites\/32\/2024\/02\/jardim-ana-maria-3-300x169.jpeg 300w, https:\/\/jundiai.sp.gov.br\/noticias\/wp-content\/uploads\/sites\/32\/2024\/02\/jardim-ana-maria-3-768x432.jpeg 768w, https:\/\/jundiai.sp.gov.br\/noticias\/wp-content\/uploads\/sites\/32\/2024\/02\/jardim-ana-maria-3-1536x864.jpeg 1536w, https:\/\/jundiai.sp.gov.br\/noticias\/wp-content\/uploads\/sites\/32\/2024\/02\/jardim-ana-maria-3.jpeg 1600w\" sizes=\"auto, (max-width: 1280px) 100vw, 1280px\" \/><\/a><figcaption class=\"wp-element-caption\">O local est\u00e1 sinalizado e a previs\u00e3o \u00e9 de que as obras, neste trecho, durem em torno de 30 dias.<\/figcaption><\/figure>\n\n\n\n<p><\/p>\n\n\n\n<p>Para avisar a popula\u00e7\u00e3o, al\u00e9m da divulga\u00e7\u00e3o pelas redes sociais da DAE e imprensa, foi afixada uma faixa e um folder com detalhes sobre a obra foi distribu\u00eddo aos im\u00f3veis localizados na rua dos Cristais, rua Clemente Ferreira, avenida Clotilde Copelli de Miranda, rua Capit\u00e3o Joaquim da Silva Rocha, avenida Engenheiro Francisco Oliva e rua Professor Mucio Lobo da Costa.<\/p>\n\n\n\n<p>&#8220;Parte da rua dos Cristais est\u00e1 interditada e avan\u00e7aremos com cautela, de modo que o acesso dos moradores seja poss\u00edvel pelas demais vias&#8221;, explica o gerente de Obras de \u00c1gua da DAE, Osmar Aparecido Raphael.<\/p>\n\n\n\n<p>No \u00faltimo fim de semana, as obras da nova adutora atravessaram a avenida Jundia\u00ed. O trecho da avenida Dona Manoela Lacerda de Vergueiro, entre a avenida Jundia\u00ed e a Bar\u00e3o de Teff\u00e9, segue interditado.<\/p>\n\n\n\n<p>Em caso de d\u00favidas ou sugest\u00f5es, a Central de Relacionamento da empresa est\u00e1 \u00e0 disposi\u00e7\u00e3o pelo telefone 0800 0133 155. A liga\u00e7\u00e3o \u00e9 gratuita e o atendimento 24 horas.<\/p>\n\n\n\n<p><strong>Assessoria de Comunica\u00e7\u00e3o \u2013 DAE Jundia\u00ed<\/strong><br><strong>Fotos: DAE Jundia\u00ed<\/strong><\/p>\n","protected":false},"excerpt":{"rendered":"<p>Tiveram continuidade, nesta segunda-feira (26), as obras de implanta\u00e7\u00e3o de uma nova adutora da DAE Jundia\u00ed. Os servi\u00e7os est\u00e3o concentrados na rua dos Cristais, via de entrada do Jardim Ana Maria. O local est\u00e1 sinalizado e a previs\u00e3o \u00e9 de que as obras, neste trecho, durem em torno de 30 dias. Para avisar a popula\u00e7\u00e3o, [&hellip;]<\/p>\n","protected":false},"author":89,"featured_media":339223,"comment_status":"closed","ping_status":"0","sticky":false,"template":"","format":"standard","meta":{"footnotes":""},"categories":[2],"tags":[66,1940,4358,4436],"ods":[],"class_list":["post-339221","post","type-post","status-publish","format-standard","has-post-thumbnail","hentry","category-noticias","tag-dae","tag-dae-jundiai","tag-jardim-ana-maria","tag-nova-adutora"],"_links":{"self":[{"href":"https:\/\/jundiai.sp.gov.br\/noticias\/wp-json\/wp\/v2\/posts\/339221","targetHints":{"allow":["GET"]}}],"collection":[{"href":"https:\/\/jundiai.sp.gov.br\/noticias\/wp-json\/wp\/v2\/posts"}],"about":[{"href":"https:\/\/jundiai.sp.gov.br\/noticias\/wp-json\/wp\/v2\/types\/post"}],"author":[{"embeddable":true,"href":"https:\/\/jundiai.sp.gov.br\/noticias\/wp-json\/wp\/v2\/users\/89"}],"replies":[{"embeddable":true,"href":"https:\/\/jundiai.sp.gov.br\/noticias\/wp-json\/wp\/v2\/comments?post=339221"}],"version-history":[{"count":1,"href":"https:\/\/jundiai.sp.gov.br\/noticias\/wp-json\/wp\/v2\/posts\/339221\/revisions"}],"predecessor-version":[{"id":339224,"href":"https:\/\/jundiai.sp.gov.br\/noticias\/wp-json\/wp\/v2\/posts\/339221\/revisions\/339224"}],"wp:featuredmedia":[{"embeddable":true,"href":"https:\/\/jundiai.sp.gov.br\/noticias\/wp-json\/wp\/v2\/media\/339223"}],"wp:attachment":[{"href":"https:\/\/jundiai.sp.gov.br\/noticias\/wp-json\/wp\/v2\/media?parent=339221"}],"wp:term":[{"taxonomy":"category","embeddable":true,"href":"https:\/\/jundiai.sp.gov.br\/noticias\/wp-json\/wp\/v2\/categories?post=339221"},{"taxonomy":"post_tag","embeddable":true,"href":"https:\/\/jundiai.sp.gov.br\/noticias\/wp-json\/wp\/v2\/tags?post=339221"},{"taxonomy":"ods","embeddable":true,"href":"https:\/\/jundiai.sp.gov.br\/noticias\/wp-json\/wp\/v2\/ods?post=339221"}],"curies":[{"name":"wp","href":"https:\/\/api.w.org\/{rel}","templated":true}]}}