{"id":339442,"date":"2024-03-01T08:00:00","date_gmt":"2024-03-01T11:00:00","guid":{"rendered":"https:\/\/jundiai.sp.gov.br\/noticias\/?p=339442"},"modified":"2024-02-29T11:04:16","modified_gmt":"2024-02-29T14:04:16","slug":"cultura-exposicoes-show-de-humor-e-programacao-infantil-abrem-o-mes-de-marco","status":"publish","type":"post","link":"https:\/\/jundiai.sp.gov.br\/noticias\/2024\/03\/01\/cultura-exposicoes-show-de-humor-e-programacao-infantil-abrem-o-mes-de-marco\/","title":{"rendered":"Cultura: Exposi\u00e7\u00f5es, show de humor e programa\u00e7\u00e3o infantil abrem o m\u00eas de mar\u00e7o"},"content":{"rendered":"\n<p>Mar\u00e7o chegou e a Unidade de Gest\u00e3o de Cultura (UGC), programou uma s\u00e9rie de a\u00e7\u00f5es para o decorrer do m\u00eas. Para o primeiro final de semana as a\u00e7\u00f5es para as crian\u00e7as da cidade e da regi\u00e3o, todas com entrada gratuita, est\u00e3o garantidas com apresenta\u00e7\u00f5es na Biblioteca Nelson Foot e na F\u00e1brica das Inf\u00e2ncias Japy.<\/p>\n\n\n\n<p>Confira a programa\u00e7\u00e3o em cada equipamento cultural da cidade para s\u00e1bado (02) e domingo (03):<\/p>\n\n\n\n<p><strong>Biblioteca Nelson Foot<\/strong><\/p>\n\n\n\n<p>A partir das 11h, neste s\u00e1bado (02), Conta\u00e7\u00e3o de Hist\u00f3ria com os atores da Cia. Inspirarte. com hist\u00f3ria sobre as Lendas Folcl\u00f3ricas, no espet\u00e1culo \u201cPela estrada afora\u201d \u2026 A hist\u00f3ria trata de dois viajantes que passam a vida andando e conhecendo diversos lugares pelo Brasil e, a cada parada, eles abrem a mala e contam uma hist\u00f3ria.<\/p>\n\n\n\n<figure class=\"wp-block-image size-full\"><img loading=\"lazy\" decoding=\"async\" width=\"960\" height=\"600\" src=\"https:\/\/jundiai.sp.gov.br\/noticias\/wp-content\/uploads\/sites\/32\/2024\/02\/cia-inspirate-edited1.jpeg\" alt=\"\" class=\"wp-image-339450\" srcset=\"https:\/\/jundiai.sp.gov.br\/noticias\/wp-content\/uploads\/sites\/32\/2024\/02\/cia-inspirate-edited1.jpeg 960w, https:\/\/jundiai.sp.gov.br\/noticias\/wp-content\/uploads\/sites\/32\/2024\/02\/cia-inspirate-edited1-300x188.jpeg 300w, https:\/\/jundiai.sp.gov.br\/noticias\/wp-content\/uploads\/sites\/32\/2024\/02\/cia-inspirate-edited1-768x480.jpeg 768w\" sizes=\"auto, (max-width: 960px) 100vw, 960px\" \/><figcaption class=\"wp-element-caption\">Atores da Cia. Inspirarte se apresentam s\u00e1bado na Biblioteca<\/figcaption><\/figure>\n\n\n\n<p>Tamb\u00e9m neste s\u00e1bado, o p\u00fablico poder\u00e1 visitar duas exposi\u00e7\u00f5es: no espa\u00e7o Sonia Cintra, \u201cProjeto Novos Olhares\u201d, do Gr\u00eamio Cultural Professor Pedro F\u00e1varo e na Galeria Jundia\u00ed, a mostra do artista visual Luciano Duran \u201cEterna Busca\u201d.<\/p>\n\n\n\n<p>Na Biblioteca aos s\u00e1bados tamb\u00e9m acontece a Oficina de Xadrez, aberta a todos os interessados.<\/p>\n\n\n\n<p>A Biblioteca est\u00e1 localizada dentro do Complexo Argos, na rua Dr. Cavalcanti, 396 \u2013 Vila Arens. O hor\u00e1rio de funcionamento aos s\u00e1bados \u00e9 das 10h \u00e0s 17h. Durante a semana o hor\u00e1rio \u00e9 das 9h \u00e0s 21h.<strong><\/strong><\/p>\n\n\n\n<p><strong>Centro das Artes Prefeito Pedro F\u00e1varo<\/strong><\/p>\n\n\n\n<p>O Centro das Artes Prefeito Pedro F\u00e1varo segue aberto para visita\u00e7\u00e3o do p\u00fablico para conferir as suas novas instala\u00e7\u00f5es e a Mostra Coletiva da Galeria de Exposi\u00e7\u00f5es Olga de Brito, o mais novo espa\u00e7o expositivo da cidade, e que conta nesta estreia com as obras de mais de quarenta artista locais e nas mais diversas t\u00e9cnicas, como quadros, esculturas e instala\u00e7\u00f5es art\u00edsticas diversas. A coletiva prossegue at\u00e9 dia 10 de mar\u00e7o.<\/p>\n\n\n\n<figure class=\"wp-block-image size-large\"><img loading=\"lazy\" decoding=\"async\" width=\"1280\" height=\"854\" src=\"https:\/\/jundiai.sp.gov.br\/noticias\/wp-content\/uploads\/sites\/32\/2024\/02\/exposicao_coletiva_galeria_olga_de_brito_centro_das_artes_pa-32-1280x854.jpg\" alt=\"\" class=\"wp-image-339452\" srcset=\"https:\/\/jundiai.sp.gov.br\/noticias\/wp-content\/uploads\/sites\/32\/2024\/02\/exposicao_coletiva_galeria_olga_de_brito_centro_das_artes_pa-32-1280x854.jpg 1280w, https:\/\/jundiai.sp.gov.br\/noticias\/wp-content\/uploads\/sites\/32\/2024\/02\/exposicao_coletiva_galeria_olga_de_brito_centro_das_artes_pa-32-300x200.jpg 300w, https:\/\/jundiai.sp.gov.br\/noticias\/wp-content\/uploads\/sites\/32\/2024\/02\/exposicao_coletiva_galeria_olga_de_brito_centro_das_artes_pa-32-768x512.jpg 768w, https:\/\/jundiai.sp.gov.br\/noticias\/wp-content\/uploads\/sites\/32\/2024\/02\/exposicao_coletiva_galeria_olga_de_brito_centro_das_artes_pa-32-1536x1024.jpg 1536w, https:\/\/jundiai.sp.gov.br\/noticias\/wp-content\/uploads\/sites\/32\/2024\/02\/exposicao_coletiva_galeria_olga_de_brito_centro_das_artes_pa-32-450x300.jpg 450w, https:\/\/jundiai.sp.gov.br\/noticias\/wp-content\/uploads\/sites\/32\/2024\/02\/exposicao_coletiva_galeria_olga_de_brito_centro_das_artes_pa-32.jpg 1900w\" sizes=\"auto, (max-width: 1280px) 100vw, 1280px\" \/><figcaption class=\"wp-element-caption\">As Noivas de Nelson, obra de Jo\u00e3o Ballas em exposi\u00e7\u00e3o na Galeria Olga de Brito<\/figcaption><\/figure>\n\n\n\n<p>O Centro das Artes est\u00e1 localizado na rua Bar\u00e3o de Jundia\u00ed, 1.093 \u2013 Centro e seu hor\u00e1rio de funcionamento aos s\u00e1bados e domingos \u00e9 das 10h \u00e0s 18h. Na semana, de ter\u00e7a a sexta-feira, \u00e0s 10h \u00e0s 21h.<\/p>\n\n\n\n<p><strong>F\u00e1brica das Inf\u00e2ncias Japy<\/strong><\/p>\n\n\n\n<p>Na F\u00e1brica das Inf\u00e2ncias Japy, espa\u00e7o voltado para a experimenta\u00e7\u00e3o art\u00edstica, formativa, criativa e reflexiva sobre as brincadeiras e as inf\u00e2ncias<em>, <\/em>no s\u00e1bado e domingo \u2013 sempre a partir das 10h30, programa\u00e7\u00e3o infantojuvenil gratuita. Neste final de semana a programa\u00e7\u00e3o est\u00e1 assim definida:<\/p>\n\n\n\n<p>S\u00e1bado, dia 02, Dia de Brincar com a equipe de recreadores da To Move.<\/p>\n\n\n\n<p>O Dia do Brincar \u00e9 um dia de brincadeiras tradicionais, de p\u00e9s em contato com o ch\u00e3o, de fazer novas amizades, de sonhar e ser feliz. Atrav\u00e9s de cirandas, pegas, escondes, pi\u00e3o, cordas e bolas e brincadeiras de antigamente, as crian\u00e7as se encontram com simplicidade e divers\u00e3o da inf\u00e2ncia.<\/p>\n\n\n\n<figure class=\"wp-block-gallery has-nested-images columns-default is-cropped wp-block-gallery-1 is-layout-flex wp-block-gallery-is-layout-flex\">\n<figure class=\"wp-block-image size-large\"><img loading=\"lazy\" decoding=\"async\" width=\"1280\" height=\"922\" data-id=\"339454\" src=\"https:\/\/jundiai.sp.gov.br\/noticias\/wp-content\/uploads\/sites\/32\/2024\/02\/to-move-1280x922.jpeg\" alt=\"\" class=\"wp-image-339454\" srcset=\"https:\/\/jundiai.sp.gov.br\/noticias\/wp-content\/uploads\/sites\/32\/2024\/02\/to-move-1280x922.jpeg 1280w, https:\/\/jundiai.sp.gov.br\/noticias\/wp-content\/uploads\/sites\/32\/2024\/02\/to-move-300x216.jpeg 300w, https:\/\/jundiai.sp.gov.br\/noticias\/wp-content\/uploads\/sites\/32\/2024\/02\/to-move-768x553.jpeg 768w, https:\/\/jundiai.sp.gov.br\/noticias\/wp-content\/uploads\/sites\/32\/2024\/02\/to-move-1536x1106.jpeg 1536w, https:\/\/jundiai.sp.gov.br\/noticias\/wp-content\/uploads\/sites\/32\/2024\/02\/to-move.jpeg 1600w\" sizes=\"auto, (max-width: 1280px) 100vw, 1280px\" \/><figcaption class=\"wp-element-caption\">To Move comandam as brincadeiras no s\u00e1bado<\/figcaption><\/figure>\n\n\n\n<figure class=\"wp-block-image size-large\"><img loading=\"lazy\" decoding=\"async\" width=\"1177\" height=\"858\" data-id=\"339453\" src=\"https:\/\/jundiai.sp.gov.br\/noticias\/wp-content\/uploads\/sites\/32\/2024\/02\/cia_giro_no_biombo.jpeg\" alt=\"\" class=\"wp-image-339453\" srcset=\"https:\/\/jundiai.sp.gov.br\/noticias\/wp-content\/uploads\/sites\/32\/2024\/02\/cia_giro_no_biombo.jpeg 1177w, https:\/\/jundiai.sp.gov.br\/noticias\/wp-content\/uploads\/sites\/32\/2024\/02\/cia_giro_no_biombo-300x219.jpeg 300w, https:\/\/jundiai.sp.gov.br\/noticias\/wp-content\/uploads\/sites\/32\/2024\/02\/cia_giro_no_biombo-768x560.jpeg 768w\" sizes=\"auto, (max-width: 1177px) 100vw, 1177px\" \/><figcaption class=\"wp-element-caption\">Cia. Giro no Biombo se apresenta no domingo<\/figcaption><\/figure>\n<\/figure>\n\n\n\n<p>No domingo, dia 03 a Cia. Giro no Biombo apresenta \u201cUm quarto de hist\u00f3rias \u2013 Contos de fadas e duendes\u201d, que conta a saga das fadas que perderam suas asas ao sa\u00edrem do mundo m\u00e1gico em que viviam, deparam-se com um lugar cheio de hist\u00f3rias pra contar, dividem contos e m\u00fasicas, atrav\u00e9s de objetos, mas precisam da ajuda das crian\u00e7as para descobrir como recuperar as asas e voltar para casa, contando as hist\u00f3rias \u201cA origem do girassol\u201d, \u201cOs duendes e o sapateiro\u201d e \u201cA fada dos ventos\u201d.<\/p>\n\n\n\n<p>A F\u00e1brica das Inf\u00e2ncias est\u00e1 localizada na rua Lacerda Franco, 175 \u2013 Vila Arens. O hor\u00e1rio de funcionamento do local, aos finais de semana \u00e9 das 9h \u00e0s 13h.<\/p>\n\n\n\n<p><strong>Museu Hist\u00f3rico e Cultural de Jundia\u00ed \u2013 Solar do Bar\u00e3o<\/strong><\/p>\n\n\n\n<p>A exposi\u00e7\u00e3o programada pela Unidade de Gest\u00e3o de Cultura (UGC) consiste em permitir ao p\u00fablico percorrer todas as salas do Museu sem uma exposi\u00e7\u00e3o montada, mas sim pelas instala\u00e7\u00f5es e ambi\u00eancias do pr\u00e9dio hist\u00f3rico.<\/p>\n\n\n\n<figure class=\"wp-block-gallery has-nested-images columns-default is-cropped wp-block-gallery-2 is-layout-flex wp-block-gallery-is-layout-flex\">\n<figure class=\"wp-block-image size-large\"><img loading=\"lazy\" decoding=\"async\" width=\"1280\" height=\"854\" data-id=\"339455\" src=\"https:\/\/jundiai.sp.gov.br\/noticias\/wp-content\/uploads\/sites\/32\/2024\/02\/salas_museu_solar_do_barao-39-1280x854.jpg\" alt=\"\" class=\"wp-image-339455\" srcset=\"https:\/\/jundiai.sp.gov.br\/noticias\/wp-content\/uploads\/sites\/32\/2024\/02\/salas_museu_solar_do_barao-39-1280x854.jpg 1280w, https:\/\/jundiai.sp.gov.br\/noticias\/wp-content\/uploads\/sites\/32\/2024\/02\/salas_museu_solar_do_barao-39-300x200.jpg 300w, https:\/\/jundiai.sp.gov.br\/noticias\/wp-content\/uploads\/sites\/32\/2024\/02\/salas_museu_solar_do_barao-39-768x512.jpg 768w, https:\/\/jundiai.sp.gov.br\/noticias\/wp-content\/uploads\/sites\/32\/2024\/02\/salas_museu_solar_do_barao-39-1536x1024.jpg 1536w, https:\/\/jundiai.sp.gov.br\/noticias\/wp-content\/uploads\/sites\/32\/2024\/02\/salas_museu_solar_do_barao-39-450x300.jpg 450w, https:\/\/jundiai.sp.gov.br\/noticias\/wp-content\/uploads\/sites\/32\/2024\/02\/salas_museu_solar_do_barao-39.jpg 1900w\" sizes=\"auto, (max-width: 1280px) 100vw, 1280px\" \/><figcaption class=\"wp-element-caption\">Nas salas do Solar a hist\u00f3ria vai sendo contada ao visitante<\/figcaption><\/figure>\n\n\n\n<figure class=\"wp-block-image size-large\"><img loading=\"lazy\" decoding=\"async\" width=\"1280\" height=\"854\" data-id=\"339456\" src=\"https:\/\/jundiai.sp.gov.br\/noticias\/wp-content\/uploads\/sites\/32\/2024\/02\/museu-solar-do-barao-jardim-florido_fm_-54-1280x854.jpg\" alt=\"\" class=\"wp-image-339456\" srcset=\"https:\/\/jundiai.sp.gov.br\/noticias\/wp-content\/uploads\/sites\/32\/2024\/02\/museu-solar-do-barao-jardim-florido_fm_-54-1280x854.jpg 1280w, https:\/\/jundiai.sp.gov.br\/noticias\/wp-content\/uploads\/sites\/32\/2024\/02\/museu-solar-do-barao-jardim-florido_fm_-54-300x200.jpg 300w, https:\/\/jundiai.sp.gov.br\/noticias\/wp-content\/uploads\/sites\/32\/2024\/02\/museu-solar-do-barao-jardim-florido_fm_-54-768x512.jpg 768w, https:\/\/jundiai.sp.gov.br\/noticias\/wp-content\/uploads\/sites\/32\/2024\/02\/museu-solar-do-barao-jardim-florido_fm_-54-1536x1024.jpg 1536w, https:\/\/jundiai.sp.gov.br\/noticias\/wp-content\/uploads\/sites\/32\/2024\/02\/museu-solar-do-barao-jardim-florido_fm_-54-450x300.jpg 450w, https:\/\/jundiai.sp.gov.br\/noticias\/wp-content\/uploads\/sites\/32\/2024\/02\/museu-solar-do-barao-jardim-florido_fm_-54.jpg 1900w\" sizes=\"auto, (max-width: 1280px) 100vw, 1280px\" \/><figcaption class=\"wp-element-caption\">Jardim do Solar do Bar\u00e3o para quem gosta de natureza<\/figcaption><\/figure>\n<\/figure>\n\n\n\n<p>Trata-se de uma proposta inovadora e metalingu\u00edstica, que ressalta o patrim\u00f4nio enquanto motivo da visita, e permite que o p\u00fablico observe a sua arquitetura, reflita sobre as suas instala\u00e7\u00f5es e analise os reflexos do passado estampados em suas paredes, teto e pavimento.<\/p>\n\n\n\n<p>O visitante tamb\u00e9m poder\u00e1 contemplar o jardim do Solar do Bar\u00e3o, um local para quem gosta de plantas, canto dos p\u00e1ssaros, um o\u00e1sis no centro da cidade.<\/p>\n\n\n\n<p>O Museu fica na rua Bar\u00e3o de Jundia\u00ed, 762 \u2013 Centro e seu hor\u00e1rio de funcionamento \u00e9 de ter\u00e7a-feira a domingo, das 10h \u00e0s 17h.<\/p>\n\n\n\n<p><strong>Museu dos Ferrovi\u00e1rios<\/strong><\/p>\n\n\n\n<p>No local o visitante poder\u00e1 conferir a exposi\u00e7\u00e3o: \u201cFerrovias\u2026 muito al\u00e9m dos trilhos\u201d, que, dividida em duas salas, \u00e9 uma homenagem \u00e0s contribui\u00e7\u00f5es da ferrovia e dos ferrovi\u00e1rios, tanto no mundo, como no Brasil e em Jundia\u00ed.<\/p>\n\n\n\n<p>Por meio de documentos, fotos, r\u00e9plicas e pain\u00e9is interativos, a exposi\u00e7\u00e3o visa narrar n\u00e3o s\u00f3 a import\u00e2ncia da ferrovia para o desenvolvimento local e mundial, como tamb\u00e9m a import\u00e2ncia de seus trabalhadores e trabalhadoras.<\/p>\n\n\n\n<figure class=\"wp-block-image size-large\"><img loading=\"lazy\" decoding=\"async\" width=\"1280\" height=\"853\" src=\"https:\/\/jundiai.sp.gov.br\/noticias\/wp-content\/uploads\/sites\/32\/2024\/02\/museu-ferroviario_fm_-43-1280x853.jpg\" alt=\"\" class=\"wp-image-339457\" srcset=\"https:\/\/jundiai.sp.gov.br\/noticias\/wp-content\/uploads\/sites\/32\/2024\/02\/museu-ferroviario_fm_-43-1280x853.jpg 1280w, https:\/\/jundiai.sp.gov.br\/noticias\/wp-content\/uploads\/sites\/32\/2024\/02\/museu-ferroviario_fm_-43-300x200.jpg 300w, https:\/\/jundiai.sp.gov.br\/noticias\/wp-content\/uploads\/sites\/32\/2024\/02\/museu-ferroviario_fm_-43-768x512.jpg 768w, https:\/\/jundiai.sp.gov.br\/noticias\/wp-content\/uploads\/sites\/32\/2024\/02\/museu-ferroviario_fm_-43-450x300.jpg 450w, https:\/\/jundiai.sp.gov.br\/noticias\/wp-content\/uploads\/sites\/32\/2024\/02\/museu-ferroviario_fm_-43.jpg 1323w\" sizes=\"auto, (max-width: 1280px) 100vw, 1280px\" \/><figcaption class=\"wp-element-caption\">Visitar o Museu dos Ferrovi\u00e1rios \u00e9 uma viagem sobre a hist\u00f3ria da ferrovia paulista<\/figcaption><\/figure>\n\n\n\n<p>O Museu est\u00e1 localizado na avenida Uni\u00e3o dos Ferrovi\u00e1rio, 1.760, dentro do Espa\u00e7o Expressa (antigo Complexo Fepasa). O hor\u00e1rio de funcionamento aos finais de semana \u00e9 das 10h \u00e0s 17h.<\/p>\n\n\n\n<p><strong>Pinacoteca Di\u00f3genes Duarte Paes<\/strong><strong><\/strong><\/p>\n\n\n\n<p>O visitante poder\u00e1 conferir a exposi\u00e7\u00e3o \u201cdesIGUAL\u201d, da artista visual Thays Leonel. Contemplada pelo Programa de A\u00e7\u00e3o Cultural de S\u00e3o Paulo (ProAC), as mais de 40 obras expostas de acordo com a curadora, chama a aten\u00e7\u00e3o para os limites e neglig\u00eancias que permeiam a vida das mulheres, abordando temas como: a desigualdade entre os sexos e sua liga\u00e7\u00e3o com ra\u00e7a e classe; a falta de representatividade das mulheres na esfera p\u00fablica e suas consequ\u00eancias; e as viol\u00eancias estruturais sofridas por elas, fisicamente e emocionalmente. A mostra poder\u00e1 ser visitada at\u00e9 o dia 17 de mar\u00e7o.<\/p>\n\n\n\n<p>Esse final de semana \u00e9 a \u00faltima oportunidade do p\u00fablico visitar a exposi\u00e7\u00e3o \u201cDois mundos entre n\u00f3s uma mostra coletiva das artistas: S\u00edlvia Rocha, Cris Suiter e Regina Satori.<\/p>\n\n\n\n<p>\u201cO mundo que acolhe e o que pede socorro\u201d Esta \u00e9 a s\u00edntese da exposi\u00e7\u00e3o \u201cDois Mundos entre n\u00f3s\u201d representada atrav\u00e9s da observa\u00e7\u00e3o, das t\u00e9cnicas, cores, e cria\u00e7\u00e3o, em 30 obras in\u00e9ditas das artistas realizadas com t\u00e9cnicas mistas: \u00f3leo sobre tela, acr\u00edlica, aquarela e nanquim.&nbsp;<\/p>\n\n\n\n<p>A Pinacoteca est\u00e1 localizada na rua Bar\u00e3o de Jundia\u00ed, 109 \u2013 Centro e hor\u00e1rio de funcionamento tanto no s\u00e1bado quanto no domingo \u00e9 das 10h \u00e0s 17h.<\/p>\n\n\n\n<p><strong>Teatro Polytheama<\/strong><\/p>\n\n\n\n<p>No palco do Polytheama neste final de semana, o destaque fica para o espet\u00e1culo \u201cRisada Solid\u00e1ria\u201d um stand up, com indica\u00e7\u00e3o et\u00e1ria a partir de 12 anos, que ser\u00e1 apresentado no s\u00e1bado (02), \u00e0s 20h, com Danilo Gentili, Criss Paiva, Ariana Nutt e Mauricio Dollenz.<\/p>\n\n\n\n<p>J\u00e1 no domingo (03), a apresenta\u00e7\u00e3o acontece \u00e0s 19h, com<\/p>\n\n\n\n<figure class=\"wp-block-gallery has-nested-images columns-default is-cropped wp-block-gallery-3 is-layout-flex wp-block-gallery-is-layout-flex\">\n<figure class=\"wp-block-image size-large\"><img loading=\"lazy\" decoding=\"async\" width=\"1167\" height=\"640\" data-id=\"339459\" src=\"https:\/\/jundiai.sp.gov.br\/noticias\/wp-content\/uploads\/sites\/32\/2024\/02\/risada1.png\" alt=\"\" class=\"wp-image-339459\" srcset=\"https:\/\/jundiai.sp.gov.br\/noticias\/wp-content\/uploads\/sites\/32\/2024\/02\/risada1.png 1167w, https:\/\/jundiai.sp.gov.br\/noticias\/wp-content\/uploads\/sites\/32\/2024\/02\/risada1-300x165.png 300w, https:\/\/jundiai.sp.gov.br\/noticias\/wp-content\/uploads\/sites\/32\/2024\/02\/risada1-768x421.png 768w\" sizes=\"auto, (max-width: 1167px) 100vw, 1167px\" \/><\/figure>\n\n\n\n<figure class=\"wp-block-image size-large\"><img loading=\"lazy\" decoding=\"async\" width=\"1168\" height=\"636\" data-id=\"339460\" src=\"https:\/\/jundiai.sp.gov.br\/noticias\/wp-content\/uploads\/sites\/32\/2024\/02\/risada2.png\" alt=\"\" class=\"wp-image-339460\" srcset=\"https:\/\/jundiai.sp.gov.br\/noticias\/wp-content\/uploads\/sites\/32\/2024\/02\/risada2.png 1168w, https:\/\/jundiai.sp.gov.br\/noticias\/wp-content\/uploads\/sites\/32\/2024\/02\/risada2-300x163.png 300w, https:\/\/jundiai.sp.gov.br\/noticias\/wp-content\/uploads\/sites\/32\/2024\/02\/risada2-768x418.png 768w\" sizes=\"auto, (max-width: 1168px) 100vw, 1168px\" \/><\/figure>\n<\/figure>\n\n\n\n<p>No domingo Diogo Portugal, Oscar filho, Palha\u00e7o Amendoim, F\u00e1bio G\u00fcere, Ane Freitas e Rodrigo C\u00e1ceres.<\/p>\n\n\n\n<p>Ingressos para plateia, frisas e arquibancada a 100 reais. No Teatro, a aquisi\u00e7\u00e3o de ingressos poder\u00e1 ser feita tanto em totem eletr\u00f4nico, quanto na bilheteria, que funciona de ter\u00e7a a sexta-feira, das 15h \u00e0s 21h, e, aos finais de semana, somente quando houver espet\u00e1culos programados e at\u00e9 seu hor\u00e1rio de in\u00edcio. Os interessados nos ingressos podem ainda adquiri-los na bilheteria do Centro das Artes Prefeito Pedro F\u00e1varo, que fica na Rua Bar\u00e3o de Jundia\u00ed, 1093 \u2013 Centro e funciona de ter\u00e7a a sexta-feira, das 9h \u00e0s 19h, e aos s\u00e1bados e domingos, das 9h \u00e0s 18h.&nbsp;<a href=\"https:\/\/www.sympla.com.br\/eventos?s=polytheama&amp;ordem=start_date&amp;page=1\" target=\"_blank\" rel=\"noreferrer noopener\"><strong>J\u00e1 a bilheteria on-line para os espet\u00e1culos no teatro funciona na plataforma Sympla<\/strong><\/a>.<\/p>\n\n\n\n<p>O Teatro Polytheama fica na Rua Bar\u00e3o de Jundia\u00ed, 176 \u2013 Centro.<\/p>\n\n\n\n<p><strong>Assessoria de Imprensa<br>Fotos: fot\u00f3grafos da PMJ\/divulga\u00e7\u00e3o<br><br><\/strong><\/p>\n","protected":false},"excerpt":{"rendered":"<p>Mar\u00e7o chegou e a Unidade de Gest\u00e3o de Cultura (UGC), programou uma s\u00e9rie de a\u00e7\u00f5es para o decorrer do m\u00eas. Para o primeiro final de semana as a\u00e7\u00f5es para as crian\u00e7as da cidade e da regi\u00e3o, todas com entrada gratuita, est\u00e3o garantidas com apresenta\u00e7\u00f5es na Biblioteca Nelson Foot e na F\u00e1brica das Inf\u00e2ncias Japy. Confira [&hellip;]<\/p>\n","protected":false},"author":83,"featured_media":339448,"comment_status":"closed","ping_status":"0","sticky":false,"template":"","format":"standard","meta":{"footnotes":""},"categories":[2],"tags":[505,718,29,2251,450,290,370,3165,1488],"ods":[],"class_list":["post-339442","post","type-post","status-publish","format-standard","has-post-thumbnail","hentry","category-noticias","tag-biblioteca-municipal-professor-nelson-foot","tag-centro-das-artes-prefeito-pedro-favaro","tag-cultura","tag-fabrica-das-infancias-japy","tag-museu-dos-ferroviarios","tag-museu-historico-e-cultural-solar-do-barao","tag-pinacoteca-municipal-diogenes-duarte-paes","tag-polytheama","tag-solar-do-barao"],"_links":{"self":[{"href":"https:\/\/jundiai.sp.gov.br\/noticias\/wp-json\/wp\/v2\/posts\/339442","targetHints":{"allow":["GET"]}}],"collection":[{"href":"https:\/\/jundiai.sp.gov.br\/noticias\/wp-json\/wp\/v2\/posts"}],"about":[{"href":"https:\/\/jundiai.sp.gov.br\/noticias\/wp-json\/wp\/v2\/types\/post"}],"author":[{"embeddable":true,"href":"https:\/\/jundiai.sp.gov.br\/noticias\/wp-json\/wp\/v2\/users\/83"}],"replies":[{"embeddable":true,"href":"https:\/\/jundiai.sp.gov.br\/noticias\/wp-json\/wp\/v2\/comments?post=339442"}],"version-history":[{"count":3,"href":"https:\/\/jundiai.sp.gov.br\/noticias\/wp-json\/wp\/v2\/posts\/339442\/revisions"}],"predecessor-version":[{"id":339465,"href":"https:\/\/jundiai.sp.gov.br\/noticias\/wp-json\/wp\/v2\/posts\/339442\/revisions\/339465"}],"wp:featuredmedia":[{"embeddable":true,"href":"https:\/\/jundiai.sp.gov.br\/noticias\/wp-json\/wp\/v2\/media\/339448"}],"wp:attachment":[{"href":"https:\/\/jundiai.sp.gov.br\/noticias\/wp-json\/wp\/v2\/media?parent=339442"}],"wp:term":[{"taxonomy":"category","embeddable":true,"href":"https:\/\/jundiai.sp.gov.br\/noticias\/wp-json\/wp\/v2\/categories?post=339442"},{"taxonomy":"post_tag","embeddable":true,"href":"https:\/\/jundiai.sp.gov.br\/noticias\/wp-json\/wp\/v2\/tags?post=339442"},{"taxonomy":"ods","embeddable":true,"href":"https:\/\/jundiai.sp.gov.br\/noticias\/wp-json\/wp\/v2\/ods?post=339442"}],"curies":[{"name":"wp","href":"https:\/\/api.w.org\/{rel}","templated":true}]}}