{"id":339491,"date":"2024-02-29T17:23:28","date_gmt":"2024-02-29T20:23:28","guid":{"rendered":"https:\/\/jundiai.sp.gov.br\/noticias\/?p=339491"},"modified":"2024-02-29T17:34:22","modified_gmt":"2024-02-29T20:34:22","slug":"prefeito-recebe-a-visita-do-consul-da-malasia-para-encontro-de-cooperacao","status":"publish","type":"post","link":"https:\/\/jundiai.sp.gov.br\/noticias\/2024\/02\/29\/prefeito-recebe-a-visita-do-consul-da-malasia-para-encontro-de-cooperacao\/","title":{"rendered":"Prefeito recebe a visita do C\u00f4nsul da Mal\u00e1sia para encontro de coopera\u00e7\u00e3o"},"content":{"rendered":"\n<p>O prefeito Luiz Fernando Machado recebeu, na manh\u00e3 desta quinta-feira (29), a visita do C\u00f4nsul Comercial da Embaixada da Mal\u00e1sia, Amirul Azman. O objetivo do encontro foi estreitar rela\u00e7\u00f5es entre Jundia\u00ed e o pa\u00eds asi\u00e1tico, como parte das iniciativas do Executivo no que diz respeito \u00e0 internacionaliza\u00e7\u00e3o do munic\u00edpio.\u00a0<\/p>\n\n\n\n<figure class=\"wp-block-image size-large\"><img loading=\"lazy\" decoding=\"async\" width=\"1280\" height=\"853\" src=\"https:\/\/jundiai.sp.gov.br\/noticias\/wp-content\/uploads\/sites\/32\/2024\/02\/prefeito-recebe-a-visita-do-consul-da-malasia-para-encontro-de-cooperacao-1-1280x853.jpg\" alt=\"Pessoas sentadas em uma reuni\u00e3o, no meio uma mesa de centro\" class=\"wp-image-339497\" srcset=\"https:\/\/jundiai.sp.gov.br\/noticias\/wp-content\/uploads\/sites\/32\/2024\/02\/prefeito-recebe-a-visita-do-consul-da-malasia-para-encontro-de-cooperacao-1-1280x853.jpg 1280w, https:\/\/jundiai.sp.gov.br\/noticias\/wp-content\/uploads\/sites\/32\/2024\/02\/prefeito-recebe-a-visita-do-consul-da-malasia-para-encontro-de-cooperacao-1-300x200.jpg 300w, https:\/\/jundiai.sp.gov.br\/noticias\/wp-content\/uploads\/sites\/32\/2024\/02\/prefeito-recebe-a-visita-do-consul-da-malasia-para-encontro-de-cooperacao-1-768x512.jpg 768w, https:\/\/jundiai.sp.gov.br\/noticias\/wp-content\/uploads\/sites\/32\/2024\/02\/prefeito-recebe-a-visita-do-consul-da-malasia-para-encontro-de-cooperacao-1-1536x1023.jpg 1536w, https:\/\/jundiai.sp.gov.br\/noticias\/wp-content\/uploads\/sites\/32\/2024\/02\/prefeito-recebe-a-visita-do-consul-da-malasia-para-encontro-de-cooperacao-1-450x300.jpg 450w, https:\/\/jundiai.sp.gov.br\/noticias\/wp-content\/uploads\/sites\/32\/2024\/02\/prefeito-recebe-a-visita-do-consul-da-malasia-para-encontro-de-cooperacao-1.jpg 1600w\" sizes=\"auto, (max-width: 1280px) 100vw, 1280px\" \/><figcaption class=\"wp-element-caption\">Encontro aconteceu no gabinete, no Pa\u00e7o Municipal, na manh\u00e3 desta quinta-feira (29)<\/figcaption><\/figure>\n\n\n\n<p>Acompanhado do assessor Kossi Essodina Telou, o C\u00f4nsul se mostrou impressionado com o potencial da cidade e destacou a import\u00e2ncia da coopera\u00e7\u00e3o bilateral para o desenvolvimento m\u00fatuo. &#8220;Jundia\u00ed \u00e9 uma cidade vibrante e com um grande potencial para o crescimento. Acredito que h\u00e1 muitas oportunidades para fortalecermos os la\u00e7os entre a Mal\u00e1sia e Jundia\u00ed em diversas \u00e1reas&#8221;, afirmou Azman, ressaltando setores como com\u00e9rcio exterior, turismo e investimentos.<\/p>\n\n\n\n<p>O prefeito agradeceu ao C\u00f4nsul pela visita e se colocou \u00e0 disposi\u00e7\u00e3o. &#8220;\u00c9 um marco importante para Jundia\u00ed. Estamos buscando cada vez mais oportunidades de internacionaliza\u00e7\u00e3o e a Mal\u00e1sia \u00e9 um pa\u00eds estrat\u00e9gico para isso.&#8221;<\/p>\n\n\n\n<p>A visita de Azman foi marcada por uma s\u00e9rie de reuni\u00f5es com empres\u00e1rios de Jundia\u00ed, que buscaram explorar as possibilidades de parceria com empresas malaias. \u201cA Mal\u00e1sia oferece um ambiente de neg\u00f3cios favor\u00e1vel e h\u00e1 muitas oportunidades para empresas brasileiras, principalmente com sede em Jundia\u00ed, investirem no pa\u00eds\u201d, refor\u00e7ou o Chefe do Executivo.<\/p>\n\n\n\n<figure class=\"wp-block-image size-large\"><img loading=\"lazy\" decoding=\"async\" width=\"1280\" height=\"853\" src=\"https:\/\/jundiai.sp.gov.br\/noticias\/wp-content\/uploads\/sites\/32\/2024\/02\/prefeito-recebe-a-visita-do-consul-da-malasia-para-encontro-de-cooperacao-6-1280x853.jpg\" alt=\"\" class=\"wp-image-339498\" srcset=\"https:\/\/jundiai.sp.gov.br\/noticias\/wp-content\/uploads\/sites\/32\/2024\/02\/prefeito-recebe-a-visita-do-consul-da-malasia-para-encontro-de-cooperacao-6-1280x853.jpg 1280w, https:\/\/jundiai.sp.gov.br\/noticias\/wp-content\/uploads\/sites\/32\/2024\/02\/prefeito-recebe-a-visita-do-consul-da-malasia-para-encontro-de-cooperacao-6-300x200.jpg 300w, https:\/\/jundiai.sp.gov.br\/noticias\/wp-content\/uploads\/sites\/32\/2024\/02\/prefeito-recebe-a-visita-do-consul-da-malasia-para-encontro-de-cooperacao-6-768x512.jpg 768w, https:\/\/jundiai.sp.gov.br\/noticias\/wp-content\/uploads\/sites\/32\/2024\/02\/prefeito-recebe-a-visita-do-consul-da-malasia-para-encontro-de-cooperacao-6-1536x1023.jpg 1536w, https:\/\/jundiai.sp.gov.br\/noticias\/wp-content\/uploads\/sites\/32\/2024\/02\/prefeito-recebe-a-visita-do-consul-da-malasia-para-encontro-de-cooperacao-6-450x300.jpg 450w, https:\/\/jundiai.sp.gov.br\/noticias\/wp-content\/uploads\/sites\/32\/2024\/02\/prefeito-recebe-a-visita-do-consul-da-malasia-para-encontro-de-cooperacao-6.jpg 1600w\" sizes=\"auto, (max-width: 1280px) 100vw, 1280px\" \/><figcaption class=\"wp-element-caption\">Prefeito Luiz Fernando Machado agradeceu ao C\u00f4nsul da Mal\u00e1sia, Amirul Azman, e descreveu o ecossistema de inova\u00e7\u00e3o de Jundia\u00ed<\/figcaption><\/figure>\n\n\n\n<p>Um dos temas abordados no encontro, tamb\u00e9m, foi a Cidade Inteligente. O gestor de Governo e Finan\u00e7as, Jos\u00e9 Antonio Parimoschi, foi o respons\u00e1vel por detalhar as informa\u00e7\u00f5es ao C\u00f4nsul. \u201cNo desenvolvimento econ\u00f4mico e social, por exemplo, investimos em hubs de inova\u00e7\u00e3o para impulsionar empresas que pensam no futuro, ajudando-as a se manterem atualizadas e competitivas. Isso contribui diretamente para a gera\u00e7\u00e3o de mais empregos e renda para as fam\u00edlias\u201d.<\/p>\n\n\n\n<p><strong>Exporta\u00e7\u00e3o<\/strong><\/p>\n\n\n\n<p>Al\u00e9m do com\u00e9rcio exterior e investimentos, a visita do C\u00f4nsul tamb\u00e9m abordou o tema do interc\u00e2mbio cultural, al\u00e9m da busca por empresas interessadas em exportar produtos halal.&nbsp;<\/p>\n\n\n\n<p>Halal \u00e9 um termo \u00e1rabe que se refere a tudo o que \u00e9 permitido pela lei isl\u00e2mica, abrangendo alimentos, bebidas, produtos farmac\u00eauticos e cosm\u00e9ticos. Este mercado engloba v\u00e1rios segmentos como agroneg\u00f3cio, alimentos industrializados, produtos farmac\u00eauticos, cuidados pessoais, cosm\u00e9ticos, vestu\u00e1rio, bancos e finan\u00e7as, log\u00edstica, armazenamento, m\u00eddia, turismo e distribui\u00e7\u00e3o.<\/p>\n\n\n\n<p>O C\u00f4nsul destacou a import\u00e2ncia de promover a troca de experi\u00eancias entre os dois pa\u00edses e se mostrou aberto a parcerias na \u00e1rea cultural. \u201cO termo vai muito al\u00e9m de apenas o nome, para n\u00f3s, halal \u00e9 um conceito de sustentabilidade e n\u00e3o somente um selo\u201d, explica.<\/p>\n\n\n\n<p>Participaram da reuni\u00e3o os gestores Gustavo Maryssael (Casa Civil) e Simone Zanotello (Administra\u00e7\u00e3o e Gest\u00e3o de Pessoas), al\u00e9m da assessora especial de Coopera\u00e7\u00e3o Internacional, Ligia Contursi, e o diretor do Departamento de Fomento \u00e0 Ind\u00fastria, Gilson Pichioli.<\/p>\n\n\n\n<figure class=\"wp-block-image size-large\"><img loading=\"lazy\" decoding=\"async\" width=\"1280\" height=\"853\" src=\"https:\/\/jundiai.sp.gov.br\/noticias\/wp-content\/uploads\/sites\/32\/2024\/02\/prefeito-recebe-a-visita-do-consul-da-malasia-para-encontro-de-cooperacao7-1280x853.jpg\" alt=\"\" class=\"wp-image-339499\" srcset=\"https:\/\/jundiai.sp.gov.br\/noticias\/wp-content\/uploads\/sites\/32\/2024\/02\/prefeito-recebe-a-visita-do-consul-da-malasia-para-encontro-de-cooperacao7-1280x853.jpg 1280w, https:\/\/jundiai.sp.gov.br\/noticias\/wp-content\/uploads\/sites\/32\/2024\/02\/prefeito-recebe-a-visita-do-consul-da-malasia-para-encontro-de-cooperacao7-300x200.jpg 300w, https:\/\/jundiai.sp.gov.br\/noticias\/wp-content\/uploads\/sites\/32\/2024\/02\/prefeito-recebe-a-visita-do-consul-da-malasia-para-encontro-de-cooperacao7-768x512.jpg 768w, https:\/\/jundiai.sp.gov.br\/noticias\/wp-content\/uploads\/sites\/32\/2024\/02\/prefeito-recebe-a-visita-do-consul-da-malasia-para-encontro-de-cooperacao7-1536x1023.jpg 1536w, https:\/\/jundiai.sp.gov.br\/noticias\/wp-content\/uploads\/sites\/32\/2024\/02\/prefeito-recebe-a-visita-do-consul-da-malasia-para-encontro-de-cooperacao7-450x300.jpg 450w, https:\/\/jundiai.sp.gov.br\/noticias\/wp-content\/uploads\/sites\/32\/2024\/02\/prefeito-recebe-a-visita-do-consul-da-malasia-para-encontro-de-cooperacao7.jpg 1600w\" sizes=\"auto, (max-width: 1280px) 100vw, 1280px\" \/><figcaption class=\"wp-element-caption\">Prefeito e gestores receberam equipe da Mal\u00e1sia para aproxima\u00e7\u00e3o e networking<\/figcaption><\/figure>\n\n\n\n<p><strong>Evento de networking<\/strong><\/p>\n\n\n\n<p>Ap\u00f3s almo\u00e7o, a Prefeitura de Jundia\u00ed, a comitiva da Mal\u00e1sia e o CIESP Jundia\u00ed, receberam empres\u00e1rios da Regi\u00e3o Metropolitana de Jundia\u00ed para um evento de networking, no espa\u00e7o do Centro das Ind\u00fastrias. Para o empres\u00e1rio de Jarinu, Celio Cipriani, essa oportunidade veio em boa hora. \u201cA nossa ideia \u00e9 buscar informa\u00e7\u00f5es em networking como esse, para entender como podemos exportar nossos produtos, que s\u00e3o de qualidade e que sabemos que ser\u00e1 valorizado tamb\u00e9m em ambiente asi\u00e1tico&#8221;, concluiu.<\/p>\n\n\n\n<p><strong>Assessoria de Imprensa<br>Fotos: Fot\u00f3grafo PMJ<\/strong><\/p>\n","protected":false},"excerpt":{"rendered":"<p>O prefeito Luiz Fernando Machado recebeu, na manh\u00e3 desta quinta-feira (29), a visita do C\u00f4nsul Comercial da Embaixada da Mal\u00e1sia, Amirul Azman. O objetivo do encontro foi estreitar rela\u00e7\u00f5es entre Jundia\u00ed e o pa\u00eds asi\u00e1tico, como parte das iniciativas do Executivo no que diz respeito \u00e0 internacionaliza\u00e7\u00e3o do munic\u00edpio.\u00a0 Acompanhado do assessor Kossi Essodina Telou, [&hellip;]<\/p>\n","protected":false},"author":97,"featured_media":339497,"comment_status":"closed","ping_status":"0","sticky":false,"template":"","format":"standard","meta":{"footnotes":""},"categories":[2],"tags":[62,157,365,2265],"ods":[4237,4228,4229],"class_list":["post-339491","post","type-post","status-publish","format-standard","has-post-thumbnail","hentry","category-noticias","tag-casa-civil","tag-ciesp","tag-desenvolvimento-economico-ciencia-e-tecnologia","tag-gestao-de-governo-e-financas","ods-ods-17","ods-ods-08","ods-ods-09"],"_links":{"self":[{"href":"https:\/\/jundiai.sp.gov.br\/noticias\/wp-json\/wp\/v2\/posts\/339491","targetHints":{"allow":["GET"]}}],"collection":[{"href":"https:\/\/jundiai.sp.gov.br\/noticias\/wp-json\/wp\/v2\/posts"}],"about":[{"href":"https:\/\/jundiai.sp.gov.br\/noticias\/wp-json\/wp\/v2\/types\/post"}],"author":[{"embeddable":true,"href":"https:\/\/jundiai.sp.gov.br\/noticias\/wp-json\/wp\/v2\/users\/97"}],"replies":[{"embeddable":true,"href":"https:\/\/jundiai.sp.gov.br\/noticias\/wp-json\/wp\/v2\/comments?post=339491"}],"version-history":[{"count":6,"href":"https:\/\/jundiai.sp.gov.br\/noticias\/wp-json\/wp\/v2\/posts\/339491\/revisions"}],"predecessor-version":[{"id":339524,"href":"https:\/\/jundiai.sp.gov.br\/noticias\/wp-json\/wp\/v2\/posts\/339491\/revisions\/339524"}],"wp:featuredmedia":[{"embeddable":true,"href":"https:\/\/jundiai.sp.gov.br\/noticias\/wp-json\/wp\/v2\/media\/339497"}],"wp:attachment":[{"href":"https:\/\/jundiai.sp.gov.br\/noticias\/wp-json\/wp\/v2\/media?parent=339491"}],"wp:term":[{"taxonomy":"category","embeddable":true,"href":"https:\/\/jundiai.sp.gov.br\/noticias\/wp-json\/wp\/v2\/categories?post=339491"},{"taxonomy":"post_tag","embeddable":true,"href":"https:\/\/jundiai.sp.gov.br\/noticias\/wp-json\/wp\/v2\/tags?post=339491"},{"taxonomy":"ods","embeddable":true,"href":"https:\/\/jundiai.sp.gov.br\/noticias\/wp-json\/wp\/v2\/ods?post=339491"}],"curies":[{"name":"wp","href":"https:\/\/api.w.org\/{rel}","templated":true}]}}