{"id":339547,"date":"2024-03-01T15:32:30","date_gmt":"2024-03-01T18:32:30","guid":{"rendered":"https:\/\/jundiai.sp.gov.br\/noticias\/?p=339547"},"modified":"2024-03-01T15:32:30","modified_gmt":"2024-03-01T18:32:30","slug":"conselho-da-pessoa-idosa-elege-nova-gestao-para-o-periodo-de-2024-a-2026","status":"publish","type":"post","link":"https:\/\/jundiai.sp.gov.br\/noticias\/2024\/03\/01\/conselho-da-pessoa-idosa-elege-nova-gestao-para-o-periodo-de-2024-a-2026\/","title":{"rendered":"Conselho da Pessoa Idosa elege nova gest\u00e3o para o per\u00edodo de 2024 a 2026"},"content":{"rendered":"\n<p>Nesta quinta-feira (29), foram eleitos os novos membros da mesa diretiva do Conselho Municipal de Direitos da Pessoa Idosa (COMDIPI). Eles ser\u00e3o respons\u00e1veis pela gest\u00e3o durante os anos de 2024, 2025 e 2026. A elei\u00e7\u00e3o aconteceu no audit\u00f3rio do Pa\u00e7o Municipal. O Conselho est\u00e1 ligado \u00e0 Unidade de Gest\u00e3o de Assist\u00eancia e Desenvolvimento Social (UGADS).<\/p>\n\n\n\n<p>\u201cO COMDIPI tem um importante papel no desenvolvimento de pol\u00edticas p\u00fablicas voltadas \u00e0 pessoa idosa em Jundia\u00ed. Uma das diretrizes do Prefeito Luiz Fernando Machado \u00e9 fortalecer os conselhos municipais para que, juntos, a gente construa uma cidade melhor para todos\u201d, comenta o Gestor da Casa Civil, Dr. Gustavo Maryssael.<\/p>\n\n\n\n<figure class=\"wp-block-image size-large\"><img loading=\"lazy\" decoding=\"async\" width=\"1280\" height=\"960\" src=\"https:\/\/jundiai.sp.gov.br\/noticias\/wp-content\/uploads\/sites\/32\/2024\/03\/whatsapp-image-2024-03-01-at-10-56-57-1280x960.jpeg\" alt=\"\" class=\"wp-image-339549\" srcset=\"https:\/\/jundiai.sp.gov.br\/noticias\/wp-content\/uploads\/sites\/32\/2024\/03\/whatsapp-image-2024-03-01-at-10-56-57-1280x960.jpeg 1280w, https:\/\/jundiai.sp.gov.br\/noticias\/wp-content\/uploads\/sites\/32\/2024\/03\/whatsapp-image-2024-03-01-at-10-56-57-300x225.jpeg 300w, https:\/\/jundiai.sp.gov.br\/noticias\/wp-content\/uploads\/sites\/32\/2024\/03\/whatsapp-image-2024-03-01-at-10-56-57-768x576.jpeg 768w, https:\/\/jundiai.sp.gov.br\/noticias\/wp-content\/uploads\/sites\/32\/2024\/03\/whatsapp-image-2024-03-01-at-10-56-57-1536x1152.jpeg 1536w, https:\/\/jundiai.sp.gov.br\/noticias\/wp-content\/uploads\/sites\/32\/2024\/03\/whatsapp-image-2024-03-01-at-10-56-57.jpeg 1900w\" sizes=\"auto, (max-width: 1280px) 100vw, 1280px\" \/><figcaption class=\"wp-element-caption\">Elei\u00e7\u00e3o do COMDIPI foi realizada no audit\u00f3rio do Pa\u00e7o Municipal<\/figcaption><\/figure>\n\n\n\n<p>O diretor do Departamento de Prote\u00e7\u00e3o Social Especial da UGADS, Luiz Guilherme Fuschini Camargo, ressalta a import\u00e2ncia do Conselho: &#8220;A cada ano, a popula\u00e7\u00e3o idosa do munic\u00edpio aumenta. Por isso, o Conselho \u00e9 um importante instrumento de participa\u00e7\u00e3o social e de aux\u00edlio do poder p\u00fablico no desenvolvimento de projetos e a\u00e7\u00f5es que visam atender a esse p\u00fablico&#8221;.<\/p>\n\n\n\n<p>Os eleitos s\u00e3o para os cargos de presidente, vice-presidente, coordenador, secret\u00e1rio e tesoureiro, al\u00e9m dos respectivos suplentes. Confira os nomes:<\/p>\n\n\n\n<p><strong>Presidente<\/strong> &#8211; Alessandra de Ara\u00fajo Citelli;<br><strong>Vice-Presidente<\/strong> &#8211; Maria Roseli Maestrello;<\/p>\n\n\n\n<p><strong>Coordenador:<\/strong><br><strong>Titular &#8211; <\/strong>Jo\u00e3o Paulo Iotti Cruz<br><strong>Suplente<\/strong> &#8211; Michael Alexander Lenk Greg\u00f3rio<\/p>\n\n\n\n<p><strong>Secretaria:<\/strong><br><strong>Titular<\/strong> &#8211; B\u00e1rbara Fernandes de Oliveira<br><strong>Suplente<\/strong> &#8211; Maria Sueli Hespanhol<\/p>\n\n\n\n<p><strong>Tesoureira:<\/strong><\/p>\n\n\n\n<p><strong>Titular:<\/strong> Maria El\u00eddia Zeni<br><strong>Suplente:<\/strong> O nome ser\u00e1 definido em pr\u00f3xima reuni\u00e3o plen\u00e1ria<\/p>\n\n\n\n<p><strong>Assessoria de Imprensa<br>Foto: Divulga\u00e7\u00e3o<\/strong><\/p>\n","protected":false},"excerpt":{"rendered":"<p>Nesta quinta-feira (29), foram eleitos os novos membros da mesa diretiva do Conselho Municipal de Direitos da Pessoa Idosa (COMDIPI). Eles ser\u00e3o respons\u00e1veis pela gest\u00e3o durante os anos de 2024, 2025 e 2026. A elei\u00e7\u00e3o aconteceu no audit\u00f3rio do Pa\u00e7o Municipal. O Conselho est\u00e1 ligado \u00e0 Unidade de Gest\u00e3o de Assist\u00eancia e Desenvolvimento Social (UGADS). [&hellip;]<\/p>\n","protected":false},"author":90,"featured_media":339549,"comment_status":"closed","ping_status":"0","sticky":false,"template":"","format":"standard","meta":{"footnotes":""},"categories":[2],"tags":[988,374,2687],"ods":[],"class_list":["post-339547","post","type-post","status-publish","format-standard","has-post-thumbnail","hentry","category-noticias","tag-assessoria-de-politicas-para-o-idoso","tag-conselho-da-pessoa-idosa","tag-unidade-de-gestao-de-desenvolvimento-e-assistencia-social-ugads"],"_links":{"self":[{"href":"https:\/\/jundiai.sp.gov.br\/noticias\/wp-json\/wp\/v2\/posts\/339547","targetHints":{"allow":["GET"]}}],"collection":[{"href":"https:\/\/jundiai.sp.gov.br\/noticias\/wp-json\/wp\/v2\/posts"}],"about":[{"href":"https:\/\/jundiai.sp.gov.br\/noticias\/wp-json\/wp\/v2\/types\/post"}],"author":[{"embeddable":true,"href":"https:\/\/jundiai.sp.gov.br\/noticias\/wp-json\/wp\/v2\/users\/90"}],"replies":[{"embeddable":true,"href":"https:\/\/jundiai.sp.gov.br\/noticias\/wp-json\/wp\/v2\/comments?post=339547"}],"version-history":[{"count":3,"href":"https:\/\/jundiai.sp.gov.br\/noticias\/wp-json\/wp\/v2\/posts\/339547\/revisions"}],"predecessor-version":[{"id":339610,"href":"https:\/\/jundiai.sp.gov.br\/noticias\/wp-json\/wp\/v2\/posts\/339547\/revisions\/339610"}],"wp:featuredmedia":[{"embeddable":true,"href":"https:\/\/jundiai.sp.gov.br\/noticias\/wp-json\/wp\/v2\/media\/339549"}],"wp:attachment":[{"href":"https:\/\/jundiai.sp.gov.br\/noticias\/wp-json\/wp\/v2\/media?parent=339547"}],"wp:term":[{"taxonomy":"category","embeddable":true,"href":"https:\/\/jundiai.sp.gov.br\/noticias\/wp-json\/wp\/v2\/categories?post=339547"},{"taxonomy":"post_tag","embeddable":true,"href":"https:\/\/jundiai.sp.gov.br\/noticias\/wp-json\/wp\/v2\/tags?post=339547"},{"taxonomy":"ods","embeddable":true,"href":"https:\/\/jundiai.sp.gov.br\/noticias\/wp-json\/wp\/v2\/ods?post=339547"}],"curies":[{"name":"wp","href":"https:\/\/api.w.org\/{rel}","templated":true}]}}