{"id":339611,"date":"2024-03-01T17:24:10","date_gmt":"2024-03-01T20:24:10","guid":{"rendered":"https:\/\/jundiai.sp.gov.br\/noticias\/?p=339611"},"modified":"2024-03-06T08:21:25","modified_gmt":"2024-03-06T11:21:25","slug":"jundiai-lanca-pagina-com-dados-sobre-a-dengue","status":"publish","type":"post","link":"https:\/\/jundiai.sp.gov.br\/noticias\/2024\/03\/01\/jundiai-lanca-pagina-com-dados-sobre-a-dengue\/","title":{"rendered":"Jundia\u00ed lan\u00e7a p\u00e1gina com dados sobre a dengue"},"content":{"rendered":"\n<p>Os casos de dengue em Jundia\u00ed registram aumento de 44%, em uma semana. Novo boletim foi divulgado nesta sexta-feira (1) e est\u00e1 dispon\u00edvel na p\u00e1gina que a Prefeitura lan\u00e7a com informa\u00e7\u00f5es sobre a doen\u00e7a, medidas de preven\u00e7\u00e3o e rede de atendimento, al\u00e9m do Plano Municipal de Vigil\u00e2ncia das Arboviroses 2024-2025.<\/p>\n\n\n\n<p>O Munic\u00edpio acumula 982 casos, sendo 790 aut\u00f3ctones, 114 importados e 78 em investiga\u00e7\u00e3o para determina\u00e7\u00e3o de local de transmiss\u00e3o. 1.083 exames aguardam resultado. Semana passada, eram 682 casos. Os dados s\u00e3o atualizados \u00e0s sextas-feiras. Conhe\u00e7a a p\u00e1gina acessando o link: <a href=\"https:\/\/jundiai.sp.gov.br\/boletimarboviroses\/\">https:\/\/jundiai.sp.gov.br\/boletimarboviroses\/<\/a><\/p>\n\n\n\n<p>O Ivoturucaia segue sendo o bairro com maior n\u00famero de ocorr\u00eancias, com 287. Na sequ\u00eancia aparecem: Vila Ruy Barbosa (52), Vila Nambi (39), Centro (29) e Jardim Tamoio (27). A faixa et\u00e1ria dos 41 aos 59 anos responde pelo maior n\u00famero de casos, seguida pelo grupo de 26 a 40 anos (244) e de 60 anos ou mais (167).<\/p>\n\n\n\n<p>\u201cO cen\u00e1rio \u00e9 preocupante e estamos atuando a partir de um trabalho multiplataforma e, tamb\u00e9m, alinhados com as demais cidades da Regi\u00e3o Metropolitana de Jundia\u00ed (RMJ) para conter a transmiss\u00e3o da doen\u00e7a e garantir assist\u00eancia \u00e0 popula\u00e7\u00e3o. Mas, nenhum trabalho ter\u00e1 efetividade se cada morador n\u00e3o auxiliar, eliminando qualquer recipiente que possa servir de criadouro para o mosquito Aedes Aegypti. Lan\u00e7amos uma nova ferramenta para que a popula\u00e7\u00e3o possa acompanhar, com mais facilidade, a situa\u00e7\u00e3o da cidade e agir nesta guerra contra a dengue\u201d, ressalta o prefeito Luiz Fernando Machado.<\/p>\n\n\n\n<figure class=\"wp-block-image size-large\"><img loading=\"lazy\" decoding=\"async\" width=\"1280\" height=\"854\" src=\"https:\/\/jundiai.sp.gov.br\/noticias\/wp-content\/uploads\/sites\/32\/2024\/03\/site_boletim_epidemiologico_pa-3-1280x854.jpg\" alt=\"\" class=\"wp-image-339618\" srcset=\"https:\/\/jundiai.sp.gov.br\/noticias\/wp-content\/uploads\/sites\/32\/2024\/03\/site_boletim_epidemiologico_pa-3-1280x854.jpg 1280w, https:\/\/jundiai.sp.gov.br\/noticias\/wp-content\/uploads\/sites\/32\/2024\/03\/site_boletim_epidemiologico_pa-3-300x200.jpg 300w, https:\/\/jundiai.sp.gov.br\/noticias\/wp-content\/uploads\/sites\/32\/2024\/03\/site_boletim_epidemiologico_pa-3-768x512.jpg 768w, https:\/\/jundiai.sp.gov.br\/noticias\/wp-content\/uploads\/sites\/32\/2024\/03\/site_boletim_epidemiologico_pa-3-1536x1024.jpg 1536w, https:\/\/jundiai.sp.gov.br\/noticias\/wp-content\/uploads\/sites\/32\/2024\/03\/site_boletim_epidemiologico_pa-3-450x300.jpg 450w, https:\/\/jundiai.sp.gov.br\/noticias\/wp-content\/uploads\/sites\/32\/2024\/03\/site_boletim_epidemiologico_pa-3.jpg 1900w\" sizes=\"auto, (max-width: 1280px) 100vw, 1280px\" \/><figcaption class=\"wp-element-caption\">Popula\u00e7\u00e3o pode acompanhar o cen\u00e1rio da cidade<\/figcaption><\/figure>\n\n\n\n<p>Desde dezembro, com os alertas emitidos pelo Minist\u00e9rio da Sa\u00fade e Governo do Estado, foram ampliadas as a\u00e7\u00f5es de vistoria nos im\u00f3veis, de orienta\u00e7\u00e3o aos moradores, de investiga\u00e7\u00e3o epidemiol\u00f3gica e de busca ativa de casos pelas equipes da Vigil\u00e2ncia em Sa\u00fade Ambiental (VISAM) e da Aten\u00e7\u00e3o B\u00e1sica, em todas as regi\u00f5es.<\/p>\n\n\n\n<p>Tamb\u00e9m est\u00e3o sendo realizados mutir\u00f5es para o recolhimento de inserv\u00edveis e a\u00e7\u00f5es de nebuliza\u00e7\u00e3o veicular em localidades com alta transmiss\u00e3o. A for\u00e7a-tarefa para o combate e enfrentamento da dengue e das outras arboviroses transmitidas pelo mosquito \u2013 zika e chikungunya &#8211; ainda inclui as escolas municipais, a partir do envolvimento da comunidade escolar.<\/p>\n\n\n\n<p>Neste s\u00e1bado (02), as equipes da sa\u00fade estar\u00e3o regi\u00e3o central e na Vila Arens, a partir das 9h, em a\u00e7\u00e3o casa a casa.\u00a0 \u201cEstamos atuando fortemente, inclusive aos finais de semana, para bloquear a transmiss\u00e3o. Se o mosquito n\u00e3o nasce, n\u00e3o temos a doen\u00e7a\u201d, complementa o gestor de Promo\u00e7\u00e3o da Sa\u00fade, Tiago Texera.<\/p>\n\n\n\n<figure class=\"wp-block-image size-large\"><img loading=\"lazy\" decoding=\"async\" width=\"1280\" height=\"854\" src=\"https:\/\/jundiai.sp.gov.br\/noticias\/wp-content\/uploads\/sites\/32\/2024\/03\/acao_conjunta_visam_acs_contra_dengue_pa-5-1280x854.jpg\" alt=\"\" class=\"wp-image-339621\" srcset=\"https:\/\/jundiai.sp.gov.br\/noticias\/wp-content\/uploads\/sites\/32\/2024\/03\/acao_conjunta_visam_acs_contra_dengue_pa-5-1280x854.jpg 1280w, https:\/\/jundiai.sp.gov.br\/noticias\/wp-content\/uploads\/sites\/32\/2024\/03\/acao_conjunta_visam_acs_contra_dengue_pa-5-300x200.jpg 300w, https:\/\/jundiai.sp.gov.br\/noticias\/wp-content\/uploads\/sites\/32\/2024\/03\/acao_conjunta_visam_acs_contra_dengue_pa-5-768x512.jpg 768w, https:\/\/jundiai.sp.gov.br\/noticias\/wp-content\/uploads\/sites\/32\/2024\/03\/acao_conjunta_visam_acs_contra_dengue_pa-5-1536x1024.jpg 1536w, https:\/\/jundiai.sp.gov.br\/noticias\/wp-content\/uploads\/sites\/32\/2024\/03\/acao_conjunta_visam_acs_contra_dengue_pa-5-450x300.jpg 450w, https:\/\/jundiai.sp.gov.br\/noticias\/wp-content\/uploads\/sites\/32\/2024\/03\/acao_conjunta_visam_acs_contra_dengue_pa-5.jpg 1900w\" sizes=\"auto, (max-width: 1280px) 100vw, 1280px\" \/><figcaption class=\"wp-element-caption\">A\u00e7\u00f5es t\u00eam sido feitas em todas as regi\u00f5es da cidade<\/figcaption><\/figure>\n\n\n\n<p><strong>Assessoria de Imprensa<br>Foto: Fot\u00f3grafos PMJ <\/strong><\/p>\n","protected":false},"excerpt":{"rendered":"<p>Os casos de dengue em Jundia\u00ed registram aumento de 44%, em uma semana. Novo boletim foi divulgado nesta sexta-feira (1) e est\u00e1 dispon\u00edvel na p\u00e1gina que a Prefeitura lan\u00e7a com informa\u00e7\u00f5es sobre a doen\u00e7a, medidas de preven\u00e7\u00e3o e rede de atendimento, al\u00e9m do Plano Municipal de Vigil\u00e2ncia das Arboviroses 2024-2025. O Munic\u00edpio acumula 982 casos, [&hellip;]<\/p>\n","protected":false},"author":50,"featured_media":339618,"comment_status":"closed","ping_status":"0","sticky":false,"template":"","format":"standard","meta":{"footnotes":""},"categories":[2],"tags":[1216,4447,24,981,740],"ods":[],"class_list":["post-339611","post","type-post","status-publish","format-standard","has-post-thumbnail","hentry","category-noticias","tag-arboviroses","tag-boletim-de-arboviroses","tag-dengue","tag-promocao-da-saude","tag-vigilancia-em-saude"],"_links":{"self":[{"href":"https:\/\/jundiai.sp.gov.br\/noticias\/wp-json\/wp\/v2\/posts\/339611","targetHints":{"allow":["GET"]}}],"collection":[{"href":"https:\/\/jundiai.sp.gov.br\/noticias\/wp-json\/wp\/v2\/posts"}],"about":[{"href":"https:\/\/jundiai.sp.gov.br\/noticias\/wp-json\/wp\/v2\/types\/post"}],"author":[{"embeddable":true,"href":"https:\/\/jundiai.sp.gov.br\/noticias\/wp-json\/wp\/v2\/users\/50"}],"replies":[{"embeddable":true,"href":"https:\/\/jundiai.sp.gov.br\/noticias\/wp-json\/wp\/v2\/comments?post=339611"}],"version-history":[{"count":8,"href":"https:\/\/jundiai.sp.gov.br\/noticias\/wp-json\/wp\/v2\/posts\/339611\/revisions"}],"predecessor-version":[{"id":339622,"href":"https:\/\/jundiai.sp.gov.br\/noticias\/wp-json\/wp\/v2\/posts\/339611\/revisions\/339622"}],"wp:featuredmedia":[{"embeddable":true,"href":"https:\/\/jundiai.sp.gov.br\/noticias\/wp-json\/wp\/v2\/media\/339618"}],"wp:attachment":[{"href":"https:\/\/jundiai.sp.gov.br\/noticias\/wp-json\/wp\/v2\/media?parent=339611"}],"wp:term":[{"taxonomy":"category","embeddable":true,"href":"https:\/\/jundiai.sp.gov.br\/noticias\/wp-json\/wp\/v2\/categories?post=339611"},{"taxonomy":"post_tag","embeddable":true,"href":"https:\/\/jundiai.sp.gov.br\/noticias\/wp-json\/wp\/v2\/tags?post=339611"},{"taxonomy":"ods","embeddable":true,"href":"https:\/\/jundiai.sp.gov.br\/noticias\/wp-json\/wp\/v2\/ods?post=339611"}],"curies":[{"name":"wp","href":"https:\/\/api.w.org\/{rel}","templated":true}]}}