{"id":339878,"date":"2024-03-06T13:26:22","date_gmt":"2024-03-06T16:26:22","guid":{"rendered":"https:\/\/jundiai.sp.gov.br\/noticias\/?p=339878"},"modified":"2024-03-06T13:26:22","modified_gmt":"2024-03-06T16:26:22","slug":"alem-da-festa-mulher-cidada-tera-prestacao-de-servicos-publicos-as-mulheres","status":"publish","type":"post","link":"https:\/\/jundiai.sp.gov.br\/noticias\/2024\/03\/06\/alem-da-festa-mulher-cidada-tera-prestacao-de-servicos-publicos-as-mulheres\/","title":{"rendered":"Al\u00e9m da festa, \u2018Mulher Cidad\u00e3\u2019 ter\u00e1 presta\u00e7\u00e3o de servi\u00e7os p\u00fablicos \u00e0s mulheres"},"content":{"rendered":"\n<p>A Unidade de Gest\u00e3o da Casa Civil (UGCC), por meio das assessorias do N\u00facleo de Articula\u00e7\u00e3o de Pol\u00edticas P\u00fablicas (NAPP) e com apoio de todas as plataformas, promove neste s\u00e1bado (09), o&nbsp;Circuito Mulher Cidad\u00e3. O evento, que acontece em alus\u00e3o ao Dia Internacional das Mulheres, ser\u00e1 recheado de a\u00e7\u00f5es culturais e art\u00edsticas, al\u00e9m de muita informa\u00e7\u00e3o e presta\u00e7\u00e3o de servi\u00e7os p\u00fablicos \u00e0 comunidade feminina. Ele tem in\u00edcio marcado para as 8h, no Complexo Educacional, Cultural e Esportivo (CECE) Jardim \u00c2ngela, na Vila Aparecida, e ser\u00e1 aberto ao p\u00fablico.<\/p>\n\n\n\n<p>As atividades acontecer\u00e3o em todo o Complexo. O espa\u00e7o ser\u00e1 dividido em ilhas tem\u00e1ticas, representadas pelas Unidades de Gest\u00e3o da Prefeitura. S\u00e3o elas: Direitos Humanos e Sociedade, Vida e Movimento, Oportunidade, Programa\u00e7\u00e3o Cultural e Servi\u00e7os.<\/p>\n\n\n\n<p>\u201cSer\u00e1 uma manh\u00e3 de muita festa e celebra\u00e7\u00e3o pelo Dia das Mulheres, mas tamb\u00e9m uma oportunidade de muitas pessoas acessarem aos servi\u00e7os p\u00fablicos prestados pela Prefeitura. A redu\u00e7\u00e3o das desigualdades \u00e9 uma premissa do governo do Prefeito Luiz Fernando Machado e \u00e9 exatamente isso que iremos promover neste s\u00e1bado\u201d, garante o Gestor da Casa Civil, Dr. Gustavo Maryssael.<\/p>\n\n\n\n<p>Alguns dos servi\u00e7os disponibilizados ser\u00e3o orienta\u00e7\u00f5es sobre pol\u00edticas habitacionais, assist\u00eancia social e seguran\u00e7a; a\u00e7\u00f5es preventivas contra arboviroses, com foco na Dengue, Procon M\u00f3vel; cursos profissionalizantes; posto do PAT; oficinas de jogos e conta\u00e7\u00e3o de hist\u00f3rias; microchipagem de c\u00e3es e gatos e ado\u00e7\u00e3o de animais; al\u00e9m de atividades culturais, exames, e muito mais. A programa\u00e7\u00e3o completa pode ser conferida abaixo. <\/p>\n\n\n\n<figure data-wp-context=\"{&quot;imageId&quot;:&quot;69f56b6bb3040&quot;}\" data-wp-interactive=\"core\/image\" data-wp-key=\"69f56b6bb3040\" class=\"wp-block-image size-full wp-lightbox-container\"><img loading=\"lazy\" decoding=\"async\" width=\"1280\" height=\"905\" data-wp-class--hide=\"state.isContentHidden\" data-wp-class--show=\"state.isContentVisible\" data-wp-init=\"callbacks.setButtonStyles\" data-wp-on--click=\"actions.showLightbox\" data-wp-on--load=\"callbacks.setButtonStyles\" data-wp-on-window--resize=\"callbacks.setButtonStyles\" src=\"https:\/\/jundiai.sp.gov.br\/noticias\/wp-content\/uploads\/sites\/32\/2024\/03\/whatsapp-image-2024-02-28-at-17-57-58-1280x905-1.jpeg\" alt=\"\" class=\"wp-image-339879\" srcset=\"https:\/\/jundiai.sp.gov.br\/noticias\/wp-content\/uploads\/sites\/32\/2024\/03\/whatsapp-image-2024-02-28-at-17-57-58-1280x905-1.jpeg 1280w, https:\/\/jundiai.sp.gov.br\/noticias\/wp-content\/uploads\/sites\/32\/2024\/03\/whatsapp-image-2024-02-28-at-17-57-58-1280x905-1-300x212.jpeg 300w, https:\/\/jundiai.sp.gov.br\/noticias\/wp-content\/uploads\/sites\/32\/2024\/03\/whatsapp-image-2024-02-28-at-17-57-58-1280x905-1-768x543.jpeg 768w\" sizes=\"auto, (max-width: 1280px) 100vw, 1280px\" \/><button\n\t\t\tclass=\"lightbox-trigger\"\n\t\t\ttype=\"button\"\n\t\t\taria-haspopup=\"dialog\"\n\t\t\taria-label=\"Ampliar\"\n\t\t\tdata-wp-init=\"callbacks.initTriggerButton\"\n\t\t\tdata-wp-on--click=\"actions.showLightbox\"\n\t\t\tdata-wp-style--right=\"state.imageButtonRight\"\n\t\t\tdata-wp-style--top=\"state.imageButtonTop\"\n\t\t>\n\t\t\t<svg xmlns=\"http:\/\/www.w3.org\/2000\/svg\" width=\"12\" height=\"12\" fill=\"none\" viewBox=\"0 0 12 12\">\n\t\t\t\t<path fill=\"#fff\" d=\"M2 0a2 2 0 0 0-2 2v2h1.5V2a.5.5 0 0 1 .5-.5h2V0H2Zm2 10.5H2a.5.5 0 0 1-.5-.5V8H0v2a2 2 0 0 0 2 2h2v-1.5ZM8 12v-1.5h2a.5.5 0 0 0 .5-.5V8H12v2a2 2 0 0 1-2 2H8Zm2-12a2 2 0 0 1 2 2v2h-1.5V2a.5.5 0 0 0-.5-.5H8V0h2Z\" \/>\n\t\t\t<\/svg>\n\t\t<\/button><\/figure>\n\n\n\n<p>O evento acontece em parceria com a Grau T\u00e9cnico. Ele faz parte do Mulher Cidad\u00e3, um programa municipal baseado na Lei n\u00b0 10.063, de 22 de novembro de 2023. Ele \u00e9 um desdobramento do projeto-piloto Escola Cidad\u00e3, desenvolvido pela Casa Civil, em parceria com a Diretoria Regional de Ensino e Escolas Estaduais. Na oportunidade, alunos desenvolveram trabalhos espec\u00edficos na tem\u00e1tica da preven\u00e7\u00e3o da viol\u00eancia contra a mulher.<\/p>\n\n\n\n<p><strong>Assessoria de Imprensa<\/strong><\/p>\n","protected":false},"excerpt":{"rendered":"<p>A Unidade de Gest\u00e3o da Casa Civil (UGCC), por meio das assessorias do N\u00facleo de Articula\u00e7\u00e3o de Pol\u00edticas P\u00fablicas (NAPP) e com apoio de todas as plataformas, promove neste s\u00e1bado (09), o&nbsp;Circuito Mulher Cidad\u00e3. O evento, que acontece em alus\u00e3o ao Dia Internacional das Mulheres, ser\u00e1 recheado de a\u00e7\u00f5es culturais e art\u00edsticas, al\u00e9m de muita [&hellip;]<\/p>\n","protected":false},"author":90,"featured_media":339469,"comment_status":"closed","ping_status":"0","sticky":false,"template":"","format":"standard","meta":{"footnotes":""},"categories":[2],"tags":[62,4340],"ods":[4230],"class_list":["post-339878","post","type-post","status-publish","format-standard","has-post-thumbnail","hentry","category-noticias","tag-casa-civil","tag-mulher-cidada","ods-ods-10"],"_links":{"self":[{"href":"https:\/\/jundiai.sp.gov.br\/noticias\/wp-json\/wp\/v2\/posts\/339878","targetHints":{"allow":["GET"]}}],"collection":[{"href":"https:\/\/jundiai.sp.gov.br\/noticias\/wp-json\/wp\/v2\/posts"}],"about":[{"href":"https:\/\/jundiai.sp.gov.br\/noticias\/wp-json\/wp\/v2\/types\/post"}],"author":[{"embeddable":true,"href":"https:\/\/jundiai.sp.gov.br\/noticias\/wp-json\/wp\/v2\/users\/90"}],"replies":[{"embeddable":true,"href":"https:\/\/jundiai.sp.gov.br\/noticias\/wp-json\/wp\/v2\/comments?post=339878"}],"version-history":[{"count":1,"href":"https:\/\/jundiai.sp.gov.br\/noticias\/wp-json\/wp\/v2\/posts\/339878\/revisions"}],"predecessor-version":[{"id":339880,"href":"https:\/\/jundiai.sp.gov.br\/noticias\/wp-json\/wp\/v2\/posts\/339878\/revisions\/339880"}],"wp:featuredmedia":[{"embeddable":true,"href":"https:\/\/jundiai.sp.gov.br\/noticias\/wp-json\/wp\/v2\/media\/339469"}],"wp:attachment":[{"href":"https:\/\/jundiai.sp.gov.br\/noticias\/wp-json\/wp\/v2\/media?parent=339878"}],"wp:term":[{"taxonomy":"category","embeddable":true,"href":"https:\/\/jundiai.sp.gov.br\/noticias\/wp-json\/wp\/v2\/categories?post=339878"},{"taxonomy":"post_tag","embeddable":true,"href":"https:\/\/jundiai.sp.gov.br\/noticias\/wp-json\/wp\/v2\/tags?post=339878"},{"taxonomy":"ods","embeddable":true,"href":"https:\/\/jundiai.sp.gov.br\/noticias\/wp-json\/wp\/v2\/ods?post=339878"}],"curies":[{"name":"wp","href":"https:\/\/api.w.org\/{rel}","templated":true}]}}