{"id":340482,"date":"2024-03-13T16:49:37","date_gmt":"2024-03-13T19:49:37","guid":{"rendered":"https:\/\/jundiai.sp.gov.br\/noticias\/?p=340482"},"modified":"2024-03-13T16:49:37","modified_gmt":"2024-03-13T19:49:37","slug":"taca-das-favelas-2024-e-lancada-e-tem-como-novidade-transmissao-da-final-feminina","status":"publish","type":"post","link":"https:\/\/jundiai.sp.gov.br\/noticias\/2024\/03\/13\/taca-das-favelas-2024-e-lancada-e-tem-como-novidade-transmissao-da-final-feminina\/","title":{"rendered":"Ta\u00e7a das Favelas 2024 \u00e9 lan\u00e7ada e tem como novidade transmiss\u00e3o da final feminina"},"content":{"rendered":"\n<p>A Ta\u00e7a das Favelas Jundia\u00ed 2024, uma realiza\u00e7\u00e3o da Cufa Jundia\u00ed, em parceria com a Prefeitura, e promo\u00e7\u00e3o da Tv Tem, afiliada da Rede Globo, ter\u00e1 sua segunda edi\u00e7\u00e3o na cidade a partir de 11 de maio, com final prevista para 22 de junho. O lan\u00e7amento oficial foi nesta quarta-feira (13), no Pa\u00e7o Municipal, com a presen\u00e7a do prefeito Luiz Fernando Machado, de representantes da Central \u00danica das Favelas (Cufa) de Jundia\u00ed, da TV Tem (afiliada da Rede Globo na regi\u00e3o), vereadores e gestores municipais.<\/p>\n\n\n\n<p>\u00c9 a segunda vez que a cidade recebe a edi\u00e7\u00e3o do maior torneio de futebol com times formados em bairros em situa\u00e7\u00e3o de vulnerabilidade social. A competi\u00e7\u00e3o re\u00fane anualmente mais de 100 mil jovens, entre homens e mulheres, em todo o Brasil.<\/p>\n\n\n\n<figure class=\"wp-block-image size-large\"><img loading=\"lazy\" decoding=\"async\" width=\"1280\" height=\"854\" src=\"https:\/\/jundiai.sp.gov.br\/noticias\/wp-content\/uploads\/sites\/32\/2024\/03\/apresentacao_taca_das_favelas_2024_pa-90-1280x854.jpg\" alt=\"\" class=\"wp-image-340497\" srcset=\"https:\/\/jundiai.sp.gov.br\/noticias\/wp-content\/uploads\/sites\/32\/2024\/03\/apresentacao_taca_das_favelas_2024_pa-90-1280x854.jpg 1280w, https:\/\/jundiai.sp.gov.br\/noticias\/wp-content\/uploads\/sites\/32\/2024\/03\/apresentacao_taca_das_favelas_2024_pa-90-300x200.jpg 300w, https:\/\/jundiai.sp.gov.br\/noticias\/wp-content\/uploads\/sites\/32\/2024\/03\/apresentacao_taca_das_favelas_2024_pa-90-768x512.jpg 768w, https:\/\/jundiai.sp.gov.br\/noticias\/wp-content\/uploads\/sites\/32\/2024\/03\/apresentacao_taca_das_favelas_2024_pa-90-1536x1024.jpg 1536w, https:\/\/jundiai.sp.gov.br\/noticias\/wp-content\/uploads\/sites\/32\/2024\/03\/apresentacao_taca_das_favelas_2024_pa-90-450x300.jpg 450w, https:\/\/jundiai.sp.gov.br\/noticias\/wp-content\/uploads\/sites\/32\/2024\/03\/apresentacao_taca_das_favelas_2024_pa-90.jpg 1900w\" sizes=\"auto, (max-width: 1280px) 100vw, 1280px\" \/><figcaption class=\"wp-element-caption\">Jundia\u00ed ter\u00e1 nova edi\u00e7\u00e3o da Ta\u00e7a das Favelas, com a participa\u00e7\u00e3o de 600 jovens<\/figcaption><\/figure>\n\n\n\n<p>Em Jundia\u00ed, a competi\u00e7\u00e3o do ano passado reuniu 600 jovens, entre meninos e meninas, de 14 a 17 anos.<\/p>\n\n\n\n<p>\u201cFoi uma iniciativa vencedora e desejamos que ela tenha continuidade. Nossa proposta \u00e9 que a cidade possa dar visibilidade a todas as pessoas e a Ta\u00e7a das Favelas tem esse papel\u201d, comentou o prefeito Luiz Fernando Machado. \u201cPara n\u00f3s \u00e9 importante entender tamb\u00e9m o contexto que vai al\u00e9m do jogo, al\u00e9m da bola rolando, enxergar tudo que acontece antes, durante e p\u00f3s-jogo. \u00c9 nossa cidade sendo reconhecida pelo que tem de melhor, que \u00e9 a sua gente\u201d, completou.<\/p>\n\n\n\n<p>\u201cA primeira edi\u00e7\u00e3o foi um sucesso e temos certeza que esta ser\u00e1 ainda melhor, com o acolhimento que sempre tivemos da Prefeitura de Jundia\u00ed e todo o empenho do pessoal da Cufa\u201d, comentou Francine Romagnoli, diretora de programa\u00e7\u00e3o da TV Tem.<\/p>\n\n\n\n<figure class=\"wp-block-image size-large\"><img loading=\"lazy\" decoding=\"async\" width=\"1280\" height=\"854\" src=\"https:\/\/jundiai.sp.gov.br\/noticias\/wp-content\/uploads\/sites\/32\/2024\/03\/taca-2024-lourenco-1280x854.jpg\" alt=\"\" class=\"wp-image-340483\" srcset=\"https:\/\/jundiai.sp.gov.br\/noticias\/wp-content\/uploads\/sites\/32\/2024\/03\/taca-2024-lourenco-1280x854.jpg 1280w, https:\/\/jundiai.sp.gov.br\/noticias\/wp-content\/uploads\/sites\/32\/2024\/03\/taca-2024-lourenco-300x200.jpg 300w, https:\/\/jundiai.sp.gov.br\/noticias\/wp-content\/uploads\/sites\/32\/2024\/03\/taca-2024-lourenco-768x512.jpg 768w, https:\/\/jundiai.sp.gov.br\/noticias\/wp-content\/uploads\/sites\/32\/2024\/03\/taca-2024-lourenco-1536x1024.jpg 1536w, https:\/\/jundiai.sp.gov.br\/noticias\/wp-content\/uploads\/sites\/32\/2024\/03\/taca-2024-lourenco-450x300.jpg 450w, https:\/\/jundiai.sp.gov.br\/noticias\/wp-content\/uploads\/sites\/32\/2024\/03\/taca-2024-lourenco.jpg 1900w\" sizes=\"auto, (max-width: 1280px) 100vw, 1280px\" \/><figcaption class=\"wp-element-caption\">O ex-goleiro Louren\u00e7o, morador na Vila Nambi, ser\u00e1 o embaixador da Ta\u00e7a das Favelas 2024<\/figcaption><\/figure>\n\n\n\n<p>\u201c\u00c9 a demonstra\u00e7\u00e3o que a favela n\u00e3o \u00e9 car\u00eancia, a favela \u00e9 pot\u00eancia\u201d, afirmou Eduardo Ramalho, o Festa, presidente da Cufa Jundia\u00ed.<\/p>\n\n\n\n<p><strong>Novidade<\/strong><\/p>\n\n\n\n<p>Uma das atra\u00e7\u00f5es para este ano, j\u00e1 confirmada pela TV Tem, \u00e9 a transmiss\u00e3o ao vivo da final feminina al\u00e9m da masculina. Outra \u00e9 a escolha do embaixador Sebasti\u00e3o Luiz Louren\u00e7o, ex-goleiro que, entre outras coisas, defendeu um p\u00eanalti cobrado por Pel\u00e9 na d\u00e9cada de 1970, como goleiro do S\u00e3o Bento, em jogo na Vila Belmiro. Louren\u00e7o \u00e9 morador na Vila Nambi, em Jundia\u00ed.<\/p>\n\n\n\n<figure class=\"wp-block-image size-large\"><img loading=\"lazy\" decoding=\"async\" width=\"1280\" height=\"854\" src=\"https:\/\/jundiai.sp.gov.br\/noticias\/wp-content\/uploads\/sites\/32\/2024\/03\/apresentacao_taca_das_favelas_2024_pa-36-1280x854.jpg\" alt=\"\" class=\"wp-image-340495\" srcset=\"https:\/\/jundiai.sp.gov.br\/noticias\/wp-content\/uploads\/sites\/32\/2024\/03\/apresentacao_taca_das_favelas_2024_pa-36-1280x854.jpg 1280w, https:\/\/jundiai.sp.gov.br\/noticias\/wp-content\/uploads\/sites\/32\/2024\/03\/apresentacao_taca_das_favelas_2024_pa-36-300x200.jpg 300w, https:\/\/jundiai.sp.gov.br\/noticias\/wp-content\/uploads\/sites\/32\/2024\/03\/apresentacao_taca_das_favelas_2024_pa-36-768x512.jpg 768w, https:\/\/jundiai.sp.gov.br\/noticias\/wp-content\/uploads\/sites\/32\/2024\/03\/apresentacao_taca_das_favelas_2024_pa-36-1536x1024.jpg 1536w, https:\/\/jundiai.sp.gov.br\/noticias\/wp-content\/uploads\/sites\/32\/2024\/03\/apresentacao_taca_das_favelas_2024_pa-36-450x300.jpg 450w, https:\/\/jundiai.sp.gov.br\/noticias\/wp-content\/uploads\/sites\/32\/2024\/03\/apresentacao_taca_das_favelas_2024_pa-36.jpg 1900w\" sizes=\"auto, (max-width: 1280px) 100vw, 1280px\" \/><figcaption class=\"wp-element-caption\">O lan\u00e7amento oficial da competi\u00e7\u00e3o neste ano foi na manh\u00e3 desta quarta-feira no Pa\u00e7o Municipal<\/figcaption><\/figure>\n\n\n\n<p><strong>Assessoria de Imprensa<br>Fotos: Fot\u00f3grafos PMJ<\/strong><\/p>\n","protected":false},"excerpt":{"rendered":"<p>A Ta\u00e7a das Favelas Jundia\u00ed 2024, uma realiza\u00e7\u00e3o da Cufa Jundia\u00ed, em parceria com a Prefeitura, e promo\u00e7\u00e3o da Tv Tem, afiliada da Rede Globo, ter\u00e1 sua segunda edi\u00e7\u00e3o na cidade a partir de 11 de maio, com final prevista para 22 de junho. O lan\u00e7amento oficial foi nesta quarta-feira (13), no Pa\u00e7o Municipal, com [&hellip;]<\/p>\n","protected":false},"author":105,"featured_media":340497,"comment_status":"closed","ping_status":"0","sticky":false,"template":"","format":"standard","meta":{"footnotes":""},"categories":[2],"tags":[35,99,4077,1045],"ods":[],"class_list":["post-340482","post","type-post","status-publish","format-standard","has-post-thumbnail","hentry","category-noticias","tag-esporte-e-lazer","tag-futebol","tag-taca-das-favelas","tag-time-jundiai"],"_links":{"self":[{"href":"https:\/\/jundiai.sp.gov.br\/noticias\/wp-json\/wp\/v2\/posts\/340482","targetHints":{"allow":["GET"]}}],"collection":[{"href":"https:\/\/jundiai.sp.gov.br\/noticias\/wp-json\/wp\/v2\/posts"}],"about":[{"href":"https:\/\/jundiai.sp.gov.br\/noticias\/wp-json\/wp\/v2\/types\/post"}],"author":[{"embeddable":true,"href":"https:\/\/jundiai.sp.gov.br\/noticias\/wp-json\/wp\/v2\/users\/105"}],"replies":[{"embeddable":true,"href":"https:\/\/jundiai.sp.gov.br\/noticias\/wp-json\/wp\/v2\/comments?post=340482"}],"version-history":[{"count":6,"href":"https:\/\/jundiai.sp.gov.br\/noticias\/wp-json\/wp\/v2\/posts\/340482\/revisions"}],"predecessor-version":[{"id":340507,"href":"https:\/\/jundiai.sp.gov.br\/noticias\/wp-json\/wp\/v2\/posts\/340482\/revisions\/340507"}],"wp:featuredmedia":[{"embeddable":true,"href":"https:\/\/jundiai.sp.gov.br\/noticias\/wp-json\/wp\/v2\/media\/340497"}],"wp:attachment":[{"href":"https:\/\/jundiai.sp.gov.br\/noticias\/wp-json\/wp\/v2\/media?parent=340482"}],"wp:term":[{"taxonomy":"category","embeddable":true,"href":"https:\/\/jundiai.sp.gov.br\/noticias\/wp-json\/wp\/v2\/categories?post=340482"},{"taxonomy":"post_tag","embeddable":true,"href":"https:\/\/jundiai.sp.gov.br\/noticias\/wp-json\/wp\/v2\/tags?post=340482"},{"taxonomy":"ods","embeddable":true,"href":"https:\/\/jundiai.sp.gov.br\/noticias\/wp-json\/wp\/v2\/ods?post=340482"}],"curies":[{"name":"wp","href":"https:\/\/api.w.org\/{rel}","templated":true}]}}