{"id":340511,"date":"2024-03-14T09:33:46","date_gmt":"2024-03-14T12:33:46","guid":{"rendered":"https:\/\/jundiai.sp.gov.br\/noticias\/?p=340511"},"modified":"2024-03-14T10:51:49","modified_gmt":"2024-03-14T13:51:49","slug":"sentindo-na-pele-evento-de-conscientizacao-e-dedicado-ao-dia-internacional-da-pessoa-com-deficiencia","status":"publish","type":"post","link":"https:\/\/jundiai.sp.gov.br\/noticias\/2024\/03\/14\/sentindo-na-pele-evento-de-conscientizacao-e-dedicado-ao-dia-internacional-da-pessoa-com-deficiencia\/","title":{"rendered":"&#8216;Sentindo na Pele&#8217;: evento de conscientiza\u00e7\u00e3o \u00e9 aberto ao p\u00fablico"},"content":{"rendered":"\n<p>A Prefeitura de Jundia\u00ed, por meio da Unidade de Gest\u00e3o de Mobilidade e Transporte (UGMT) e em conjunto com outras unidades de gest\u00e3o da prefeitura promovem s\u00e1bado (16) a terceira edi\u00e7\u00e3o da a\u00e7\u00e3o \u201cSentindo na Pele\u201d, das 9h \u00e0s 12h, na Pra\u00e7a da Matriz, (Pra\u00e7a Governador Pedro de Toledo), no Centro. O evento \u00e9 gratuito, aberto \u00e0 popula\u00e7\u00e3o.<\/p>\n\n\n\n<p>Segundo o gestor da Unidade de Gest\u00e3o de Mobilidade e Tr\u00e2nsito (UGMT), Aloysio Queiroz, o projeto visa conscientizar a sociedade quanto \u00e0s dificuldades que pessoas com defici\u00eancia, mobilidade reduzida, idosos e ciclistas passam diariamente em sua locomo\u00e7\u00e3o. \u201cO intuito \u00e9 fazer com que os motoristas do transporte coletivo e a popula\u00e7\u00e3o em geral vivenciem as dificuldades e necessidades de quem tem alguma condi\u00e7\u00e3o f\u00edsica com restri\u00e7\u00f5es \u00e0 mobilidade. E isso s\u00f3 \u00e9 poss\u00edvel com uma educa\u00e7\u00e3o eficaz para o tr\u00e2nsito, onde as pessoas aprendam a respeitar o espa\u00e7o de outras pessoas\u201d, explica o gestor.<\/p>\n\n\n\n<figure class=\"wp-block-gallery has-nested-images columns-default is-cropped wp-block-gallery-1 is-layout-flex wp-block-gallery-is-layout-flex\">\n<figure class=\"wp-block-image size-large\"><img loading=\"lazy\" decoding=\"async\" width=\"1280\" height=\"854\" data-id=\"340517\" src=\"https:\/\/jundiai.sp.gov.br\/noticias\/wp-content\/uploads\/sites\/32\/2024\/03\/sentindo-na-pele_semana-nacional-do-transito-218-1-1280x854.jpg\" alt=\"\" class=\"wp-image-340517\" srcset=\"https:\/\/jundiai.sp.gov.br\/noticias\/wp-content\/uploads\/sites\/32\/2024\/03\/sentindo-na-pele_semana-nacional-do-transito-218-1-1280x854.jpg 1280w, https:\/\/jundiai.sp.gov.br\/noticias\/wp-content\/uploads\/sites\/32\/2024\/03\/sentindo-na-pele_semana-nacional-do-transito-218-1-300x200.jpg 300w, https:\/\/jundiai.sp.gov.br\/noticias\/wp-content\/uploads\/sites\/32\/2024\/03\/sentindo-na-pele_semana-nacional-do-transito-218-1-768x512.jpg 768w, https:\/\/jundiai.sp.gov.br\/noticias\/wp-content\/uploads\/sites\/32\/2024\/03\/sentindo-na-pele_semana-nacional-do-transito-218-1-1536x1024.jpg 1536w, https:\/\/jundiai.sp.gov.br\/noticias\/wp-content\/uploads\/sites\/32\/2024\/03\/sentindo-na-pele_semana-nacional-do-transito-218-1-450x300.jpg 450w, https:\/\/jundiai.sp.gov.br\/noticias\/wp-content\/uploads\/sites\/32\/2024\/03\/sentindo-na-pele_semana-nacional-do-transito-218-1.jpg 1900w\" sizes=\"auto, (max-width: 1280px) 100vw, 1280px\" \/><figcaption class=\"wp-element-caption\">Os motoristas &#8220;Sentindo na Pele&#8221; as dificuldades&#8230;<\/figcaption><\/figure>\n\n\n\n<figure class=\"wp-block-image size-large\"><img loading=\"lazy\" decoding=\"async\" width=\"1280\" height=\"854\" data-id=\"340518\" src=\"https:\/\/jundiai.sp.gov.br\/noticias\/wp-content\/uploads\/sites\/32\/2024\/03\/sentindo-na-pele_semana-nacional-do-transito-327-1280x854.jpg\" alt=\"\" class=\"wp-image-340518\" srcset=\"https:\/\/jundiai.sp.gov.br\/noticias\/wp-content\/uploads\/sites\/32\/2024\/03\/sentindo-na-pele_semana-nacional-do-transito-327-1280x854.jpg 1280w, https:\/\/jundiai.sp.gov.br\/noticias\/wp-content\/uploads\/sites\/32\/2024\/03\/sentindo-na-pele_semana-nacional-do-transito-327-300x200.jpg 300w, https:\/\/jundiai.sp.gov.br\/noticias\/wp-content\/uploads\/sites\/32\/2024\/03\/sentindo-na-pele_semana-nacional-do-transito-327-768x512.jpg 768w, https:\/\/jundiai.sp.gov.br\/noticias\/wp-content\/uploads\/sites\/32\/2024\/03\/sentindo-na-pele_semana-nacional-do-transito-327-1536x1024.jpg 1536w, https:\/\/jundiai.sp.gov.br\/noticias\/wp-content\/uploads\/sites\/32\/2024\/03\/sentindo-na-pele_semana-nacional-do-transito-327-450x300.jpg 450w, https:\/\/jundiai.sp.gov.br\/noticias\/wp-content\/uploads\/sites\/32\/2024\/03\/sentindo-na-pele_semana-nacional-do-transito-327.jpg 1900w\" sizes=\"auto, (max-width: 1280px) 100vw, 1280px\" \/><figcaption class=\"wp-element-caption\">&#8230;encontradas por quem tem a mobilidade reduzida<\/figcaption><\/figure>\n<\/figure>\n\n\n\n<p>Dentre as atividades previstas, a popula\u00e7\u00e3o poder\u00e1 \u201cvivenciar situa\u00e7\u00f5es reais&#8221; como um simulador (de locomo\u00e7\u00e3o de Idosos); simula\u00e7\u00e3o de deficiente visual (com uso de m\u00e1scaras); simula\u00e7\u00e3o com defici\u00eancia f\u00edsica (cadeiras de rodas\/andadores\/bengalas e muletas).<\/p>\n\n\n<div class=\"wp-block-image\">\n<figure class=\"aligncenter size-large\"><img loading=\"lazy\" decoding=\"async\" width=\"1280\" height=\"854\" src=\"https:\/\/jundiai.sp.gov.br\/noticias\/wp-content\/uploads\/sites\/32\/2024\/03\/ugmt-sentindo-na-pele_fm_-55-1-1280x854.jpg\" alt=\"\" class=\"wp-image-340520\" srcset=\"https:\/\/jundiai.sp.gov.br\/noticias\/wp-content\/uploads\/sites\/32\/2024\/03\/ugmt-sentindo-na-pele_fm_-55-1-1280x854.jpg 1280w, https:\/\/jundiai.sp.gov.br\/noticias\/wp-content\/uploads\/sites\/32\/2024\/03\/ugmt-sentindo-na-pele_fm_-55-1-300x200.jpg 300w, https:\/\/jundiai.sp.gov.br\/noticias\/wp-content\/uploads\/sites\/32\/2024\/03\/ugmt-sentindo-na-pele_fm_-55-1-768x512.jpg 768w, https:\/\/jundiai.sp.gov.br\/noticias\/wp-content\/uploads\/sites\/32\/2024\/03\/ugmt-sentindo-na-pele_fm_-55-1-1536x1024.jpg 1536w, https:\/\/jundiai.sp.gov.br\/noticias\/wp-content\/uploads\/sites\/32\/2024\/03\/ugmt-sentindo-na-pele_fm_-55-1-450x300.jpg 450w, https:\/\/jundiai.sp.gov.br\/noticias\/wp-content\/uploads\/sites\/32\/2024\/03\/ugmt-sentindo-na-pele_fm_-55-1.jpg 1900w\" sizes=\"auto, (max-width: 1280px) 100vw, 1280px\" \/><figcaption class=\"wp-element-caption\">A popula\u00e7\u00e3o simulando uma defici\u00eancia visual<\/figcaption><\/figure>\n<\/div>\n\n\n<p>O evento contar\u00e1 com o apoio do N\u00facleo de Apoio \u00e0 Pessoa com Defici\u00eancia (NAPD), equipamento da Unidade de Gest\u00e3o de Promo\u00e7\u00e3o da Sa\u00fade (UGPS) com foco no atendimento \u00e0s pessoas com defici\u00eancia.&nbsp;<\/p>\n\n\n\n<p>\u201cO intuito da a\u00e7\u00e3o \u00e9 fazer com que pessoas sem restri\u00e7\u00f5es de mobilidade &#8216;sintam na pele&#8217; como \u00e9 dificultoso para um deficiente f\u00edsico ou visual subir e descer de um \u00f4nibus por exemplo. Criamos situa\u00e7\u00f5es reais para que as pessoas vivenciem isso e assim possam ter mais empatia pelo pr\u00f3ximo\u201d, fala o Diretor de Transporte P\u00fablico, Leslie Tealdi.<\/p>\n\n\n\n<p>O agente &#8216;Vaguinho&#8217; \u00e9 presen\u00e7a garantida no Sentindo na Pele. De forma l\u00fadica, interativa e leve vai explicar para a popula\u00e7\u00e3o o objetivo da a\u00e7\u00e3o.<\/p>\n\n\n<div class=\"wp-block-image\">\n<figure class=\"aligncenter size-large\"><img loading=\"lazy\" decoding=\"async\" width=\"1280\" height=\"854\" src=\"https:\/\/jundiai.sp.gov.br\/noticias\/wp-content\/uploads\/sites\/32\/2024\/03\/ugmt-sentindo-na-pele_fm_-79-1280x854.jpg\" alt=\"\" class=\"wp-image-340521\" srcset=\"https:\/\/jundiai.sp.gov.br\/noticias\/wp-content\/uploads\/sites\/32\/2024\/03\/ugmt-sentindo-na-pele_fm_-79-1280x854.jpg 1280w, https:\/\/jundiai.sp.gov.br\/noticias\/wp-content\/uploads\/sites\/32\/2024\/03\/ugmt-sentindo-na-pele_fm_-79-300x200.jpg 300w, https:\/\/jundiai.sp.gov.br\/noticias\/wp-content\/uploads\/sites\/32\/2024\/03\/ugmt-sentindo-na-pele_fm_-79-768x512.jpg 768w, https:\/\/jundiai.sp.gov.br\/noticias\/wp-content\/uploads\/sites\/32\/2024\/03\/ugmt-sentindo-na-pele_fm_-79-1536x1024.jpg 1536w, https:\/\/jundiai.sp.gov.br\/noticias\/wp-content\/uploads\/sites\/32\/2024\/03\/ugmt-sentindo-na-pele_fm_-79-450x300.jpg 450w, https:\/\/jundiai.sp.gov.br\/noticias\/wp-content\/uploads\/sites\/32\/2024\/03\/ugmt-sentindo-na-pele_fm_-79.jpg 1900w\" sizes=\"auto, (max-width: 1280px) 100vw, 1280px\" \/><figcaption class=\"wp-element-caption\">O Agente Vaguinho \u00e9 presen\u00e7a garantida no evento<\/figcaption><\/figure>\n<\/div>\n\n\n<p><strong>Outras a\u00e7\u00f5es<\/strong><\/p>\n\n\n\n<p>Quem for prestigiar o evento vai poder cuidar da sa\u00fade por tamb\u00e9m. A Unidade de Gest\u00e3o de Promo\u00e7\u00e3o da Sa\u00fade (UGPS) vai oferecer diversos servi\u00e7os \u00e0 popula\u00e7\u00e3o. Confer\u00eancia do esquema vacinal; oferta de vacinas; orienta\u00e7\u00e3o a doen\u00e7as imunopreven\u00edveis e aferi\u00e7\u00e3o de press\u00e3o arterial.<\/p>\n\n\n<div class=\"wp-block-image\">\n<figure class=\"aligncenter size-large\"><img loading=\"lazy\" decoding=\"async\" width=\"1280\" height=\"854\" src=\"https:\/\/jundiai.sp.gov.br\/noticias\/wp-content\/uploads\/sites\/32\/2024\/03\/ugmt-sentindo-na-pele_fm_-117-1280x854.jpg\" alt=\"\" class=\"wp-image-340522\" srcset=\"https:\/\/jundiai.sp.gov.br\/noticias\/wp-content\/uploads\/sites\/32\/2024\/03\/ugmt-sentindo-na-pele_fm_-117-1280x854.jpg 1280w, https:\/\/jundiai.sp.gov.br\/noticias\/wp-content\/uploads\/sites\/32\/2024\/03\/ugmt-sentindo-na-pele_fm_-117-300x200.jpg 300w, https:\/\/jundiai.sp.gov.br\/noticias\/wp-content\/uploads\/sites\/32\/2024\/03\/ugmt-sentindo-na-pele_fm_-117-768x512.jpg 768w, https:\/\/jundiai.sp.gov.br\/noticias\/wp-content\/uploads\/sites\/32\/2024\/03\/ugmt-sentindo-na-pele_fm_-117-1536x1024.jpg 1536w, https:\/\/jundiai.sp.gov.br\/noticias\/wp-content\/uploads\/sites\/32\/2024\/03\/ugmt-sentindo-na-pele_fm_-117-450x300.jpg 450w, https:\/\/jundiai.sp.gov.br\/noticias\/wp-content\/uploads\/sites\/32\/2024\/03\/ugmt-sentindo-na-pele_fm_-117.jpg 1900w\" sizes=\"auto, (max-width: 1280px) 100vw, 1280px\" \/><figcaption class=\"wp-element-caption\">A popula\u00e7\u00e3o poder\u00e1 aproveitar para ver como anda a sua sa\u00fade<\/figcaption><\/figure>\n<\/div>\n\n\n<p>A Guarda Municipal tamb\u00e9m estar\u00e1 presente com o Canil. O evento acontece das 9h \u00e0s 12h, na pra\u00e7a Governador Pedro de Toledo, pra\u00e7a da Matriz. <\/p>\n\n\n\n<p><strong>Assessoria de Imprensa<\/strong><strong><br>Foto: Arquivo PMJ<\/strong><\/p>\n","protected":false},"excerpt":{"rendered":"<p>A Prefeitura de Jundia\u00ed, por meio da Unidade de Gest\u00e3o de Mobilidade e Transporte (UGMT) e em conjunto com outras unidades de gest\u00e3o da prefeitura promovem s\u00e1bado (16) a terceira edi\u00e7\u00e3o da a\u00e7\u00e3o \u201cSentindo na Pele\u201d, das 9h \u00e0s 12h, na Pra\u00e7a da Matriz, (Pra\u00e7a Governador Pedro de Toledo), no Centro. O evento \u00e9 gratuito, [&hellip;]<\/p>\n","protected":false},"author":113,"featured_media":340528,"comment_status":"closed","ping_status":"0","sticky":false,"template":"","format":"standard","meta":{"footnotes":""},"categories":[2],"tags":[982],"ods":[],"class_list":["post-340511","post","type-post","status-publish","format-standard","has-post-thumbnail","hentry","category-noticias","tag-mobilidade-e-transporte"],"_links":{"self":[{"href":"https:\/\/jundiai.sp.gov.br\/noticias\/wp-json\/wp\/v2\/posts\/340511","targetHints":{"allow":["GET"]}}],"collection":[{"href":"https:\/\/jundiai.sp.gov.br\/noticias\/wp-json\/wp\/v2\/posts"}],"about":[{"href":"https:\/\/jundiai.sp.gov.br\/noticias\/wp-json\/wp\/v2\/types\/post"}],"author":[{"embeddable":true,"href":"https:\/\/jundiai.sp.gov.br\/noticias\/wp-json\/wp\/v2\/users\/113"}],"replies":[{"embeddable":true,"href":"https:\/\/jundiai.sp.gov.br\/noticias\/wp-json\/wp\/v2\/comments?post=340511"}],"version-history":[{"count":7,"href":"https:\/\/jundiai.sp.gov.br\/noticias\/wp-json\/wp\/v2\/posts\/340511\/revisions"}],"predecessor-version":[{"id":340543,"href":"https:\/\/jundiai.sp.gov.br\/noticias\/wp-json\/wp\/v2\/posts\/340511\/revisions\/340543"}],"wp:featuredmedia":[{"embeddable":true,"href":"https:\/\/jundiai.sp.gov.br\/noticias\/wp-json\/wp\/v2\/media\/340528"}],"wp:attachment":[{"href":"https:\/\/jundiai.sp.gov.br\/noticias\/wp-json\/wp\/v2\/media?parent=340511"}],"wp:term":[{"taxonomy":"category","embeddable":true,"href":"https:\/\/jundiai.sp.gov.br\/noticias\/wp-json\/wp\/v2\/categories?post=340511"},{"taxonomy":"post_tag","embeddable":true,"href":"https:\/\/jundiai.sp.gov.br\/noticias\/wp-json\/wp\/v2\/tags?post=340511"},{"taxonomy":"ods","embeddable":true,"href":"https:\/\/jundiai.sp.gov.br\/noticias\/wp-json\/wp\/v2\/ods?post=340511"}],"curies":[{"name":"wp","href":"https:\/\/api.w.org\/{rel}","templated":true}]}}