{"id":340785,"date":"2024-03-16T18:11:06","date_gmt":"2024-03-16T21:11:06","guid":{"rendered":"https:\/\/jundiai.sp.gov.br\/noticias\/?p=340785"},"modified":"2024-03-16T18:14:32","modified_gmt":"2024-03-16T21:14:32","slug":"tvtec-jundiai-abre-ao-publico-estudios-para-gravacao-de-conteudos","status":"publish","type":"post","link":"https:\/\/jundiai.sp.gov.br\/noticias\/2024\/03\/16\/tvtec-jundiai-abre-ao-publico-estudios-para-gravacao-de-conteudos\/","title":{"rendered":"TVTEC Jundia\u00ed abre ao p\u00fablico est\u00fadios para grava\u00e7\u00e3o de conte\u00fados"},"content":{"rendered":"\n<p>A Prefeitura de Jundia\u00ed, em parceria com a Funda\u00e7\u00e3o Escola TVTEC Jundia\u00ed, anunciou, neste s\u00e1bado (16), a abertura do Uva Hub Est\u00fadios, um espa\u00e7o dedicado \u00e0 produ\u00e7\u00e3o de programas, v\u00eddeos, \u00e1udios e conte\u00fados, sem edi\u00e7\u00e3o, para serem compartilhados nas redes sociais. O an\u00fancio contou com a participa\u00e7\u00e3o da secret\u00e1ria da Cultura, Economia e Ind\u00fastria Criativas do Estado de S\u00e3o Paulo, Marilia Marton, do prefeito Luiz Fernando Machado e do gestor de Governo e Finan\u00e7as, Jos\u00e9 Antonio Parimoschi. O evento tamb\u00e9m marcou a 9\u00aa edi\u00e7\u00e3o do Galp\u00e3o Criativo.<\/p>\n\n\n\n<p>&#8220;Daqui para frente, n\u00f3s vamos ouvir falar cada vez mais sobre ind\u00fastrias criativas. Por isso, estar aqui em Jundia\u00ed \u00e9 um grande sonho, especialmente se pud\u00e9ssemos replicar mais equipamentos como a TVTEC em todo o Estado&#8221;, disse a secret\u00e1ria.<\/p>\n\n\n<div class=\"wp-block-image\">\n<figure class=\"aligncenter size-large\"><img loading=\"lazy\" decoding=\"async\" width=\"1280\" height=\"854\" src=\"https:\/\/jundiai.sp.gov.br\/noticias\/wp-content\/uploads\/sites\/32\/2024\/03\/secretaria_economia-criativa_governo-do-estado_visita-tvtec-80-1280x854.jpg\" alt=\"\" class=\"wp-image-340796\" srcset=\"https:\/\/jundiai.sp.gov.br\/noticias\/wp-content\/uploads\/sites\/32\/2024\/03\/secretaria_economia-criativa_governo-do-estado_visita-tvtec-80-1280x854.jpg 1280w, https:\/\/jundiai.sp.gov.br\/noticias\/wp-content\/uploads\/sites\/32\/2024\/03\/secretaria_economia-criativa_governo-do-estado_visita-tvtec-80-300x200.jpg 300w, https:\/\/jundiai.sp.gov.br\/noticias\/wp-content\/uploads\/sites\/32\/2024\/03\/secretaria_economia-criativa_governo-do-estado_visita-tvtec-80-768x512.jpg 768w, https:\/\/jundiai.sp.gov.br\/noticias\/wp-content\/uploads\/sites\/32\/2024\/03\/secretaria_economia-criativa_governo-do-estado_visita-tvtec-80-1536x1024.jpg 1536w, https:\/\/jundiai.sp.gov.br\/noticias\/wp-content\/uploads\/sites\/32\/2024\/03\/secretaria_economia-criativa_governo-do-estado_visita-tvtec-80-450x300.jpg 450w, https:\/\/jundiai.sp.gov.br\/noticias\/wp-content\/uploads\/sites\/32\/2024\/03\/secretaria_economia-criativa_governo-do-estado_visita-tvtec-80.jpg 1900w\" sizes=\"auto, (max-width: 1280px) 100vw, 1280px\" \/><figcaption class=\"wp-element-caption\">An\u00fancio foi feito, neste s\u00e1bado (16), pela superintendente da Funda\u00e7\u00e3o Escola TVTEC Jundia\u00ed, M\u00f4nica Gropelo<\/figcaption><\/figure>\n<\/div>\n\n\n<p>O Uva Hub Est\u00fadios ser\u00e1 oferecido gratuitamente para a popula\u00e7\u00e3o mediante agendamento, que estar\u00e1 dispon\u00edvel a partir de abril. O servi\u00e7o \u00e9 composto por tr\u00eas salas: um est\u00fadio de podcast, um est\u00fadio para grava\u00e7\u00e3o de v\u00eddeos e uma sala criativa. Todas as salas s\u00e3o equipadas com mesas, cadeiras, microfones e ilumina\u00e7\u00e3o adequada, al\u00e9m de contar com a presen\u00e7a de um t\u00e9cnico especializado para operar os equipamentos.<\/p>\n\n\n\n<p>O evento tamb\u00e9m contou com a Feira de Ado\u00e7\u00e3o do Departamento de Bem-estar Animal de Jundia\u00ed (DEBEA), apresenta\u00e7\u00f5es culturais e a oferta de diversos cursos. Empreendedores do Galp\u00e3o Criativo tamb\u00e9m puderam expor seus produtos.<\/p>\n\n\n\n<p>&#8220;A TVTEC \u00e9 um espa\u00e7o de transforma\u00e7\u00e3o das pessoas. Ver de perto um volume t\u00e3o grande de cursos, oficinas e gera\u00e7\u00e3o de renda por meio do Galp\u00e3o Criativo evidencia o sucesso que \u00e9 a TVTEC e que pode servir como base para um projeto em todo o Estado&#8221;, refor\u00e7ou o prefeito Luiz Fernando Machado.<\/p>\n\n\n\n<p>O Uva Hub Est\u00fadios tem como objetivo principal fomentar o desenvolvimento profissional na cria\u00e7\u00e3o de conte\u00fados informativos e educativos em diversas \u00e1reas. Destina-se a empresas, criadores de conte\u00fado e profissionais interessados em produzir materiais para as m\u00eddias digitais.<\/p>\n\n\n\n<p>&#8220;Encantar, desenvolver e praticar s\u00e3o os nossos principais valores e que queremos levar para cada vez mais pessoas. \u00c9 um an\u00fancio hist\u00f3rico e que refor\u00e7a o nosso compromisso da ocupa\u00e7\u00e3o dos espa\u00e7os p\u00fablicos e da promo\u00e7\u00e3o do conhecimento e da gera\u00e7\u00e3o de renda&#8221;, lembrou a superintendente da Funda\u00e7\u00e3o Escola TVTEC Jundia\u00ed, M\u00f4nica Gropelo. Em sete anos, 28.900 vagas em cursos foram geradas na institui\u00e7\u00e3o municipal.<\/p>\n\n\n\n<p>O Uva Hub Est\u00fadios est\u00e1 localizado na sede da TVTEC Jundia\u00ed, no Complexo Educacional Argos, na Av. Dr. Cavalcanti, 396 &#8211; Vila Arens. Para mais informa\u00e7\u00f5es e para realizar agendamentos, os interessados devem entrar em contato com a TVTEC Jundia\u00ed atrav\u00e9s dos canais oficiais de comunica\u00e7\u00e3o.<\/p>\n\n\n<div class=\"wp-block-image\">\n<figure class=\"aligncenter size-large is-resized\"><img loading=\"lazy\" decoding=\"async\" width=\"1280\" height=\"854\" src=\"https:\/\/jundiai.sp.gov.br\/noticias\/wp-content\/uploads\/sites\/32\/2024\/03\/secretaria_economia-criativa_governo-do-estado_visita-tvtec-58-1280x854.jpg\" alt=\"\" class=\"wp-image-340791\" style=\"width:840px;height:auto\" srcset=\"https:\/\/jundiai.sp.gov.br\/noticias\/wp-content\/uploads\/sites\/32\/2024\/03\/secretaria_economia-criativa_governo-do-estado_visita-tvtec-58-1280x854.jpg 1280w, https:\/\/jundiai.sp.gov.br\/noticias\/wp-content\/uploads\/sites\/32\/2024\/03\/secretaria_economia-criativa_governo-do-estado_visita-tvtec-58-300x200.jpg 300w, https:\/\/jundiai.sp.gov.br\/noticias\/wp-content\/uploads\/sites\/32\/2024\/03\/secretaria_economia-criativa_governo-do-estado_visita-tvtec-58-768x512.jpg 768w, https:\/\/jundiai.sp.gov.br\/noticias\/wp-content\/uploads\/sites\/32\/2024\/03\/secretaria_economia-criativa_governo-do-estado_visita-tvtec-58-1536x1024.jpg 1536w, https:\/\/jundiai.sp.gov.br\/noticias\/wp-content\/uploads\/sites\/32\/2024\/03\/secretaria_economia-criativa_governo-do-estado_visita-tvtec-58-450x300.jpg 450w, https:\/\/jundiai.sp.gov.br\/noticias\/wp-content\/uploads\/sites\/32\/2024\/03\/secretaria_economia-criativa_governo-do-estado_visita-tvtec-58.jpg 1900w\" sizes=\"auto, (max-width: 1280px) 100vw, 1280px\" \/><figcaption class=\"wp-element-caption\">Prefeito Luiz Fernando, gestor de Governo e Finan\u00e7as, Jos\u00e9 Antonio Parimoschi, e secret\u00e1ria da Cultura, Economia e Ind\u00fastria Criativas do Estado de S\u00e3o Paulo, Marilia Marton visitam expositores do Galp\u00e3o Criativo<\/figcaption><\/figure>\n<\/div>\n\n\n<p><strong>Assessoria de Imprensa<br>Fotos: Fot\u00f3grafos PMJ<\/strong><\/p>\n","protected":false},"excerpt":{"rendered":"<p>A Prefeitura de Jundia\u00ed, em parceria com a Funda\u00e7\u00e3o Escola TVTEC Jundia\u00ed, anunciou, neste s\u00e1bado (16), a abertura do Uva Hub Est\u00fadios, um espa\u00e7o dedicado \u00e0 produ\u00e7\u00e3o de programas, v\u00eddeos, \u00e1udios e conte\u00fados, sem edi\u00e7\u00e3o, para serem compartilhados nas redes sociais. O an\u00fancio contou com a participa\u00e7\u00e3o da secret\u00e1ria da Cultura, Economia e Ind\u00fastria Criativas [&hellip;]<\/p>\n","protected":false},"author":100,"featured_media":340796,"comment_status":"closed","ping_status":"0","sticky":false,"template":"","format":"standard","meta":{"footnotes":""},"categories":[2],"tags":[3718,58,1526,1035,1546],"ods":[4221,4230],"class_list":["post-340785","post","type-post","status-publish","format-standard","has-post-thumbnail","hentry","category-noticias","tag-galpao-criativo","tag-prefeito","tag-prefeito-luiz-fernando","tag-tvtec","tag-tvtec-jundiai","ods-ods-01","ods-ods-10"],"_links":{"self":[{"href":"https:\/\/jundiai.sp.gov.br\/noticias\/wp-json\/wp\/v2\/posts\/340785","targetHints":{"allow":["GET"]}}],"collection":[{"href":"https:\/\/jundiai.sp.gov.br\/noticias\/wp-json\/wp\/v2\/posts"}],"about":[{"href":"https:\/\/jundiai.sp.gov.br\/noticias\/wp-json\/wp\/v2\/types\/post"}],"author":[{"embeddable":true,"href":"https:\/\/jundiai.sp.gov.br\/noticias\/wp-json\/wp\/v2\/users\/100"}],"replies":[{"embeddable":true,"href":"https:\/\/jundiai.sp.gov.br\/noticias\/wp-json\/wp\/v2\/comments?post=340785"}],"version-history":[{"count":10,"href":"https:\/\/jundiai.sp.gov.br\/noticias\/wp-json\/wp\/v2\/posts\/340785\/revisions"}],"predecessor-version":[{"id":340812,"href":"https:\/\/jundiai.sp.gov.br\/noticias\/wp-json\/wp\/v2\/posts\/340785\/revisions\/340812"}],"wp:featuredmedia":[{"embeddable":true,"href":"https:\/\/jundiai.sp.gov.br\/noticias\/wp-json\/wp\/v2\/media\/340796"}],"wp:attachment":[{"href":"https:\/\/jundiai.sp.gov.br\/noticias\/wp-json\/wp\/v2\/media?parent=340785"}],"wp:term":[{"taxonomy":"category","embeddable":true,"href":"https:\/\/jundiai.sp.gov.br\/noticias\/wp-json\/wp\/v2\/categories?post=340785"},{"taxonomy":"post_tag","embeddable":true,"href":"https:\/\/jundiai.sp.gov.br\/noticias\/wp-json\/wp\/v2\/tags?post=340785"},{"taxonomy":"ods","embeddable":true,"href":"https:\/\/jundiai.sp.gov.br\/noticias\/wp-json\/wp\/v2\/ods?post=340785"}],"curies":[{"name":"wp","href":"https:\/\/api.w.org\/{rel}","templated":true}]}}